{"id":22371,"date":"2020-02-27T07:00:00","date_gmt":"2020-02-27T06:00:00","guid":{"rendered":"https:\/\/www.opinionpublica.tv\/portada\/2020\/02\/27\/el-papa-esta-enfermo-cancela-agenda-en-roma\/"},"modified":"2020-02-27T07:00:00","modified_gmt":"2020-02-27T06:00:00","slug":"el-papa-esta-enfermo-cancela-agenda-en-roma","status":"publish","type":"post","link":"https:\/\/www.opinionpublica.tv\/portada\/el-papa-esta-enfermo-cancela-agenda-en-roma\/","title":{"rendered":"El Papa est\u00e1 enfermo; cancela agenda en Roma"},"content":{"rendered":"<p><img fetchpriority=\"high\" decoding=\"async\" class=\" size-full wp-image-22370\" src=\"https:\/\/www.opinionpublica.tv\/portada\/wp-content\/uploads\/2020\/02\/9f080f84c09df0ee33828738f12647b2.jpg\" alt=\"\" class=\"caption\" title=\"El Papa Francisco fue reportado como enfermo en este inicio de Cuaresma.\" width=\"827\" height=\"508\" srcset=\"https:\/\/www.opinionpublica.tv\/portada\/wp-content\/uploads\/2020\/02\/9f080f84c09df0ee33828738f12647b2.jpg 827w, https:\/\/www.opinionpublica.tv\/portada\/wp-content\/uploads\/2020\/02\/9f080f84c09df0ee33828738f12647b2-300x184.jpg 300w, https:\/\/www.opinionpublica.tv\/portada\/wp-content\/uploads\/2020\/02\/9f080f84c09df0ee33828738f12647b2-768x472.jpg 768w\" sizes=\"(max-width: 827px) 100vw, 827px\" \/><br \/>\n<!--more--><\/p>\n<p style=\"text-align: justify;\"><em>Ciudad del Vaticano<\/em>.- El Papa\u00a0Francisco est\u00e1 enfermo y no asisti\u00f3 a una misa\u00a0prevista el jueves con religiosos de Roma, seg\u00fan las autoridades vaticanas. No se dieron detalles sobre la naturaleza de su enfermedad, pero durante la misa del Mi\u00e9rcoles de Ceniza se vio al papa toser y sonarse la nariz.<\/p>\n<p style=\"text-align: justify;\">El pont\u00edfice de 83 a\u00f1os tiene\u00a0una \u00ableve indisposici\u00f3n\u00bb\u00a0y seguir\u00e1 con el resto de su agenda para el jueves, inform\u00f3 el Vaticano. Sin embargo, Francisco \u00abprefiri\u00f3 quedarse cerca de Santa Marta\u00bb, el hotel vaticano donde vive.<\/p>\n<p style=\"text-align: justify;\">Italia sufre un brote de\u00a0coronavirus que ha afectado a m\u00e1s de 400 personas, casi todas en el norte. En Roma se detectaron tres casos, ya curados.<\/p>\n<p style=\"text-align: justify;\">Francisco\u00a0ten\u00eda previsto acudir a la Bas\u00edlica de San Juan de Letr\u00e1n, en el otro extremo de la ciudad, para reunirse con religiosos romanos y celebrar una misa de penitencia para iniciar la Cuaresma. Francisco es obispo de Roma, pero delega las labores cotidianas de la arquidi\u00f3cesis en un vicario.<\/p>\n<p style=\"text-align: justify;\">El Papa, de origen argentino,\u00a0ha tenido buena salud en general. Cuando era joven perdi\u00f3 un pulm\u00f3n por una enfermedad respiratoria y sufre ci\u00e1tica, lo que le hace dif\u00edcil caminar.<\/p>\n<p style=\"text-align: justify;\">\u00daltimamente ha tenido unos d\u00edas atareados, que incluyeron su audiencia p\u00fablica general de los mi\u00e9rcoles y m\u00e1s tarde los ritos del Mi\u00e9rcoles de Ceniza en una bas\u00edlica romana.<\/p>\n<p style=\"text-align: justify;\">Durante la audiencia, Francisco se acerc\u00f3 para estrechar la mano de los fieles en primera fila, dio un beso a un beb\u00e9 durante su paseo con el papam\u00f3vil por la Plaza de San Pedro y al final salud\u00f3 a varios obispos visitantes. Sin embargo, los prelados parecieron evitar besarle el anillo o abrazarle, como har\u00edan normalmente.<\/p>\n","protected":false},"excerpt":{"rendered":"","protected":false},"author":6,"featured_media":22370,"comment_status":"open","ping_status":"open","sticky":false,"template":"","format":"standard","meta":{"_acf_changed":false,"_monsterinsights_skip_tracking":false,"slim_seo":{"title":"El Papa est\u00e1 enfermo; cancela agenda en Roma - Opini\u00f3n P\u00fablica","description":"Ciudad del Vaticano .- El Papa\u00a0Francisco est\u00e1 enfermo y no asisti\u00f3 a una misa\u00a0prevista el jueves con religiosos de Roma, seg\u00fan las autoridades vaticanas. No se"},"footnotes":""},"categories":[11],"tags":[],"class_list":["post-22371","post","type-post","status-publish","format-standard","has-post-thumbnail","hentry","category-tendencias"],"acf":[],"_links":{"self":[{"href":"https:\/\/www.opinionpublica.tv\/portada\/wp-json\/wp\/v2\/posts\/22371","targetHints":{"allow":["GET"]}}],"collection":[{"href":"https:\/\/www.opinionpublica.tv\/portada\/wp-json\/wp\/v2\/posts"}],"about":[{"href":"https:\/\/www.opinionpublica.tv\/portada\/wp-json\/wp\/v2\/types\/post"}],"author":[{"embeddable":true,"href":"https:\/\/www.opinionpublica.tv\/portada\/wp-json\/wp\/v2\/users\/6"}],"replies":[{"embeddable":true,"href":"https:\/\/www.opinionpublica.tv\/portada\/wp-json\/wp\/v2\/comments?post=22371"}],"version-history":[{"count":0,"href":"https:\/\/www.opinionpublica.tv\/portada\/wp-json\/wp\/v2\/posts\/22371\/revisions"}],"wp:featuredmedia":[{"embeddable":true,"href":"https:\/\/www.opinionpublica.tv\/portada\/wp-json\/wp\/v2\/media\/22370"}],"wp:attachment":[{"href":"https:\/\/www.opinionpublica.tv\/portada\/wp-json\/wp\/v2\/media?parent=22371"}],"wp:term":[{"taxonomy":"category","embeddable":true,"href":"https:\/\/www.opinionpublica.tv\/portada\/wp-json\/wp\/v2\/categories?post=22371"},{"taxonomy":"post_tag","embeddable":true,"href":"https:\/\/www.opinionpublica.tv\/portada\/wp-json\/wp\/v2\/tags?post=22371"}],"curies":[{"name":"wp","href":"https:\/\/api.w.org\/{rel}","templated":true}]}}