{"id":22369,"date":"2020-02-27T07:00:00","date_gmt":"2020-02-27T06:00:00","guid":{"rendered":"https:\/\/www.opinionpublica.tv\/portada\/2020\/02\/27\/ratifica-tepjf-a-alfonso-ramirez-cuellar-como-el-presidente-nacional-de-morena\/"},"modified":"2020-02-27T07:00:00","modified_gmt":"2020-02-27T06:00:00","slug":"ratifica-tepjf-a-alfonso-ramirez-cuellar-como-el-presidente-nacional-de-morena","status":"publish","type":"post","link":"https:\/\/www.opinionpublica.tv\/portada\/ratifica-tepjf-a-alfonso-ramirez-cuellar-como-el-presidente-nacional-de-morena\/","title":{"rendered":"Ratifica TEPJF a Alfonso Ram\u00edrez Cu\u00e9llar como el presidente nacional de Morena"},"content":{"rendered":"<p><img fetchpriority=\"high\" decoding=\"async\" class=\" size-full wp-image-22368\" src=\"https:\/\/www.opinionpublica.tv\/portada\/wp-content\/uploads\/2020\/02\/b02139a437adebf1978874fed0472611.jpg\" alt=\"\" class=\"caption\" title=\"Alfonso Ram\u00edrez Cu\u00e9llar, presidente nacional de Morena.\" width=\"699\" height=\"431\" srcset=\"https:\/\/www.opinionpublica.tv\/portada\/wp-content\/uploads\/2020\/02\/b02139a437adebf1978874fed0472611.jpg 699w, https:\/\/www.opinionpublica.tv\/portada\/wp-content\/uploads\/2020\/02\/b02139a437adebf1978874fed0472611-300x185.jpg 300w\" sizes=\"(max-width: 699px) 100vw, 699px\" \/><br \/>\n<!--more--><\/p>\n<p style=\"text-align: justify;\"><em>Ciudad de M\u00e9xico<\/em>.- Alfonso Ram\u00edrez Cu\u00e9llar\u00a0es el presidente legal de Morena, est\u00e1 obligado a realizar una encuesta para elegir a los nuevos liderazgos y contar\u00e1 con prerrogativas mensuales por 137.8 millones de pesos pues, adem\u00e1s de validar su elecci\u00f3n, el Tribunal Electoral del Poder Judicial de la Federaci\u00f3n (TEPJF) revoc\u00f3 la decisi\u00f3n de su antecesora,\u00a0Yeidckol Polevnsky, de devolver 75 por ciento del financiamiento p\u00fablico.<\/p>\n<p style=\"text-align: justify;\">En su resoluci\u00f3n, los\u00a0magistrados\u00a0aclararon que su intenci\u00f3n al avalar su nombramiento por cuatro meses es contribuir a resolver la crisis que vive el instituto pol\u00edtico.<\/p>\n<p style=\"text-align: justify;\">Polevnsky\u00a0dijo que permanecer\u00e1 como secretaria general y acatar\u00e1 el fallo aunque no lo comparte:\u00a0\u201cEs inaceptable que se hayan avalado todas las ilegalidades del\u00a0Congreso Nacional\u201d.<\/p>\n<p style=\"text-align: justify;\">Ram\u00edrez Cu\u00e9llar\u00a0aclar\u00f3 que su compromiso es consolidar al partido\u00a0\u201ccomo el gran motor de la transformaci\u00f3n de M\u00e9xico\u201d.<\/p>\n<p style=\"text-align: justify;\">La sentencia aprobada por seis de siete magistrados pone fin a un conflicto que inici\u00f3 el 30 de octubre.<\/p>\n<p style=\"text-align: justify;\">El aval a\u00a0Ram\u00edrez Cu\u00e9llar\u00a0como dirigente fue posible porque, de acuerdo con el proyecto de sentencia de\u00a0Indalfer Infante, la convocatoria al\u00a0VI Congreso Nacional\u00a0fue considerada v\u00e1lida, porque para lanzarla,\u00a0Bertha Luj\u00e1n, tom\u00f3 como base un razonamiento jur\u00eddico de la Comisi\u00f3n de\u00a0Honestidad y Justicia, seg\u00fan el cual, los\u00a0Estatutos de Morena\u00a0contemplan la posibilidad de que las dos terceras partes de los congresos locales convoquen al \u00f3rgano.<\/p>\n<p style=\"text-align: justify;\">Como lo adelant\u00f3\u00a0El Heraldo de M\u00e9xico, el\u00a0TEPJF\u00a0orden\u00f3 a\u00a0Morena\u00a0realizar una encuesta para elegir una dirigencia por tres a\u00f1os, un proceso que\u00a0Ram\u00edrez Cu\u00e9llar\u00a0tendr\u00e1 que conducir.<\/p>\n<p style=\"text-align: justify;\">El organismo consider\u00f3 que Morena incurri\u00f3 en desacato al no reponer la elecci\u00f3n dentro de los 90 d\u00edas que dio la Sala Superior para hacerlo.<\/p>\n<p style=\"text-align: justify;\">\u201cNo adoptar la determinaci\u00f3n del m\u00e9todo de elecci\u00f3n por encuesta como una medida para dar cumplimiento de la sentencia, vulnerar\u00eda la seguridad jur\u00eddica, el derecho de asociaci\u00f3n y de la militancia a que el partido se renueve peri\u00f3dicamente y funcione adecuadamente\u201d, puntualiz\u00f3 el Tribunal.<\/p>\n","protected":false},"excerpt":{"rendered":"","protected":false},"author":6,"featured_media":22368,"comment_status":"open","ping_status":"open","sticky":false,"template":"","format":"standard","meta":{"_acf_changed":false,"_monsterinsights_skip_tracking":false,"slim_seo":{"title":"Ratifica TEPJF a Alfonso Ram\u00edrez Cu\u00e9llar como el presidente nacional de Morena - Opini\u00f3n P\u00fablica","description":"Ciudad de M\u00e9xico .- Alfonso Ram\u00edrez Cu\u00e9llar\u00a0es el presidente legal de Morena, est\u00e1 obligado a realizar una encuesta para elegir a los nuevos liderazgos y contar"},"footnotes":""},"categories":[3],"tags":[],"class_list":["post-22369","post","type-post","status-publish","format-standard","has-post-thumbnail","hentry","category-principal"],"acf":[],"_links":{"self":[{"href":"https:\/\/www.opinionpublica.tv\/portada\/wp-json\/wp\/v2\/posts\/22369","targetHints":{"allow":["GET"]}}],"collection":[{"href":"https:\/\/www.opinionpublica.tv\/portada\/wp-json\/wp\/v2\/posts"}],"about":[{"href":"https:\/\/www.opinionpublica.tv\/portada\/wp-json\/wp\/v2\/types\/post"}],"author":[{"embeddable":true,"href":"https:\/\/www.opinionpublica.tv\/portada\/wp-json\/wp\/v2\/users\/6"}],"replies":[{"embeddable":true,"href":"https:\/\/www.opinionpublica.tv\/portada\/wp-json\/wp\/v2\/comments?post=22369"}],"version-history":[{"count":0,"href":"https:\/\/www.opinionpublica.tv\/portada\/wp-json\/wp\/v2\/posts\/22369\/revisions"}],"wp:featuredmedia":[{"embeddable":true,"href":"https:\/\/www.opinionpublica.tv\/portada\/wp-json\/wp\/v2\/media\/22368"}],"wp:attachment":[{"href":"https:\/\/www.opinionpublica.tv\/portada\/wp-json\/wp\/v2\/media?parent=22369"}],"wp:term":[{"taxonomy":"category","embeddable":true,"href":"https:\/\/www.opinionpublica.tv\/portada\/wp-json\/wp\/v2\/categories?post=22369"},{"taxonomy":"post_tag","embeddable":true,"href":"https:\/\/www.opinionpublica.tv\/portada\/wp-json\/wp\/v2\/tags?post=22369"}],"curies":[{"name":"wp","href":"https:\/\/api.w.org\/{rel}","templated":true}]}}