{"id":22367,"date":"2020-02-27T07:00:00","date_gmt":"2020-02-27T06:00:00","guid":{"rendered":"https:\/\/www.opinionpublica.tv\/portada\/2020\/02\/27\/refuerzos\/"},"modified":"2020-02-27T07:00:00","modified_gmt":"2020-02-27T06:00:00","slug":"refuerzos","status":"publish","type":"post","link":"https:\/\/www.opinionpublica.tv\/portada\/refuerzos\/","title":{"rendered":"Refuerzos"},"content":{"rendered":"<img fetchpriority=\"high\" decoding=\"async\" class=\" size-full wp-image-22366\" src=\"https:\/\/www.opinionpublica.tv\/portada\/wp-content\/uploads\/2020\/02\/7f9f1b99149b66abc7b5a2731faa302f.jpg\" alt=\"\" class=\"caption\" title=\"Ra\u00fal Ruiz G\u00f3mez.\" width=\"245\" height=\"262\" \/>\n<p style=\"text-align: justify;\">El tema de la mina de Samalayuca cobra un color turbio que no se esperaba. Comenz\u00f3 con el rechazo empujado por un peque\u00f1o grupo de activistas locales.<\/p>\n<p><!--more--><\/p>\n<p style=\"text-align: justify;\">Luego pas\u00f3 al involucramiento de diputados que en b\u00fasqueda de notoriedad, dieron su apoyo moral para detener la posibilidad de cierre al proyecto minero de los ejidatarios de \u00abOjo de la Casa\u00bb.<\/p>\n<p style=\"text-align: justify;\">El golpeteo sigui\u00f3 con la compra de medios, como \u00abEl Diario\u00bb, que se encarg\u00f3 de infundir terror entre sus lectores, con informaci\u00f3n parcial y anacr\u00f3nica, sobre la \u00abinevitable cat\u00e1strofe\u00bb, que podr\u00eda resultar, si se permitiera la reapertura de la mina La Gloria.<\/p>\n<p style=\"text-align: justify;\">Y enseguida, foros de \u00abexpertos\u00bb investigadores que documentan su argumento con sofismas acad\u00e9micos fat\u00eddicos, casi apocal\u00edpticos, que luego comparten con Plan Estrat\u00e9gico de Ju\u00e1rez, y ahora su m\u00e1s reciente contrafuerte&#8230; La presencia de \u00abMexicanos Contra la Corrupci\u00f3n y la Impunidad\u00bb, venidos desde Tenochtitl\u00e1n, para hacerse cargo de la defensa del pueblo que seg\u00fan ellos se encuentra en peligro inminente.<\/p>\n<p style=\"text-align: justify;\">Ya en una entrega anterior sobre este tema, puse en evidencia, c\u00f3mo es que los proyectiles destructores del proyecto minero, proven\u00edan desde el interior de la empresa, Cementos de Chihuahua.<\/p>\n<p style=\"text-align: justify;\">Ahora la mancuerna diab\u00f3lica, entre Plan Estrat\u00e9gico\/MCCI, le da el color m\u00e1s turbio a la candente situaci\u00f3n donde los intereses pol\u00edticos y econ\u00f3micos, privan sobre el inter\u00e9s social y de desarrollo, de un pueblo que lo \u00fanico que pide son oportunidades de crecimiento.<\/p>\n<p style=\"text-align: justify;\">Antes de desmenuzar la presencia de esta organizaci\u00f3n tra\u00edda desde CDMX, hay que decir, que por el momento, la empresa Cobre de Samalayuca, ha cubierto todos los requisitos que exige SEMARNAT, y otras instituciones de gobierno, para la reapertura de la mina. Y que los permisos para iniciar los trabajos de producci\u00f3n pr\u00e1cticamente est\u00e1n dados. As\u00ed que la lucha que viene, va a ser contra el gobierno federal para tumbar estas autorizaciones.<\/p>\n<p style=\"text-align: justify;\">As\u00ed que no es gratuito que sean los de MCCI los que acuden como refuerzo.<\/p>\n<p style=\"text-align: justify;\">Veamos.<\/p>\n<p style=\"text-align: justify;\">\u00abMexicanos Contra la Corrupci\u00f3n y la Impunidad\u00a0(MCCI) es una\u00a0organizaci\u00f3n no gubernamental\u00a0de M\u00e9xico dedicada a realizar investigaciones period\u00edsticas, acad\u00e9micas, litigios estrat\u00e9gicos, an\u00e1lisis y comunicaci\u00f3n contra la\u00a0corrupci\u00f3n\u00a0y la\u00a0impunidad\u00a0en su pa\u00eds.\u00bb est\u00e1 informaci\u00f3n aparece en su p\u00e1gina de internet.<\/p>\n<p style=\"text-align: justify;\">Manifiestan ser una asociaci\u00f3n civil sin fines de lucro, comprometida con la consolidaci\u00f3n del Estado de Derecho en M\u00e9xico a trav\u00e9s una agenda integral dedicada a prevenir, denunciar, sancionar y erradicar la corrupci\u00f3n e impunidad sist\u00e9micas que prevalecen en los sistemas p\u00fablico y privado de nuestro pa\u00eds.<\/p>\n<p style=\"text-align: justify;\">Y consideran como misi\u00f3n: \u00abContribuir de manera decisiva desde la ciudadan\u00eda a combatir la corrupci\u00f3n\u00bb. (Sic)<\/p>\n<p style=\"text-align: justify;\">Y la pretensi\u00f3n de: \u00abPosicionarnos como un referente nacional en el tema, respaldados por una agenda de investigaci\u00f3n de vanguardia, incidencia a trav\u00e9s de recomendaciones relevantes y factibles y la habilidad de articular esfuerzos y colaborar con los actores m\u00e1s relevantes del sector p\u00fablico, del sector privado y de la sociedad civil.\u00bb<\/p>\n<p style=\"text-align: justify;\">Su agenda est\u00e1 dedicada a prevenir, denunciar, sancionar y erradicar la corrupci\u00f3n e impunidad sist\u00e9micas que prevalecen en los sistemas p\u00fablico y privado de nuestro pa\u00eds.<\/p>\n<p style=\"text-align: justify;\">Lo que usted no sabe es que el presidente de este organismo es el ac\u00e9rrimo enemigo del presidente Andr\u00e9s Manuel L\u00f3pez Obrador. Se trata del empresario que lidera el Golpe Blando contra el gobierno de la 4T, CLAUDIO X. GONZ\u00c1LEZ GUAJARDO, cofundador de \u00abMexicanos Primero\u00bb. Y ahora Cofundador y presidente de \u00abMexicanos Contra la Corrupci\u00f3n y la Impunidad, A.C.\u00bb<\/p>\n<p style=\"text-align: justify;\">Es el n\u00e9mesis por antonomasia del presidente de M\u00e9xico.<\/p>\n<p style=\"text-align: justify;\">Y ahora, con la destreza de la ara\u00f1a que teje el glutinoso camino hacia sus dominios para devorar a sus presas, env\u00eda un par de alguaciles para asustar con el petate del muerto a los ingenuos juarenses que les encanta ir a ver las pel\u00edculas de terror, y les siguen el juego en sus historias de espanto.<\/p>\n<p style=\"text-align: justify;\">La circunstancia no les deja m\u00e1s que un camino. El Amparo. Mismo que al parecer interpusieron un d\u00eda antes de su rueda de prensa. El \u00fanico recurso que podr\u00eda dar credibilidad a su dicho. Sin embargo, de antemano se saben perdidos.<\/p>\n<p style=\"text-align: justify;\">A los alguaciles les pregunt\u00e9: \u00bfUna vez que el juez federal emita su sentencia, si \u00e9sta no les diera la raz\u00f3n, aceptar\u00edan su derrota?<\/p>\n<p style=\"text-align: justify;\">La respuesta fue: \u00abNo, interpondr\u00edamos recurso de revisi\u00f3n ante el Tribunal Colegiado; y si nos fuera adversa la sentencia acudir\u00edamos ante la Suprema Corte de justicia de la naci\u00f3n. Y si ah\u00ed tampoco nos fuera favorable la decisi\u00f3n, ir\u00edamos ante la Corte Interamericana. Agotar\u00edamos todas las instancias\u00bb.<\/p>\n<p style=\"text-align: justify;\">\u00c9ste es s\u00f3lo el inicio de una guerra desde la frontera contra el gobierno de Andr\u00e9s Manuel, con el pretexto de venir a salvar a los pobladores de Samalayuca.<\/p>\n<p style=\"text-align: justify;\">En una siguiente entrega, desmenuzar\u00e9 la estrategia de Claudio X. Gonz\u00e1lez, para reblandecer el gobierno de L\u00f3pez Obrador, con este tipo de organismos que supuestamente buscan la dignificaci\u00f3n de los mexicanos y tergiversan el sentido de la corrupci\u00f3n y la impunidad siempre a favor de sus intereses.<\/p>\n","protected":false},"excerpt":{"rendered":"<p>El tema de la mina de Samalayuca cobra un color turbio que no se esperaba. Comenz\u00f3 con el rechazo empujado por un peque\u00f1o grupo de activistas locales.<\/p>\n","protected":false},"author":6,"featured_media":22366,"comment_status":"open","ping_status":"open","sticky":false,"template":"","format":"standard","meta":{"_acf_changed":false,"_monsterinsights_skip_tracking":false,"slim_seo":{"title":"Refuerzos - Opini\u00f3n P\u00fablica","description":"El tema de la mina de Samalayuca cobra un color turbio que no se esperaba. Comenz\u00f3 con el rechazo empujado por un peque\u00f1o grupo de activistas locales. Luego pas"},"footnotes":""},"categories":[21],"tags":[],"class_list":["post-22367","post","type-post","status-publish","format-standard","has-post-thumbnail","hentry","category-cartapacio"],"acf":[],"_links":{"self":[{"href":"https:\/\/www.opinionpublica.tv\/portada\/wp-json\/wp\/v2\/posts\/22367","targetHints":{"allow":["GET"]}}],"collection":[{"href":"https:\/\/www.opinionpublica.tv\/portada\/wp-json\/wp\/v2\/posts"}],"about":[{"href":"https:\/\/www.opinionpublica.tv\/portada\/wp-json\/wp\/v2\/types\/post"}],"author":[{"embeddable":true,"href":"https:\/\/www.opinionpublica.tv\/portada\/wp-json\/wp\/v2\/users\/6"}],"replies":[{"embeddable":true,"href":"https:\/\/www.opinionpublica.tv\/portada\/wp-json\/wp\/v2\/comments?post=22367"}],"version-history":[{"count":0,"href":"https:\/\/www.opinionpublica.tv\/portada\/wp-json\/wp\/v2\/posts\/22367\/revisions"}],"wp:featuredmedia":[{"embeddable":true,"href":"https:\/\/www.opinionpublica.tv\/portada\/wp-json\/wp\/v2\/media\/22366"}],"wp:attachment":[{"href":"https:\/\/www.opinionpublica.tv\/portada\/wp-json\/wp\/v2\/media?parent=22367"}],"wp:term":[{"taxonomy":"category","embeddable":true,"href":"https:\/\/www.opinionpublica.tv\/portada\/wp-json\/wp\/v2\/categories?post=22367"},{"taxonomy":"post_tag","embeddable":true,"href":"https:\/\/www.opinionpublica.tv\/portada\/wp-json\/wp\/v2\/tags?post=22367"}],"curies":[{"name":"wp","href":"https:\/\/api.w.org\/{rel}","templated":true}]}}