{"id":22365,"date":"2020-02-27T07:00:00","date_gmt":"2020-02-27T06:00:00","guid":{"rendered":"https:\/\/www.opinionpublica.tv\/portada\/2020\/02\/27\/efemerides-27-de-febrero-3\/"},"modified":"2020-02-27T07:00:00","modified_gmt":"2020-02-27T06:00:00","slug":"efemerides-27-de-febrero-3","status":"publish","type":"post","link":"https:\/\/www.opinionpublica.tv\/portada\/efemerides-27-de-febrero-3\/","title":{"rendered":"Efem\u00e9rides 27 de febrero"},"content":{"rendered":"<img fetchpriority=\"high\" decoding=\"async\" class=\" size-full wp-image-22364\" src=\"https:\/\/www.opinionpublica.tv\/portada\/wp-content\/uploads\/2020\/02\/84ba3d43f2d9c97ae0b2dbce27901e0d.jpg\" alt=\"\" class=\"caption\" title=\"Adolfo Hitler asciende al poder de Alemania en 1933.\" width=\"991\" height=\"558\" srcset=\"https:\/\/www.opinionpublica.tv\/portada\/wp-content\/uploads\/2020\/02\/84ba3d43f2d9c97ae0b2dbce27901e0d.jpg 991w, https:\/\/www.opinionpublica.tv\/portada\/wp-content\/uploads\/2020\/02\/84ba3d43f2d9c97ae0b2dbce27901e0d-300x169.jpg 300w, https:\/\/www.opinionpublica.tv\/portada\/wp-content\/uploads\/2020\/02\/84ba3d43f2d9c97ae0b2dbce27901e0d-768x432.jpg 768w\" sizes=\"(max-width: 991px) 100vw, 991px\" \/>\n<p style=\"text-align: justify;\">Un d\u00eda 27 de febrero como hoy, pero de 1933 el incendio del edificio del Parlamento alem\u00e1n precipita el ascenso al poder de Adolf Hitler.<\/p>\n<p><!--more--><\/p>\n<p style=\"text-align: justify;\"><strong>Otras efem\u00e9rides<\/strong><\/p>\n<p style=\"text-align: justify;\">1767.- Pragm\u00e1tica sanci\u00f3n de Carlos III por la que se expulsa a los jesuitas de todos los dominios de la Monarqu\u00eda espa\u00f1ola.<\/p>\n<p style=\"text-align: justify;\">1807.- El marino Alejandro Malaspina comunica al virrey de Buenos Aires que ha explorado la Tierra del Fuego y de la costa patag\u00f3nica.<\/p>\n<p style=\"text-align: justify;\">1812.- El general Manuel Belgrano escoge los colores azul y blanco para la bandera argentina.<\/p>\n<p style=\"text-align: justify;\">1844.- La Rep\u00fablica Dominicana alcanza la independencia definitiva, tras 22 a\u00f1os de dominaci\u00f3n haitiana.<\/p>\n<p style=\"text-align: justify;\">1863.- Nace Joaqu\u00edn Sorolla, pintor espa\u00f1ol.<\/p>\n<p style=\"text-align: justify;\">1900.- El Partido Laborista brit\u00e1nico nace en la Conferencia de los Sindicatos Socialistas celebrada en Londres.<\/p>\n<p style=\"text-align: justify;\">1902.- Nace John Steinbeck, escritor estadounidense.<\/p>\n<p style=\"text-align: justify;\">1904.- Los rusos concluyen el tendido de una v\u00eda f\u00e9rrea sobre el hielo del lago Baikal.<\/p>\n<p style=\"text-align: justify;\">1905.- M\u00e1ximo Gorki es liberado bajo fianza y exiliado en Riga.<\/p>\n<p style=\"text-align: justify;\">1910.- Nace Joan Bennett, actriz estadounidense.<\/p>\n<p style=\"text-align: justify;\">1912.- Se inaugura en Sud\u00e1n el ferrocarril Jartum-El Obeid, de 375 kil\u00f3metros.<\/p>\n<p style=\"text-align: justify;\">1912.- Nace Lawrence Durrell, novelista brit\u00e1nico.<\/p>\n<p style=\"text-align: justify;\">1918.- Le\u00f3n Trotsky crea el Ej\u00e9rcito Rojo sovi\u00e9tico.<\/p>\n<p style=\"text-align: justify;\">1920.- Se estrena \u00abEl gabinete del doctor Caligari\u00bb, de Robert Wiene, muestra cinematogr\u00e1fica del expresionismo alem\u00e1n.<\/p>\n<p style=\"text-align: justify;\">1930.- Nace Joanne Woodward, actriz estadounidense de cine.<\/p>\n<p style=\"text-align: justify;\">1932.- Nace Elizabeth Taylor, actriz de cine brit\u00e1nica.<\/p>\n<p style=\"text-align: justify;\">1935.- Nace Mirella Freni, cantante de \u00f3pera italiana.<\/p>\n<p style=\"text-align: justify;\">1941.- Nace Paddy Ashdown, pol\u00edtico brit\u00e1nico.<\/p>\n<p style=\"text-align: justify;\">1962.- El Partido del Congreso gana las elecciones generales de la India.<\/p>\n<p style=\"text-align: justify;\">1963.- Muere Rajendra Prasad, primer presidente de la India.<\/p>\n<p style=\"text-align: justify;\">1965.- La aviaci\u00f3n y artiller\u00eda estadounidenses inician la escalada en la guerra contra Vietnam del Norte, con la aprobaci\u00f3n del presidente Lyndon Johnson.<\/p>\n<p style=\"text-align: justify;\">1971.- Se declara el estado de sitio en todo el territorio de Colombia, a causa de graves disturbios en Cali.<\/p>\n<p style=\"text-align: justify;\">1974.- Sublevaci\u00f3n militar en Etiop\u00eda contra el Gobierno.<\/p>\n<p style=\"text-align: justify;\">1980.- Miembros del grupo guerrillero colombiano M-19 toman por asalto la embajada dominicana en Bogot\u00e1 y secuestran a diplom\u00e1ticos de varios pa\u00edses durante dos meses.<\/p>\n<p style=\"text-align: justify;\">1984.- El Gobierno de Mauritania reconoce a la Rep\u00fablica \u00c1rabe Saharaui Democr\u00e1tica (RASD).<\/p>\n<p style=\"text-align: justify;\">1989.- Decenas de muertos y centenares de heridos en una revuelta popular en Caracas, contra el alza del precio de la gasolina y de los transportes.<\/p>\n<p style=\"text-align: justify;\">1989.- Muere Konrad Lorenz, zo\u00f3logo austr\u00edaco, Premio Nobel 1973.<\/p>\n<p style=\"text-align: justify;\">1999.- El nigeriano Olusegun Obasanjo vence en unas elecciones presidenciales que ponen fin a 15 a\u00f1os de gobiernos militares.<\/p>\n<p style=\"text-align: justify;\">2001.- Muere Arturo Uslar Pietri, escritor venezolano.<\/p>\n<p style=\"text-align: justify;\">2003.- El Tribunal Penal Internacional condena a once a\u00f1os de c\u00e1rcel a la ex presidenta serbobosnia Biljana Plavsic.<\/p>\n<p style=\"text-align: justify;\">2004.- El fundador de la secta &#8216;La Verdad Suprema&#8217;, Shoko Asahara, es condenado a muerte.<\/p>\n<p style=\"text-align: justify;\">2006.- El Tribunal Internacional de Justicia inicia el primer proceso por genocidio contra el Estado de Serbia y Montenegro.<\/p>\n<p style=\"text-align: justify;\">2006.- Estados Unidos y Colombia firman el Tratado de Libre Comercio (TLC).<\/p>\n<p style=\"text-align: justify;\">2008.- Muere William Buckley, escritor estadounidense.<\/p>\n<p style=\"text-align: justify;\">2009.- El ej\u00e9rcito colombiano captura uno de los miembros hist\u00f3ricos de las FARC, Bernardo Mosquera Machado, \u00abEl negro Antonio\u00bb.<\/p>\n<p style=\"text-align: justify;\">2010.- Un terremoto de 8.8 grados de magnitud causa m\u00e1s de quinientos muertos en el centro de Chile.<\/p>\n<p style=\"text-align: justify;\">2011.- Muere Necmettin Erbakan, exprimer ministro turco.<\/p>\n<p style=\"text-align: justify;\">2012.- Abdo Rabu Mansur Hadi asume el cargo de nuevo presidente de Yemen.<\/p>\n<p style=\"text-align: justify;\">2013.- Muere St\u00e9phane Hessel, fil\u00f3sofo y activista franco alem\u00e1n.<\/p>\n<p style=\"text-align: justify;\">2014.- Un grupo armado prorruso toma las sedes de Parlamento y el Gobierno de Crimea.<\/p>\n<p style=\"text-align: justify;\">2014.- Muere Huber Matos, comandante hist\u00f3rico de la revoluci\u00f3n cubana.<\/p>\n","protected":false},"excerpt":{"rendered":"<p>Un d\u00eda 27 de febrero como hoy, pero de 1933 el incendio del edificio del Parlamento alem\u00e1n precipita el ascenso al poder de Adolf Hitler.<\/p>\n","protected":false},"author":6,"featured_media":22364,"comment_status":"open","ping_status":"open","sticky":false,"template":"","format":"standard","meta":{"_acf_changed":false,"_monsterinsights_skip_tracking":false,"slim_seo":{"title":"Efem\u00e9rides 27 de febrero - Opini\u00f3n P\u00fablica","description":"Un d\u00eda 27 de febrero como hoy, pero de 1933 el incendio del edificio del Parlamento alem\u00e1n precipita el ascenso al poder de Adolf Hitler. Otras efem\u00e9rides 1767."},"footnotes":""},"categories":[27],"tags":[],"class_list":["post-22365","post","type-post","status-publish","format-standard","has-post-thumbnail","hentry","category-un-dia-como-hoy"],"acf":[],"_links":{"self":[{"href":"https:\/\/www.opinionpublica.tv\/portada\/wp-json\/wp\/v2\/posts\/22365","targetHints":{"allow":["GET"]}}],"collection":[{"href":"https:\/\/www.opinionpublica.tv\/portada\/wp-json\/wp\/v2\/posts"}],"about":[{"href":"https:\/\/www.opinionpublica.tv\/portada\/wp-json\/wp\/v2\/types\/post"}],"author":[{"embeddable":true,"href":"https:\/\/www.opinionpublica.tv\/portada\/wp-json\/wp\/v2\/users\/6"}],"replies":[{"embeddable":true,"href":"https:\/\/www.opinionpublica.tv\/portada\/wp-json\/wp\/v2\/comments?post=22365"}],"version-history":[{"count":0,"href":"https:\/\/www.opinionpublica.tv\/portada\/wp-json\/wp\/v2\/posts\/22365\/revisions"}],"wp:featuredmedia":[{"embeddable":true,"href":"https:\/\/www.opinionpublica.tv\/portada\/wp-json\/wp\/v2\/media\/22364"}],"wp:attachment":[{"href":"https:\/\/www.opinionpublica.tv\/portada\/wp-json\/wp\/v2\/media?parent=22365"}],"wp:term":[{"taxonomy":"category","embeddable":true,"href":"https:\/\/www.opinionpublica.tv\/portada\/wp-json\/wp\/v2\/categories?post=22365"},{"taxonomy":"post_tag","embeddable":true,"href":"https:\/\/www.opinionpublica.tv\/portada\/wp-json\/wp\/v2\/tags?post=22365"}],"curies":[{"name":"wp","href":"https:\/\/api.w.org\/{rel}","templated":true}]}}