{"id":22285,"date":"2020-02-17T07:00:00","date_gmt":"2020-02-17T06:00:00","guid":{"rendered":"https:\/\/www.opinionpublica.tv\/portada\/2020\/02\/17\/efemerides-17-de-febrero-3\/"},"modified":"2020-02-17T07:00:00","modified_gmt":"2020-02-17T06:00:00","slug":"efemerides-17-de-febrero-3","status":"publish","type":"post","link":"https:\/\/www.opinionpublica.tv\/portada\/efemerides-17-de-febrero-3\/","title":{"rendered":"Efem\u00e9rides 17 de febrero"},"content":{"rendered":"<img fetchpriority=\"high\" decoding=\"async\" class=\" size-full wp-image-22284\" src=\"https:\/\/www.opinionpublica.tv\/portada\/wp-content\/uploads\/2020\/02\/3df9f832459c3a1197d0fcf1556d8229.jpg\" alt=\"\" class=\"caption\" title=\"Bernal D\u00edaz del Castillo vivi\u00f3 la conquista y escribi\u00f3 la \"Historia de la Nueva Espa\u00f1a\".\" width=\"352\" height=\"524\" srcset=\"https:\/\/www.opinionpublica.tv\/portada\/wp-content\/uploads\/2020\/02\/3df9f832459c3a1197d0fcf1556d8229.jpg 352w, https:\/\/www.opinionpublica.tv\/portada\/wp-content\/uploads\/2020\/02\/3df9f832459c3a1197d0fcf1556d8229-202x300.jpg 202w\" sizes=\"(max-width: 352px) 100vw, 352px\" \/>\n<p style=\"text-align: justify;\">Un d\u00eda 17 de febrero como hoy, pero de 1580, Bernal D\u00edaz del Castillo termina su \u00abHistoria de la Nueva Espa\u00f1a\u00bb.<\/p>\n<p><!--more--><\/p>\n<p style=\"text-align: justify;\"><strong>Otras efem\u00e9rides<\/strong><\/p>\n<p style=\"text-align: justify;\">1673.- Muere Jean-Baptiste Poquelin, \u00abMoli\u00e9re\u00bb, escritor franc\u00e9s.<\/p>\n<p style=\"text-align: justify;\">1745.- Nace Alejandro Volta, f\u00edsico italiano, inventor de la pila el\u00e9ctrica que lleva su nombre.<\/p>\n<p style=\"text-align: justify;\">1772.- Convenio secreto entre Rusia y Prusia para repartirse Polonia.<\/p>\n<p style=\"text-align: justify;\">1810.- Decreto de Napole\u00f3n Bonaparte en el que declara a Roma segunda capital del Imperio.<\/p>\n<p style=\"text-align: justify;\">1821.- Nace Mar\u00eda Dolores Eliza Rosanna Gilbert, \u00abLola Montes\u00bb, bailarina y aventurera irlandesa.<\/p>\n<p style=\"text-align: justify;\">1824.- El Congreso de Per\u00fa nombra a Bol\u00edvar dictador y suspende la Constituci\u00f3n.<\/p>\n<p style=\"text-align: justify;\">1836.- Nace Gustavo Adolfo B\u00e9cquer, poeta rom\u00e1ntico espa\u00f1ol.<\/p>\n<p style=\"text-align: justify;\">1850.- Nace Wenceslao Ram\u00edrez de Villa-Urrutia, diplom\u00e1tico y escritor espa\u00f1ol nacido en La Habana.<\/p>\n<p style=\"text-align: justify;\">1856.- Muere Heinrich Heine, poeta rom\u00e1ntico alem\u00e1n.<\/p>\n<p style=\"text-align: justify;\">1876.- Nace Eduardo Zamacois, escritor cubano.<\/p>\n<p style=\"text-align: justify;\">1894.- Estreno en San Petersburgo de \u00abEl lago de los cisnes\u00bb, ballet de Tchaikowski.<\/p>\n<p style=\"text-align: justify;\">1894.- Muere Francisco Asenjo Barbieri, compositor espa\u00f1ol.<\/p>\n<p style=\"text-align: justify;\">1896.- Guerra de Cuba: derrota de los insurrectos en San Antonio de las Vegas.<\/p>\n<p style=\"text-align: justify;\">1902.- Declaraci\u00f3n del estado de guerra en Barcelona, a ra\u00edz de la huelga general.<\/p>\n<p style=\"text-align: justify;\">1913.- Thomas Alva Edison presenta en un teatro neoyorquino la primera prueba p\u00fablica del cine sonoro, consistente en un fon\u00f3grafo situado detr\u00e1s de la pantalla.<\/p>\n<p style=\"text-align: justify;\">1915.- Muere Francisco Giner de los R\u00edos, pedagogo y escritor espa\u00f1ol, fundador de la Instituci\u00f3n Libre de Ense\u00f1anza.<\/p>\n<p style=\"text-align: justify;\">1920.- Nace Carlos Arruza, matador de toros mexicano.<\/p>\n<p style=\"text-align: justify;\">1931.- El virrey de la India, lord Edward W. Irving, se entrevista con el Mahatma Gandhi, principal l\u00edder independentista.<\/p>\n<p style=\"text-align: justify;\">1934.- El nuevo rey de los belgas, Leopoldo III, presta juramento.<\/p>\n<p style=\"text-align: justify;\">1936.- Pronunciamiento militar del coronel Rafael Franco en Asunci\u00f3n (Paraguay) y derrocamiento del presidente de la Rep\u00fablica, Eusebio Ayala.<\/p>\n<p style=\"text-align: justify;\">1937.- Muere Pierre de Cobertin, franc\u00e9s, promotor de los Juegos Ol\u00edmpicos de la era moderna.<\/p>\n<p style=\"text-align: justify;\">1947.- Un tetramotor de Avianca que cubr\u00eda el recorrido Barranquilla-Bogot\u00e1 (Colombia) se estrella y mueren 52 personas.<\/p>\n<p style=\"text-align: justify;\">1959.- Estados Unidos lanza el sat\u00e9lite \u00abVanguard\u00bb para observaciones meteorol\u00f3gicas.<\/p>\n<p style=\"text-align: justify;\">1963.- Nace Michael Jordan, jugador estadounidense de baloncesto.<\/p>\n<p style=\"text-align: justify;\">1967.- Muere Ciro Alegr\u00eda, escritor peruano.<\/p>\n<p style=\"text-align: justify;\">1969.- Per\u00fa y la URSS firman el primer tratado de comercio bilateral.<\/p>\n<p style=\"text-align: justify;\">1973.- El ex presidente y guerrillero dominicano Francisco Caama\u00f1o muere en un enfrentamiento a tiros con tropas gubernamentales en la cordillera central.<\/p>\n<p style=\"text-align: justify;\">1979.- China invade territorio vietnamita y ocupa varios puestos fronterizos.<\/p>\n<p style=\"text-align: justify;\">1986.- Firma del Acta \u00danica Europea. La CEE pasa a llamarse Comunidad Europea.<\/p>\n<p style=\"text-align: justify;\">1987.- Estados Unidos levanta las sanciones econ\u00f3micas contra Polonia, establecidas por la implantaci\u00f3n de la ley marcial en 1981.<\/p>\n<p style=\"text-align: justify;\">1987.- Cuarenta y seis muertos al colisionar dos trenes urbanos en Sao Paulo (Brasil).<\/p>\n<p style=\"text-align: justify;\">1995.- Per\u00fa y Ecuador firman en Brasilia la \u00abDeclaraci\u00f3n de Paz de Itamaraty\u00bb, tras 23 d\u00edas de conflicto por litigio fronterizo.<\/p>\n<p style=\"text-align: justify;\">1997.- Muere Darcy Ribeiro, etn\u00f3logo, antrop\u00f3logo y soci\u00f3logo brasile\u00f1o.<\/p>\n<p style=\"text-align: justify;\">1998.- Muere Ernst J\u00fcnger, fil\u00f3sofo y escritor alem\u00e1n.<\/p>\n<p style=\"text-align: justify;\">2003.- Un perturbado mental provoca un incendio en el metro de Daegu (Corea del Sur) que causa 262 muertos.<\/p>\n<p style=\"text-align: justify;\">2004.- El Parlamento de Holanda aprueba la Ley de Asilo que expulsa a 26,000 inmigrantes sin permiso de residencia.<\/p>\n<p style=\"text-align: justify;\">2004.- Fallece el expresidente mexicano, Jos\u00e9 L\u00f3pez Portillo.<\/p>\n<p style=\"text-align: justify;\">2006.- Un alud de tierra provoca 137 muertos en la localidad filipina de San Bernardo.<\/p>\n<p style=\"text-align: justify;\">2006.- Muere Ray Barretto, percusionista puertorrique\u00f1o.<\/p>\n<p style=\"text-align: justify;\">2008.- El Parlamento de Kosovo proclama su independencia unilateral de Serbia.<\/p>\n<p style=\"text-align: justify;\">2008.- El Gobierno brit\u00e1nico nacionaliza el banco Northern Rock tras sufrir una crisis de liquidez.<\/p>\n<p style=\"text-align: justify;\">2011.- Muere Carlos \u00abChino\u00bb Dom\u00ednguez, fot\u00f3grafo peruano.<\/p>\n<p style=\"text-align: justify;\">2013.- Rafael Correa, reelegido presidente de Ecuador.<\/p>\n","protected":false},"excerpt":{"rendered":"<p>Un d\u00eda 17 de febrero como hoy, pero de 1580, Bernal D\u00edaz del Castillo termina su \u00abHistoria de la Nueva Espa\u00f1a\u00bb.<\/p>\n","protected":false},"author":6,"featured_media":22284,"comment_status":"open","ping_status":"open","sticky":false,"template":"","format":"standard","meta":{"_acf_changed":false,"_monsterinsights_skip_tracking":false,"slim_seo":{"title":"Efem\u00e9rides 17 de febrero - Opini\u00f3n P\u00fablica","description":"Un d\u00eda 17 de febrero como hoy, pero de 1580, Bernal D\u00edaz del Castillo termina su \"Historia de la Nueva Espa\u00f1a\". Otras efem\u00e9rides 1673.- Muere Jean-Baptiste Poqu"},"footnotes":""},"categories":[27],"tags":[],"class_list":["post-22285","post","type-post","status-publish","format-standard","has-post-thumbnail","hentry","category-un-dia-como-hoy"],"acf":[],"_links":{"self":[{"href":"https:\/\/www.opinionpublica.tv\/portada\/wp-json\/wp\/v2\/posts\/22285","targetHints":{"allow":["GET"]}}],"collection":[{"href":"https:\/\/www.opinionpublica.tv\/portada\/wp-json\/wp\/v2\/posts"}],"about":[{"href":"https:\/\/www.opinionpublica.tv\/portada\/wp-json\/wp\/v2\/types\/post"}],"author":[{"embeddable":true,"href":"https:\/\/www.opinionpublica.tv\/portada\/wp-json\/wp\/v2\/users\/6"}],"replies":[{"embeddable":true,"href":"https:\/\/www.opinionpublica.tv\/portada\/wp-json\/wp\/v2\/comments?post=22285"}],"version-history":[{"count":0,"href":"https:\/\/www.opinionpublica.tv\/portada\/wp-json\/wp\/v2\/posts\/22285\/revisions"}],"wp:featuredmedia":[{"embeddable":true,"href":"https:\/\/www.opinionpublica.tv\/portada\/wp-json\/wp\/v2\/media\/22284"}],"wp:attachment":[{"href":"https:\/\/www.opinionpublica.tv\/portada\/wp-json\/wp\/v2\/media?parent=22285"}],"wp:term":[{"taxonomy":"category","embeddable":true,"href":"https:\/\/www.opinionpublica.tv\/portada\/wp-json\/wp\/v2\/categories?post=22285"},{"taxonomy":"post_tag","embeddable":true,"href":"https:\/\/www.opinionpublica.tv\/portada\/wp-json\/wp\/v2\/tags?post=22285"}],"curies":[{"name":"wp","href":"https:\/\/api.w.org\/{rel}","templated":true}]}}