{"id":22243,"date":"2020-02-12T07:00:00","date_gmt":"2020-02-12T06:00:00","guid":{"rendered":"https:\/\/www.opinionpublica.tv\/portada\/2020\/02\/12\/busca-ip-desmitificar-su-imagen-y-generar-confianza-social\/"},"modified":"2020-02-12T07:00:00","modified_gmt":"2020-02-12T06:00:00","slug":"busca-ip-desmitificar-su-imagen-y-generar-confianza-social","status":"publish","type":"post","link":"https:\/\/www.opinionpublica.tv\/portada\/busca-ip-desmitificar-su-imagen-y-generar-confianza-social\/","title":{"rendered":"Busca IP desmitificar su imagen y generar confianza social"},"content":{"rendered":"<p><img fetchpriority=\"high\" decoding=\"async\" class=\" size-full wp-image-22242\" src=\"https:\/\/www.opinionpublica.tv\/portada\/wp-content\/uploads\/2020\/02\/f1e5f12d82a9ec8f29be275f54bb6e38.jpg\" alt=\"\" class=\"caption\" title=\"El Consejo Coordinador Empresarial busca ganar la confianza social.\" width=\"760\" height=\"430\" srcset=\"https:\/\/www.opinionpublica.tv\/portada\/wp-content\/uploads\/2020\/02\/f1e5f12d82a9ec8f29be275f54bb6e38.jpg 760w, https:\/\/www.opinionpublica.tv\/portada\/wp-content\/uploads\/2020\/02\/f1e5f12d82a9ec8f29be275f54bb6e38-300x170.jpg 300w\" sizes=\"(max-width: 760px) 100vw, 760px\" \/><br \/>\n<!--more--><\/p>\n<p style=\"text-align: justify;\"><em>Ciudad de M\u00e9xico<\/em>.- El sector empresarial asumir\u00e1 un nuevo rol ante la sociedad para recuperar credibilidad y confianza, para lo cual present\u00f3 un dec\u00e1logo de responsabilidad que lo desmitifique y en cambio lo considere como un factor que ayude a resolver problemas de las familias y combate a la pobreza.<\/p>\n<p style=\"text-align: justify;\">El Consejo Coordinador Empresarial (CCE), junto con m\u00e1s de 150 organizaciones y empresas adherentes, se comprometi\u00f3 a elevar el salario de los trabajadores bajo la l\u00ednea del bienestar familiar, garantizar oportunidades de empleo y crecimiento econ\u00f3mico, as\u00ed como inclusi\u00f3n social, afirm\u00f3 su presidente, Carlos Salazar.<\/p>\n<p style=\"text-align: justify;\">Al presentar los principios de Dimensi\u00f3n Social de las Empresas, un dec\u00e1logo de compromisos que las empresas asumen con la sociedad, sus colaboradores, el medio ambiente, el cumplimiento de la ley, entre otros temas, el empresario regiomontano sostuvo que la prosperidad de los negocios depende de que la sociedad progrese, aunque reconoci\u00f3 que enfrentamos un problema importante de imagen y percepci\u00f3n social.<\/p>\n<p style=\"text-align: justify;\">Seg\u00fan estudios recientes, dijo durante su discurso, en la opini\u00f3n de los mexicanos, ser empresario o pol\u00edtico est\u00e1 calificado en lo m\u00e1s bajo y casi en la misma proporci\u00f3n. \u201cNecesitamos revalorar y replantear nuestras acciones, darle su debida proporci\u00f3n y adecuada dimensi\u00f3n. Nada hay m\u00e1s lejos de la realidad que esas caricaturas en donde se dibuja al empresario mexicano como un se\u00f1or gordo vestido de frac, con un gran sombrero y anillos en sus dedos. Esto ha hecho mucho da\u00f1o a nuestra imagen\u201d.<\/p>\n<p style=\"text-align: justify;\">Al respecto, Carlos Slim, presidente vitalicio de Grupo Carso, lament\u00f3 que como empresario se tengan que hacer esfuerzos para poder invertir en el pa\u00eds, \u201chay que luchar a veces contra la corriente, con diversos obst\u00e1culos, as\u00ed como en otras actividades y profesiones encontramos diversos obst\u00e1culos, regulaciones, burocracias que no atomizan o tardan y que sufren todos: la peque\u00f1a y mediana empresa, sobre todo cuando hay corrupci\u00f3n\u201d, reproch\u00f3. Continu\u00f3: deber\u00edan hacer ventanillas \u00fanicas en las que el peque\u00f1o y mediano empresario pudiera obtener los permisos correspondientes.<\/p>\n<p style=\"text-align: justify;\">Para Slim, lo que hace falta desde el punto de vista econ\u00f3mico, es inversi\u00f3n, por lo que pidi\u00f3 agilizar los proyectos de infraestructura.<\/p>\n<p style=\"text-align: justify;\">\u201cLas empresas globales hemos decidido ser parte de la transformaci\u00f3n de M\u00e9xico\u201d, se\u00f1al\u00f3 Claudia Ja\u00f1ez, presidenta del Consejo Ejecutivo de Empresas Globales (CEEG), y para ello, dijo, debemos asumir el liderazgo para reconectar los negocios con la sociedad, y juntos encarar los obst\u00e1culos que han impedido reducir las brechas de desigualdad: la brecha de ingresos, la brecha entre el norte y el sur, la brecha de g\u00e9nero, y la brecha educativa y digital.<\/p>\n<p style=\"text-align: justify;\">La l\u00edder empresarial record\u00f3 que durante d\u00e9cadas el sector privado trabaj\u00f3 bajo la premisa de que el papel de las empresas estaba restringido a generar riqueza, lo cual es una falsa premisa que ha llevado a una p\u00e9rdida de legitimidad. \u201cHay una percepci\u00f3n de que las compa\u00f1\u00edas prosperamos a costa de nuestras comunidades\u201d, revir\u00f3.<\/p>\n<p style=\"text-align: justify;\">Reconocen asimetr\u00edas<\/p>\n<p style=\"text-align: justify;\">Ja\u00f1ez admiti\u00f3 que los beneficios del sistema econ\u00f3mico de los \u00faltimos a\u00f1os no han sido parejos, y que las demandas y aspiraciones de la ciudadan\u00eda por un crecimiento m\u00e1s inclusivo son totalmente leg\u00edtimas, \u201cpero no hemos estado, en muchos casos, a la altura de las expectativas de la sociedad\u201d.<\/p>\n<p style=\"text-align: justify;\">Bajo el lema \u201cEs tiempo de responsabilidad\u201d, el presidente del CCE conmin\u00f3 a su gremio a no s\u00f3lo cumplir con el c\u00edrculo virtuoso de ahorro e inversi\u00f3n, porque ya no es suficiente.<\/p>\n<p style=\"text-align: justify;\">Se propuso una mejor relaci\u00f3n laboral, \u201cqueremos colaboradores que vivan cada vez mejor, que se sientan orgullosos de sus lugares de trabajo, que tengan oportunidades de desarrollo profesional y personal\u201d. Entre las obligaciones, destac\u00f3 que todos debemos construir el Estado de derecho, as\u00ed como respetar y promover en todo momento la cultura de la legalidad. \u201cCumplir con todas nuestras obligaciones fiscales, a fin de asegurarle recursos suficientes al Estado mexicano para proveer los servicios a los que est\u00e1 obligado\u201d, indic\u00f3.<\/p>\n<p style=\"text-align: justify;\">Carlos Salazar demand\u00f3 el apoyo del gobierno federal y respeto a la democracia. \u201cNo confundamos la pol\u00edtica con lo p\u00fablico. Nosotros como empresarios no solamente tenemos derecho, sino la obligaci\u00f3n de preocuparnos y ocuparnos por el bien com\u00fan y por los asuntos p\u00fablicos, de expresar nuestros puntos de vista y propuestas para la sociedad. Pero no competimos pol\u00edticamente ni con colores ni con partidos\u201d, aclar\u00f3.<\/p>\n<p style=\"text-align: justify;\">Dec\u00e1logo de responsabilidad del CCE<\/p>\n<p style=\"text-align: justify;\">1) Construir una relaci\u00f3n de confianza y credibilidad con la sociedad.<\/p>\n<p style=\"text-align: justify;\">2) oportunidades de empleo formal, crecimiento y desarrollo para nuestros colaboradores y sus familias.<\/p>\n<p style=\"text-align: justify;\">3) Ser ejemplo de integridad y \u00e9tica, y cumplir con todas nuestras obligaciones fiscales y contributivas.<\/p>\n<p style=\"text-align: justify;\">4) Modernizar la cultura empresarial, para tener empresas mejor organizadas y m\u00e1s competitivas.<\/p>\n<p style=\"text-align: justify;\">5) Establecer un compromiso de las grandes empresas con las pymes y con la creaci\u00f3n de cadenas productivas.<\/p>\n<p style=\"text-align: justify;\">6) participar activamente en el desarrollo de las comunidades y construir mejores condiciones de vida para los mexicanos.<\/p>\n<p style=\"text-align: justify;\">7) Asumir y promover la inclusi\u00f3n y la diversidad.<\/p>\n<p style=\"text-align: justify;\">8) Privilegiar la sustentabilidad en nuestras actividades econ\u00f3micas y un uso m\u00e1s consciente de los recursos naturales.<\/p>\n<p style=\"text-align: justify;\">9) Insertar a nuestras empresas en la era digital.<\/p>\n<p style=\"text-align: justify;\">10) Impulsar una relaci\u00f3n responsable y propositiva con las autoridades, exigiendo reglas claras y certidumbre jur\u00eddica y econ\u00f3mica para las inversiones.<\/p>\n<p style=\"text-align: justify;\">\u00a0<\/p>\n<p style=\"text-align: justify;\"><em>Con informaci\u00f3n de El Economista.<\/em><\/p>\n","protected":false},"excerpt":{"rendered":"","protected":false},"author":6,"featured_media":22242,"comment_status":"open","ping_status":"open","sticky":false,"template":"","format":"standard","meta":{"_acf_changed":false,"_monsterinsights_skip_tracking":false,"slim_seo":{"title":"Busca IP desmitificar su imagen y generar confianza social - Opini\u00f3n P\u00fablica","description":"Ciudad de M\u00e9xico .- El sector empresarial asumir\u00e1 un nuevo rol ante la sociedad para recuperar credibilidad y confianza, para lo cual present\u00f3 un dec\u00e1logo de re"},"footnotes":""},"categories":[9],"tags":[],"class_list":["post-22243","post","type-post","status-publish","format-standard","has-post-thumbnail","hentry","category-nacional"],"acf":[],"_links":{"self":[{"href":"https:\/\/www.opinionpublica.tv\/portada\/wp-json\/wp\/v2\/posts\/22243","targetHints":{"allow":["GET"]}}],"collection":[{"href":"https:\/\/www.opinionpublica.tv\/portada\/wp-json\/wp\/v2\/posts"}],"about":[{"href":"https:\/\/www.opinionpublica.tv\/portada\/wp-json\/wp\/v2\/types\/post"}],"author":[{"embeddable":true,"href":"https:\/\/www.opinionpublica.tv\/portada\/wp-json\/wp\/v2\/users\/6"}],"replies":[{"embeddable":true,"href":"https:\/\/www.opinionpublica.tv\/portada\/wp-json\/wp\/v2\/comments?post=22243"}],"version-history":[{"count":0,"href":"https:\/\/www.opinionpublica.tv\/portada\/wp-json\/wp\/v2\/posts\/22243\/revisions"}],"wp:featuredmedia":[{"embeddable":true,"href":"https:\/\/www.opinionpublica.tv\/portada\/wp-json\/wp\/v2\/media\/22242"}],"wp:attachment":[{"href":"https:\/\/www.opinionpublica.tv\/portada\/wp-json\/wp\/v2\/media?parent=22243"}],"wp:term":[{"taxonomy":"category","embeddable":true,"href":"https:\/\/www.opinionpublica.tv\/portada\/wp-json\/wp\/v2\/categories?post=22243"},{"taxonomy":"post_tag","embeddable":true,"href":"https:\/\/www.opinionpublica.tv\/portada\/wp-json\/wp\/v2\/tags?post=22243"}],"curies":[{"name":"wp","href":"https:\/\/api.w.org\/{rel}","templated":true}]}}