{"id":22241,"date":"2020-02-12T07:00:00","date_gmt":"2020-02-12T06:00:00","guid":{"rendered":"https:\/\/www.opinionpublica.tv\/portada\/2020\/02\/12\/coronavirus-es-el-enemigo-publico-numero-uno-para-la-humanidad-asegura-la-oms\/"},"modified":"2020-02-12T07:00:00","modified_gmt":"2020-02-12T06:00:00","slug":"coronavirus-es-el-enemigo-publico-numero-uno-para-la-humanidad-asegura-la-oms","status":"publish","type":"post","link":"https:\/\/www.opinionpublica.tv\/portada\/coronavirus-es-el-enemigo-publico-numero-uno-para-la-humanidad-asegura-la-oms\/","title":{"rendered":"Coronavirus es el enemigo p\u00fablico n\u00famero uno para la humanidad; advierte la OMS"},"content":{"rendered":"<p><img fetchpriority=\"high\" decoding=\"async\" class=\" size-full wp-image-22240\" src=\"https:\/\/www.opinionpublica.tv\/portada\/wp-content\/uploads\/2020\/02\/61b8cef6a1d8a8938aa0e09fc8f9325d.jpg\" alt=\"\" class=\"caption\" title=\"La epidemia del coronavirus est\u00e1 impactando al mundo por el cierre de las fronteras chinas.\" width=\"496\" height=\"330\" srcset=\"https:\/\/www.opinionpublica.tv\/portada\/wp-content\/uploads\/2020\/02\/61b8cef6a1d8a8938aa0e09fc8f9325d.jpg 496w, https:\/\/www.opinionpublica.tv\/portada\/wp-content\/uploads\/2020\/02\/61b8cef6a1d8a8938aa0e09fc8f9325d-300x200.jpg 300w\" sizes=\"(max-width: 496px) 100vw, 496px\" \/><br \/>\n<!--more--><\/p>\n<p style=\"text-align: justify;\"><em>Ginebra, Suiza<\/em>.- La\u00a0Organizaci\u00f3n Mundial de la Salud (OMS)\u00a0indic\u00f3 este martes que la primera vacuna para combatir el\u00a0nuevo coronavirus\u00a0estar\u00eda lista en a\u00f1o y medio.<\/p>\n<p style=\"text-align: justify;\">\u00abLa primera vacuna podr\u00eda estar lista en 18 meses, por lo que actualmente tenemos que hacer todo usando las armas disponibles para combatir este virus, mientras nos preparamos a largo plazo\u00bb, se\u00f1al\u00f3 el l\u00edder de la organizaci\u00f3n,\u00a0Tedros Adhanom.<\/p>\n<p style=\"text-align: justify;\">En conferencia de prensa, el titular de la OMS asegur\u00f3 que las naciones se encuentran &#8216;protegidas&#8217; para controlar la cepa.<\/p>\n<p style=\"text-align: justify;\">\u00abEl desarrollo de vacunas y terapias es una parte importante de la agenda de investigaci\u00f3n, pero es solo una parte. Tomar\u00e1 tiempo desarrollarse, pero mientras tanto, no estamos indefensos. Hay muchas intervenciones b\u00e1sicas de salud p\u00fablica que est\u00e1n disponibles para nosotros ahora y que pueden prevenir infecciones\u00bb, puntualiz\u00f3.<\/p>\n<p style=\"text-align: justify;\">\u00abSeg\u00fan las directrices acordadas entre la OMS, la Organizaci\u00f3n Mundial de Sanidad Animal y la Organizaci\u00f3n de las Naciones Unidas para la Alimentaci\u00f3n y la Agricultura, tuvimos que encontrar un nombre que no se refiriera a una ubicaci\u00f3n geogr\u00e1fica, un animal, un individuo o grupo de personas, y que tambi\u00e9n es pronunciable y est\u00e1 relacionado con la enfermedad\u00bb, expuso Adhanom.<\/p>\n<p style=\"text-align: justify;\">Destac\u00f3 que esta medida tambi\u00e9n se toma para no estigmatizar a nadie.<\/p>\n<p style=\"text-align: justify;\">\u00abTener un nombre es importante para evitar el uso de otros nombres que pueden ser inexactos o estigmatizantes. Tambi\u00e9n nos da un formato est\u00e1ndar para cualquier brote de coronavirus futuro\u00bb, declar\u00f3.<\/p>\n<p style=\"text-align: justify;\">Adhanom indic\u00f3 que, hasta esta ma\u00f1ana, se han confirmado 42 mil 708 casos en China y mil 17 decesos. En el resto del mundo, hay 393 pacientes en alrededor de 24 naciones que son portadores de este virus.<\/p>\n<p style=\"text-align: justify;\">Dijo que\u201cel mundo deber\u00eda despabilarse y considerar al virus como \u201cel enemigo p\u00fablico n\u00famero uno\u201d.<\/p>\n<p style=\"text-align: justify;\">\u201cPor lo que debemos prepararnos para usar las armas que tenemos al alcance en la lucha contra este virus\u201d, dijo Tedros en la sede de la OMS en Ginebra, donde centenares de cient\u00edficos se re\u00fanen para intentar frenar la enfermedad.<\/p>\n<p style=\"text-align: justify;\">Asegur\u00f3 que el Covid-19, diagnosticado en 42 mil 708 personas en China (de las que mil 18 han fallecido) y en 393 pacientes en otros veinticuatro pa\u00edses, debe ser considerado actualmente \u201cel enemigo p\u00fablico n\u00famero uno para toda la humanidad\u201d, con consecuencias pol\u00edticas, sociales y econ\u00f3micas \u201cpeores que las de cualquier acto terrorista\u201d.<\/p>\n<p style=\"text-align: justify;\">El doctor et\u00edope anunci\u00f3 que el director ejecutivo de la OMS para Emergencias Sanitarias, Michael Ryan, encabezar\u00e1 un gabinete de crisis lanzado hoy para coordinar la respuesta a la epidemia entre este organismo y el resto de las agencias de Naciones Unidas.<\/p>\n<p style=\"text-align: justify;\">\u201cCon 99 por ciento de los casos en China, (la epidemia) sigue constituyendo una verdadera emergencia para este pa\u00eds, pero es tambi\u00e9n una amenaza muy grave para el resto del mundo\u201d, alert\u00f3.<\/p>\n<p style=\"text-align: justify;\">Sin embargo, se mostr\u00f3 optimista y afirm\u00f3 que hay una \u201cposibilidad realista\u201d de parar al nuevo coronavirus, si los pa\u00edses dan una respuesta \u201cal un\u00edsono\u201d.<\/p>\n<p style=\"text-align: justify;\">La sede de la OMS en Ginebra realiza hasta ma\u00f1ana un encuentro internacional de 400 expertos de todo el mundo en virolog\u00eda, epidemiolog\u00eda y otras ramas cient\u00edficas para estudiar v\u00edas de investigaci\u00f3n del coronavirus de Wuhan y posibles tratamientos y vacunas.<\/p>\n<p style=\"text-align: justify;\">El jueves en Bruselas, se dar\u00e1n cita tambi\u00e9n los ministros europeos de Salud para intentar coordinar una estrategia com\u00fan para paliar la epidemia. Y la OMS ha enviado una misi\u00f3n de expertos a China, dirigida por Bruce Aylward, un experto en la lucha contra el \u00c9bola.<\/p>\n<p style=\"text-align: justify;\">La denominaci\u00f3n de la enfermedad Covid-19 (formada con un acr\u00f3nimo de la expresi\u00f3n inglesa \u201ccorona virus disease\u201d) ha sido consensuada por responsables de la OMS, la Organizaci\u00f3n de Naciones Unidas para la Alimentaci\u00f3n y la Agricultura (FAO) y la Organizaci\u00f3n Mundial de Sanidad Animal (OIE).<\/p>\n<p style=\"text-align: justify;\">LOS MUERTOS<\/p>\n<p style=\"text-align: justify;\">El n\u00famero de fallecidos por el virus Covid-19 alcanz\u00f3 la cifra de mil 113 en China, con 94 nuevas v\u00edctimas registradas en la jornada anterior en la provincia de Hubei, epicentro de la epidemia, de acuerdo al \u00faltimo saldo oficial. Hay en el pa\u00eds 42 mil 767 casos confirmados y 3 mil 950 personas que han recuperado su salud.<\/p>\n<p style=\"text-align: justify;\">La OMS est\u00e1 especialmente preocupada por el caso de un brit\u00e1nico que nunca hab\u00eda estado en China y que fue contaminado por el nuevo coronavirus en Singapur. Luego se lo transmiti\u00f3 a varios compatriotas durante una estancia en Francia antes de ser diagnosticado en el Reino Unido.<\/p>\n<p style=\"text-align: justify;\">En total, el hombre contamin\u00f3 accidentalmente al menos a 11 personas.<\/p>\n","protected":false},"excerpt":{"rendered":"","protected":false},"author":6,"featured_media":22240,"comment_status":"open","ping_status":"open","sticky":false,"template":"","format":"standard","meta":{"_acf_changed":false,"_monsterinsights_skip_tracking":false,"slim_seo":{"title":"Coronavirus es el enemigo p\u00fablico n\u00famero uno para la humanidad; advierte la OMS - Opini\u00f3n P\u00fablica","description":"Ginebra, Suiza .- La\u00a0Organizaci\u00f3n Mundial de la Salud (OMS)\u00a0indic\u00f3 este martes que la primera vacuna para combatir el\u00a0nuevo coronavirus\u00a0estar\u00eda lista en a\u00f1o y m"},"footnotes":""},"categories":[3],"tags":[],"class_list":["post-22241","post","type-post","status-publish","format-standard","has-post-thumbnail","hentry","category-principal"],"acf":[],"_links":{"self":[{"href":"https:\/\/www.opinionpublica.tv\/portada\/wp-json\/wp\/v2\/posts\/22241","targetHints":{"allow":["GET"]}}],"collection":[{"href":"https:\/\/www.opinionpublica.tv\/portada\/wp-json\/wp\/v2\/posts"}],"about":[{"href":"https:\/\/www.opinionpublica.tv\/portada\/wp-json\/wp\/v2\/types\/post"}],"author":[{"embeddable":true,"href":"https:\/\/www.opinionpublica.tv\/portada\/wp-json\/wp\/v2\/users\/6"}],"replies":[{"embeddable":true,"href":"https:\/\/www.opinionpublica.tv\/portada\/wp-json\/wp\/v2\/comments?post=22241"}],"version-history":[{"count":0,"href":"https:\/\/www.opinionpublica.tv\/portada\/wp-json\/wp\/v2\/posts\/22241\/revisions"}],"wp:featuredmedia":[{"embeddable":true,"href":"https:\/\/www.opinionpublica.tv\/portada\/wp-json\/wp\/v2\/media\/22240"}],"wp:attachment":[{"href":"https:\/\/www.opinionpublica.tv\/portada\/wp-json\/wp\/v2\/media?parent=22241"}],"wp:term":[{"taxonomy":"category","embeddable":true,"href":"https:\/\/www.opinionpublica.tv\/portada\/wp-json\/wp\/v2\/categories?post=22241"},{"taxonomy":"post_tag","embeddable":true,"href":"https:\/\/www.opinionpublica.tv\/portada\/wp-json\/wp\/v2\/tags?post=22241"}],"curies":[{"name":"wp","href":"https:\/\/api.w.org\/{rel}","templated":true}]}}