{"id":22239,"date":"2020-02-12T07:00:00","date_gmt":"2020-02-12T06:00:00","guid":{"rendered":"https:\/\/www.opinionpublica.tv\/portada\/2020\/02\/12\/el-empresario-solitario-y-la-rifa-del-avion\/"},"modified":"2020-02-12T07:00:00","modified_gmt":"2020-02-12T06:00:00","slug":"el-empresario-solitario-y-la-rifa-del-avion","status":"publish","type":"post","link":"https:\/\/www.opinionpublica.tv\/portada\/el-empresario-solitario-y-la-rifa-del-avion\/","title":{"rendered":"El empresario solitario y la rifa del avi\u00f3n"},"content":{"rendered":"<img fetchpriority=\"high\" decoding=\"async\" class=\" size-full wp-image-22238\" src=\"https:\/\/www.opinionpublica.tv\/portada\/wp-content\/uploads\/2020\/02\/6ebe5bd16f83bb1c5471b8d8820e2587.jpg\" alt=\"\" class=\"caption\" title=\"Jorge G. Casta\u00f1eda.\" width=\"225\" height=\"225\" srcset=\"https:\/\/www.opinionpublica.tv\/portada\/wp-content\/uploads\/2020\/02\/6ebe5bd16f83bb1c5471b8d8820e2587.jpg 225w, https:\/\/www.opinionpublica.tv\/portada\/wp-content\/uploads\/2020\/02\/6ebe5bd16f83bb1c5471b8d8820e2587-150x150.jpg 150w\" sizes=\"(max-width: 225px) 100vw, 225px\" \/>\n<p style=\"text-align: justify;\">Se supone que ma\u00f1ana mi\u00e9rcoles el presidente L\u00f3pez Obrador recibir\u00e1 a merendar (como dec\u00eda mi abuelita) a un grupo importante de empresarios en Palacio Nacional. Algunas versiones hablan del Consejo Asesor Empresarial; otras mencionan un conjunto m\u00e1s nutrido. Todas concuerdan que el tema ser\u00e1 la famosa no-rifa del no-avi\u00f3n y de qui\u00e9n comprar\u00e1 los no-<em>cachitos<\/em>\u00a0del no-sorteo de la Loter\u00eda.<\/p>\n<p><!--more--><\/p>\n<p style=\"text-align: justify;\">El encuentro podr\u00eda ser una magnifica oportunidad para que por lo menos un magnate mexicano le diga por fin que no a L\u00f3pez Obrador, en privado pero tambi\u00e9n en p\u00fablico, como lo insin\u00faa Leo Zuckermann en su columna de hoy. Por una sencilla raz\u00f3n: se trata de un sablazo a la mexicana,\u00a0<em>shake-down<\/em>\u00a0en ingl\u00e9s, o vil extorsi\u00f3n en el odioso lenguaje leguleyo de los abogados.<\/p>\n<p style=\"text-align: justify;\">Se entiende que AMLO busque distraer con la tonter\u00eda del avi\u00f3n presidencial. Es l\u00f3gico tambi\u00e9n que nadie piense que vale realmente la pena subrayar la multitud de errores que encierra esta tragicomedia nacional en particular. Fue un error no usar la flotilla de aviones del EMP, incluyendo el TP-01, aunque a la gente le guste.<\/p>\n<p style=\"text-align: justify;\">La gente se equivoca, como hemos comprobado en numerosos pa\u00edses a lo largo del \u00faltimo par de siglos. Fue un error tratar de venderlo; fue un error intentar enajenarlo v\u00eda una rifa, y es un peor error enga\u00f1ar a la gente que comprar\u00e1 boletos del sorteo pensando que se puede ganar un avi\u00f3n.\u00a0Finalmente, todo eso, \u00bfqu\u00e9 importa?<\/p>\n<p style=\"text-align: justify;\">Pero como AMLO y su gente saben que las cuentas no cuadran \u2014no hay manera de vender \u201cespont\u00e1neamente\u201d m\u00e1s de 300\u202f000\u00a0<em>cachitos<\/em>\u2014 se han visto obligados a transformar el sorteo en una colecta forzada. No faltar\u00e1 quien en alg\u00fan momento equipare la compra de boletos con los donativos de campesinos y se\u00f1oras alhajadas al fondo de L\u00e1zaro C\u00e1rdenas para pagarle a las compa\u00f1\u00edas petroleras. Toda la burocracia federal y en los estados de Morena se ver\u00e1 instada o francamente obligada a comprar boletos. Igual no alcanza.<\/p>\n<p style=\"text-align: justify;\">De all\u00ed el sablazo a los empresarios, que se parece como dos gotas de agua al de Carlos Salinas en 1993, a favor de la campa\u00f1a presidencial del PRI, el famoso pase de charola encomendado a Antonio Ortiz Mena. En aquella ocasi\u00f3n surgieron m\u00faltiples rumores de quienes se negaron a apoquinar los 25 millones de d\u00f3lares exigidos. Nunca se supo con certeza qui\u00e9n s\u00ed, y qui\u00e9n no. Pero ha transcurrido m\u00e1s de un cuarto de siglo.<\/p>\n<p style=\"text-align: justify;\">\u00bfNo habr\u00e1, en la merienda de tamales de ma\u00f1ana, un empresario mexicano que se niegue a aportar, y que lo diga? \u00bfEs a tal punto s\u00f3lida la convicci\u00f3n del CCE y del CMN de que hay que evitar a toda costa cualquier enfrentamiento con L\u00f3pez Obrador que nadie se atrever\u00e1 a negarse a la extorsi\u00f3n, y a proclamarlo? Sin excesos, sin aspavientos, sin estridencia: solo salir de Palacio, convocar a la prensa y responder as\u00ed a la pregunta inevitable de \u201c\u00bfQu\u00e9 pas\u00f3?\u201d: \u201cNos pidieron una contribuci\u00f3n a la compra de los boletos de la rifa; yo dije que no\u201d. \u00bfNi uno?<\/p>\n","protected":false},"excerpt":{"rendered":"<p>Se supone que ma\u00f1ana mi\u00e9rcoles el presidente L\u00f3pez Obrador recibir\u00e1 a merendar (como dec\u00eda mi abuelita) a un grupo importante de empresarios en Palacio Nacional. Algunas versiones hablan del Consejo Asesor Empresarial; otras mencionan un conjunto m\u00e1s nutrido. Todas concuerdan que el tema ser\u00e1 la famosa no-rifa del no-avi\u00f3n y de qui\u00e9n comprar\u00e1 los no-cachitos\u00a0del [&hellip;]<\/p>\n","protected":false},"author":6,"featured_media":22238,"comment_status":"open","ping_status":"open","sticky":false,"template":"","format":"standard","meta":{"_acf_changed":false,"_monsterinsights_skip_tracking":false,"slim_seo":{"title":"El empresario solitario y la rifa del avi\u00f3n - Opini\u00f3n P\u00fablica","description":"Se supone que ma\u00f1ana mi\u00e9rcoles el presidente L\u00f3pez Obrador recibir\u00e1 a merendar (como dec\u00eda mi abuelita) a un grupo importante de empresarios en Palacio Nacional"},"footnotes":""},"categories":[18],"tags":[],"class_list":["post-22239","post","type-post","status-publish","format-standard","has-post-thumbnail","hentry","category-castaneda-opina"],"acf":[],"_links":{"self":[{"href":"https:\/\/www.opinionpublica.tv\/portada\/wp-json\/wp\/v2\/posts\/22239","targetHints":{"allow":["GET"]}}],"collection":[{"href":"https:\/\/www.opinionpublica.tv\/portada\/wp-json\/wp\/v2\/posts"}],"about":[{"href":"https:\/\/www.opinionpublica.tv\/portada\/wp-json\/wp\/v2\/types\/post"}],"author":[{"embeddable":true,"href":"https:\/\/www.opinionpublica.tv\/portada\/wp-json\/wp\/v2\/users\/6"}],"replies":[{"embeddable":true,"href":"https:\/\/www.opinionpublica.tv\/portada\/wp-json\/wp\/v2\/comments?post=22239"}],"version-history":[{"count":0,"href":"https:\/\/www.opinionpublica.tv\/portada\/wp-json\/wp\/v2\/posts\/22239\/revisions"}],"wp:featuredmedia":[{"embeddable":true,"href":"https:\/\/www.opinionpublica.tv\/portada\/wp-json\/wp\/v2\/media\/22238"}],"wp:attachment":[{"href":"https:\/\/www.opinionpublica.tv\/portada\/wp-json\/wp\/v2\/media?parent=22239"}],"wp:term":[{"taxonomy":"category","embeddable":true,"href":"https:\/\/www.opinionpublica.tv\/portada\/wp-json\/wp\/v2\/categories?post=22239"},{"taxonomy":"post_tag","embeddable":true,"href":"https:\/\/www.opinionpublica.tv\/portada\/wp-json\/wp\/v2\/tags?post=22239"}],"curies":[{"name":"wp","href":"https:\/\/api.w.org\/{rel}","templated":true}]}}