{"id":22237,"date":"2020-02-12T07:00:00","date_gmt":"2020-02-12T06:00:00","guid":{"rendered":"https:\/\/www.opinionpublica.tv\/portada\/2020\/02\/12\/efemerides-12-de-febrero\/"},"modified":"2020-02-12T07:00:00","modified_gmt":"2020-02-12T06:00:00","slug":"efemerides-12-de-febrero","status":"publish","type":"post","link":"https:\/\/www.opinionpublica.tv\/portada\/efemerides-12-de-febrero\/","title":{"rendered":"Efem\u00e9rides 12 de febrero"},"content":{"rendered":"<img fetchpriority=\"high\" decoding=\"async\" class=\" size-full wp-image-22236\" src=\"https:\/\/www.opinionpublica.tv\/portada\/wp-content\/uploads\/2020\/02\/70166035c647efa352959c5ea717f03b.jpg\" alt=\"\" class=\"caption\" title=\"El ayatol\u00e1 Jamenei, toma el poder absoluto en Ir\u00e1n y proclama la Rep\u00fablica Isl\u00e1mica.\" width=\"1024\" height=\"600\" srcset=\"https:\/\/www.opinionpublica.tv\/portada\/wp-content\/uploads\/2020\/02\/70166035c647efa352959c5ea717f03b.jpg 1024w, https:\/\/www.opinionpublica.tv\/portada\/wp-content\/uploads\/2020\/02\/70166035c647efa352959c5ea717f03b-300x176.jpg 300w, https:\/\/www.opinionpublica.tv\/portada\/wp-content\/uploads\/2020\/02\/70166035c647efa352959c5ea717f03b-768x450.jpg 768w\" sizes=\"(max-width: 1024px) 100vw, 1024px\" \/>\n<p style=\"text-align: justify;\">Un d\u00eda 12 de febrero como hoy, pero de 1979, tras el triunfo de la revoluci\u00f3n inspirada por el ayatol\u00e1 Jamenei, \u00e9ste toma el poder absoluto en Ir\u00e1n y proclama la Rep\u00fablica Isl\u00e1mica.<\/p>\n<p><!--more--><\/p>\n<p style=\"text-align: justify;\"><strong>Otras efem\u00e9rides<\/strong><\/p>\n<p style=\"text-align: justify;\">1541.- Pedro de Valdivia, maestre de campo de Pizarro, funda la ciudad de Santiago del Nuevo Extremo, hoy Santiago de Chile.<\/p>\n<p style=\"text-align: justify;\">1804.- Muere Emmanuel Kant, fil\u00f3sofo alem\u00e1n, creador del criticismo.<\/p>\n<p style=\"text-align: justify;\">1809.- Nace en la localidad brit\u00e1nica de Shrewsbury el naturalista Charles Darwin, padre de la biolog\u00eda moderna y autor de \u00abEl origen de las especies\u00bb .<\/p>\n<p style=\"text-align: justify;\">1817.- Victoria en Chacabuco (Chile) de los patriotas chilenos sobre los del general Maroto. El general O&#8217;Higgins, nombrado jefe supremo de las tropas chilenas.<\/p>\n<p style=\"text-align: justify;\">1818.- Bernardo O&#8217;Higgins proclama la independencia de Chile.<\/p>\n<p style=\"text-align: justify;\">1855.- Espa\u00f1a reconoce la independencia de la Rep\u00fablica Dominicana.<\/p>\n<p style=\"text-align: justify;\">1879.- \u00abGuerra salitrera\u00bb o del Pac\u00edfico. Chile arrebata a Bolivia la franja mar\u00edtima de Atacama.<\/p>\n<p style=\"text-align: justify;\">1899.- Espa\u00f1a vende a Alemania los archipi\u00e9lagos de Las Carolinas, Marianas y Palaos.<\/p>\n<p style=\"text-align: justify;\">1910.- Nace Jos\u00e9 Enrique Anderson, escritor argentino.<\/p>\n<p style=\"text-align: justify;\">1920.- El Cabildo de Buenos Aires declara que todas las provincias de la Uni\u00f3n podr\u00e1n gobernarse con independencia de la capital, una vez disuelto el Directorio y el Congreso nacional.<\/p>\n<p style=\"text-align: justify;\">1921.- Se aprueba el pacto de uni\u00f3n entre Guatemala, Honduras y El Salvador, que adoptaron el nombre de Provincias Unidas de Centroam\u00e9rica.<\/p>\n<p style=\"text-align: justify;\">1923.- Nace Franco Zefirelli, director italiano de cine.<\/p>\n<p style=\"text-align: justify;\">1948.- Elecciones en Costa Rica: pierde el candidato oficialista y se inicia la guerra civil.<\/p>\n<p style=\"text-align: justify;\">1949.- Nace Joaqu\u00edn Sabina, cantautor espa\u00f1ol.<\/p>\n<p style=\"text-align: justify;\">1951.- Boda de Reza Pahlevi, sha de Persia, con la princesa de origen alem\u00e1n Soraya Sfandiari.<\/p>\n<p style=\"text-align: justify;\">1952.- Proclamaci\u00f3n de la Reina Isabel II de Inglaterra.<\/p>\n<p style=\"text-align: justify;\">1953.- Un tratado anglo-egipcio ratifica la independencia de Sud\u00e1n.<\/p>\n<p style=\"text-align: justify;\">1961.- La URSS env\u00eda una sonda a Venus.<\/p>\n<p style=\"text-align: justify;\">1966.- Un centenar de ni\u00f1os desaparecen en un incendio en Iquitos (Per\u00fa), donde adem\u00e1s murieron otras trece personas.<\/p>\n<p style=\"text-align: justify;\">1973.- Juan Mar\u00eda Bordaberry, presidente uruguayo, cede ante las presiones de los militares y cesa al Gobierno.<\/p>\n<p style=\"text-align: justify;\">1978.- Termina en Nicaragua una huelga general de varias semanas.<\/p>\n<p style=\"text-align: justify;\">1979.- Muere Jean Renoir, director franc\u00e9s de cine.<\/p>\n<p style=\"text-align: justify;\">1980.- EL COI ratifica a Mosc\u00fa como sede de los Juegos Ol\u00edmpico, en contra de la propuesta de boicot hecha por Estados Unidos.<\/p>\n<p style=\"text-align: justify;\">1984.- Muere Julio Cort\u00e1zar, escritor argentino, nacionalizado franc\u00e9s.<\/p>\n<p style=\"text-align: justify;\">1985.- Dimite el presidente y \u00faltimo mandatario del r\u00e9gimen militar de Uruguay, general Gregorio \u00c1lvarez, quien es sustituido por el presidente civil interino, Rafael Addiego Bruno.<\/p>\n<p style=\"text-align: justify;\">1991.- Corea del Norte y Corea del Sur firman un tratado de no agresi\u00f3n.<\/p>\n<p style=\"text-align: justify;\">1995.- Muere Alberto Burri, m\u00e9dico y pintor italiano, considerado creador del expresionismo abstracto.<\/p>\n<p style=\"text-align: justify;\">1999.- El presidente de Estados Unidos, Bill Clinton, es absuelto de los cargos de perjurio y obstrucci\u00f3n a la justicia en el \u00abcaso Lewinski\u00bb y no ser\u00e1 destituido por el Senado.<\/p>\n<p style=\"text-align: justify;\">2000.- Muere Charles Schulz, dibujante estadounidense, creador de los personajes Carlitos y Snoopy.<\/p>\n<p style=\"text-align: justify;\">2004.- Una pareja de ancianas lesbianas de San Francisco celebra la primera boda gay en Estados Unidos.<\/p>\n<p style=\"text-align: justify;\">2005.- Despega con \u00e9xito de la base espacial de Kur\u00fa (Guayana francesa) el mayor cohete de la Agencia Espacial Europea, el nuevo Ariane 5.<\/p>\n<p style=\"text-align: justify;\">2011.- Estallan multitudinarias protestas en Y\u00e9men contra su presidente, Abdal\u00e1 Saleh.<\/p>\n<p style=\"text-align: justify;\">2013.- Francia aprueba la ley del matrimonio homosexual.<\/p>\n<p style=\"text-align: justify;\">2014.- Una manifestaci\u00f3n multitudinaria en Venezuela contra el Gobierno finalizan con tres muertos.<\/p>\n<p style=\"text-align: justify;\">2014. &#8211; Acuerdo para reanudar la ampliaci\u00f3n del Canal de Panam\u00e1 tras varios d\u00edas de paralizaci\u00f3n.<\/p>\n","protected":false},"excerpt":{"rendered":"<p>Un d\u00eda 12 de febrero como hoy, pero de 1979, tras el triunfo de la revoluci\u00f3n inspirada por el ayatol\u00e1 Jamenei, \u00e9ste toma el poder absoluto en Ir\u00e1n y proclama la Rep\u00fablica Isl\u00e1mica.<\/p>\n","protected":false},"author":6,"featured_media":22236,"comment_status":"open","ping_status":"open","sticky":false,"template":"","format":"standard","meta":{"_acf_changed":false,"_monsterinsights_skip_tracking":false,"slim_seo":{"title":"Efem\u00e9rides 12 de febrero - Opini\u00f3n P\u00fablica","description":"Un d\u00eda 12 de febrero como hoy, pero de 1979, tras el triunfo de la revoluci\u00f3n inspirada por el ayatol\u00e1 Jamenei, \u00e9ste toma el poder absoluto en Ir\u00e1n y proclama l"},"footnotes":""},"categories":[27],"tags":[],"class_list":["post-22237","post","type-post","status-publish","format-standard","has-post-thumbnail","hentry","category-un-dia-como-hoy"],"acf":[],"_links":{"self":[{"href":"https:\/\/www.opinionpublica.tv\/portada\/wp-json\/wp\/v2\/posts\/22237","targetHints":{"allow":["GET"]}}],"collection":[{"href":"https:\/\/www.opinionpublica.tv\/portada\/wp-json\/wp\/v2\/posts"}],"about":[{"href":"https:\/\/www.opinionpublica.tv\/portada\/wp-json\/wp\/v2\/types\/post"}],"author":[{"embeddable":true,"href":"https:\/\/www.opinionpublica.tv\/portada\/wp-json\/wp\/v2\/users\/6"}],"replies":[{"embeddable":true,"href":"https:\/\/www.opinionpublica.tv\/portada\/wp-json\/wp\/v2\/comments?post=22237"}],"version-history":[{"count":0,"href":"https:\/\/www.opinionpublica.tv\/portada\/wp-json\/wp\/v2\/posts\/22237\/revisions"}],"wp:featuredmedia":[{"embeddable":true,"href":"https:\/\/www.opinionpublica.tv\/portada\/wp-json\/wp\/v2\/media\/22236"}],"wp:attachment":[{"href":"https:\/\/www.opinionpublica.tv\/portada\/wp-json\/wp\/v2\/media?parent=22237"}],"wp:term":[{"taxonomy":"category","embeddable":true,"href":"https:\/\/www.opinionpublica.tv\/portada\/wp-json\/wp\/v2\/categories?post=22237"},{"taxonomy":"post_tag","embeddable":true,"href":"https:\/\/www.opinionpublica.tv\/portada\/wp-json\/wp\/v2\/tags?post=22237"}],"curies":[{"name":"wp","href":"https:\/\/api.w.org\/{rel}","templated":true}]}}