{"id":22222,"date":"2020-02-10T07:00:00","date_gmt":"2020-02-10T06:00:00","guid":{"rendered":"https:\/\/www.opinionpublica.tv\/portada\/2020\/02\/10\/confisca-fgr-2-mil-millones-de-pesos-y-los-entrega-al-indep\/"},"modified":"2020-02-10T07:00:00","modified_gmt":"2020-02-10T06:00:00","slug":"confisca-fgr-2-mil-millones-de-pesos-y-los-entrega-al-indep","status":"publish","type":"post","link":"https:\/\/www.opinionpublica.tv\/portada\/confisca-fgr-2-mil-millones-de-pesos-y-los-entrega-al-indep\/","title":{"rendered":"Confisca FGR 2 mil millones de pesos y los entrega al INDEP"},"content":{"rendered":"<p><img fetchpriority=\"high\" decoding=\"async\" class=\" size-full wp-image-22221\" src=\"https:\/\/www.opinionpublica.tv\/portada\/wp-content\/uploads\/2020\/02\/9c23921df594f45c35be590db3d7267c.jpg\" alt=\"\" class=\"caption\" title=\"Andr\u00e9s Manuel L\u00f3pez Obrador, presidente de M\u00e9xico y el fiscal Alejandro Gertz Manero.\" width=\"1200\" height=\"675\" srcset=\"https:\/\/www.opinionpublica.tv\/portada\/wp-content\/uploads\/2020\/02\/9c23921df594f45c35be590db3d7267c.jpg 1200w, https:\/\/www.opinionpublica.tv\/portada\/wp-content\/uploads\/2020\/02\/9c23921df594f45c35be590db3d7267c-300x169.jpg 300w, https:\/\/www.opinionpublica.tv\/portada\/wp-content\/uploads\/2020\/02\/9c23921df594f45c35be590db3d7267c-1024x576.jpg 1024w, https:\/\/www.opinionpublica.tv\/portada\/wp-content\/uploads\/2020\/02\/9c23921df594f45c35be590db3d7267c-768x432.jpg 768w\" sizes=\"(max-width: 1200px) 100vw, 1200px\" \/><br \/>\n<!--more--><\/p>\n<p style=\"text-align: justify;\"><em>Ciudad de M\u00e9xico<\/em>.- Luego de una denuncia presentada por el Gobierno federal, la Fiscal\u00eda General de la Rep\u00fablica (FGR) logr\u00f3 un decomiso de 2 mil millones de pesos, los cuales fueron entregados esta ma\u00f1ana al Instituto para Devolver al Pueblo lo Robado (INDEP).<\/p>\n<p style=\"text-align: justify;\">En Palacio Nacional, el fiscal Alejandro Gertz Manero, hizo entrega de un cheque al titular del Instituto, Ricardo Rodr\u00edguez Vargas, como parte de las acciones de la FGR en la recuperaci\u00f3n de bienes y recursos econ\u00f3micos de la delincuencia.<\/p>\n<p style=\"text-align: justify;\">\u201cGracias a una denuncia presentada por el Gobierno de la Rep\u00fablica, a trav\u00e9s de la Consejer\u00eda, iniciamos una serie de acciones de car\u00e1cter penal para la recuperaci\u00f3n de bienes. Le estamos entregando al instituto para devolver al pueblo lo robado 2 mil millones de pesos de un solo caso\u201d, dijo.<\/p>\n<p style=\"text-align: justify;\">Sin embargo, Gertz Manero detall\u00f3 que, por el debido proceso, no era posible presentar m\u00e1s informaci\u00f3n acerca del caso sobre el que se recuper\u00f3 el dinero que hoy fue entregado al INDEP.<\/p>\n<p style=\"text-align: justify;\">Confi\u00f3 en que en los pr\u00f3ximos meses sean entregados m\u00e1s recursos al instituto; adem\u00e1s, destac\u00f3 que la Fiscal\u00eda trabaja en distintas tareas para la atenci\u00f3n de las v\u00edctimas.<\/p>\n<p style=\"text-align: justify;\">\u00abEl patrimonio de M\u00e9xico, los bienes de la naci\u00f3n han sido saqueados, por eso se debe combatir (&#8230;). En materia penal, lo m\u00e1s importante son las v\u00edctimas. Por eso se han dado los cambios legales que el gobierno ha impulsado\u201d, coment\u00f3. (Exc\u00e9lsior)<\/p>\n","protected":false},"excerpt":{"rendered":"","protected":false},"author":6,"featured_media":22221,"comment_status":"open","ping_status":"open","sticky":false,"template":"","format":"standard","meta":{"_acf_changed":false,"_monsterinsights_skip_tracking":false,"slim_seo":{"title":"Confisca FGR 2 mil millones de pesos y los entrega al INDEP - Opini\u00f3n P\u00fablica","description":"Ciudad de M\u00e9xico .- Luego de una denuncia presentada por el Gobierno federal, la Fiscal\u00eda General de la Rep\u00fablica (FGR) logr\u00f3 un decomiso de 2 mil millones de p"},"footnotes":""},"categories":[9],"tags":[],"class_list":["post-22222","post","type-post","status-publish","format-standard","has-post-thumbnail","hentry","category-nacional"],"acf":[],"_links":{"self":[{"href":"https:\/\/www.opinionpublica.tv\/portada\/wp-json\/wp\/v2\/posts\/22222","targetHints":{"allow":["GET"]}}],"collection":[{"href":"https:\/\/www.opinionpublica.tv\/portada\/wp-json\/wp\/v2\/posts"}],"about":[{"href":"https:\/\/www.opinionpublica.tv\/portada\/wp-json\/wp\/v2\/types\/post"}],"author":[{"embeddable":true,"href":"https:\/\/www.opinionpublica.tv\/portada\/wp-json\/wp\/v2\/users\/6"}],"replies":[{"embeddable":true,"href":"https:\/\/www.opinionpublica.tv\/portada\/wp-json\/wp\/v2\/comments?post=22222"}],"version-history":[{"count":0,"href":"https:\/\/www.opinionpublica.tv\/portada\/wp-json\/wp\/v2\/posts\/22222\/revisions"}],"wp:featuredmedia":[{"embeddable":true,"href":"https:\/\/www.opinionpublica.tv\/portada\/wp-json\/wp\/v2\/media\/22221"}],"wp:attachment":[{"href":"https:\/\/www.opinionpublica.tv\/portada\/wp-json\/wp\/v2\/media?parent=22222"}],"wp:term":[{"taxonomy":"category","embeddable":true,"href":"https:\/\/www.opinionpublica.tv\/portada\/wp-json\/wp\/v2\/categories?post=22222"},{"taxonomy":"post_tag","embeddable":true,"href":"https:\/\/www.opinionpublica.tv\/portada\/wp-json\/wp\/v2\/tags?post=22222"}],"curies":[{"name":"wp","href":"https:\/\/api.w.org\/{rel}","templated":true}]}}