{"id":22218,"date":"2020-02-10T07:00:00","date_gmt":"2020-02-10T06:00:00","guid":{"rendered":"https:\/\/www.opinionpublica.tv\/portada\/2020\/02\/10\/pensiones-una-bomba-que-ya-exploto-consar\/"},"modified":"2020-02-10T07:00:00","modified_gmt":"2020-02-10T06:00:00","slug":"pensiones-una-bomba-que-ya-exploto-consar","status":"publish","type":"post","link":"https:\/\/www.opinionpublica.tv\/portada\/pensiones-una-bomba-que-ya-exploto-consar\/","title":{"rendered":"Pensiones: \u201cuna bomba que ya explot\u00f3\u00bb"},"content":{"rendered":"<p><img fetchpriority=\"high\" decoding=\"async\" class=\" size-full wp-image-22217\" src=\"https:\/\/www.opinionpublica.tv\/portada\/wp-content\/uploads\/2020\/02\/08f13f10942f29b18bb712fc0d972665.jpg\" alt=\"\" class=\"caption\" title=\"La crisis de las pensiones ya es una tragedia para millones de mexicanos.\" width=\"1280\" height=\"800\" srcset=\"https:\/\/www.opinionpublica.tv\/portada\/wp-content\/uploads\/2020\/02\/08f13f10942f29b18bb712fc0d972665.jpg 1280w, https:\/\/www.opinionpublica.tv\/portada\/wp-content\/uploads\/2020\/02\/08f13f10942f29b18bb712fc0d972665-300x188.jpg 300w, https:\/\/www.opinionpublica.tv\/portada\/wp-content\/uploads\/2020\/02\/08f13f10942f29b18bb712fc0d972665-1024x640.jpg 1024w, https:\/\/www.opinionpublica.tv\/portada\/wp-content\/uploads\/2020\/02\/08f13f10942f29b18bb712fc0d972665-768x480.jpg 768w\" sizes=\"(max-width: 1280px) 100vw, 1280px\" \/><br \/>\n<!--more--><\/p>\n<p style=\"text-align: justify;\"><em>Ciudad de M\u00e9xico<\/em>.- Para Abraham Vela Dib,\u00a0presidente de la Comisi\u00f3n Nacional del Sistema de Ahorro para el Retiro (Consar), las pensiones son una bomba que explot\u00f3 hace tiempo y la prueba est\u00e1 en los m\u00e1s de 30 millones de mexicanos que trabajan en la informalidad y no tendr\u00e1n acceso a una renta mensual en su vejez.<\/p>\n<p style=\"text-align: justify;\">Por ello, subraya, el gobierno del presidente Andr\u00e9s Manuel L\u00f3pez Obrador no debe\u00a0patear el bote hacia adelante, como hicieron sus antecesores, y tiene que anotarse en la historia el gran logro de reformar el sistema.<\/p>\n<p style=\"text-align: justify;\">En entrevista con\u00a0<em>La Jornada<\/em>, el titular del organismo regulador y supervisor del sistema pensionario mexicano indic\u00f3 que a partir de 2021 se retirar\u00e1n bajo el esquema de cuentas individuales administradas por las Afore alrededor de 80 mil personas por a\u00f1o, las cuales, en su mayor\u00eda, recibir\u00e1n una negativa de pensi\u00f3n o, en su defecto, obtendr\u00e1n una mensualidad que no ser\u00e1 suficiente para tener una vejez digna.<\/p>\n<p style=\"text-align: justify;\">Datos de la misma Consar plantean que bajo el actual sistema s\u00f3lo 26 por ciento de jubilados reunir\u00e1n el requisito de las mil 250 semanas de cotizaci\u00f3n para acceder a una pensi\u00f3n.<\/p>\n<p style=\"text-align: justify;\">De hecho, en 2021, de los 75 mil\u00a0<em>aforados<\/em>\u00a0que se retiren, s\u00f3lo 750 tendr\u00e1 el tiempo suficiente para reclamar una pensi\u00f3n, es decir, aquellos que desde 1997 no han salido nunca del sistema formal.<\/p>\n<p style=\"text-align: justify;\">Asimismo, se espera que de los trabajadores que obtengan una pensi\u00f3n, \u00e9sta ser\u00e1 equivalente a \u00fanicamente 30 por ciento de su \u00faltimo salario.<\/p>\n<p style=\"text-align: justify;\">Ante ese escenario, Vela Dib dijo que \u201csi hay una reforma en esta administraci\u00f3n, debemos irnos moviendo ya, no porque los primeros\u00a0<em>aforados<\/em>\u00a0aparezcan el a\u00f1o pr\u00f3ximo, sino porque es algo que toma tiempo. Ver\u00eda con tristeza que este gobierno pospusiera una reforma de este calado. Otros han venido pateando el bote para adelante, por lo que creo que un gran acierto de esta administraci\u00f3n ser\u00eda no seguir ese ejemplo\u201d.<\/p>\n<p style=\"text-align: justify;\"><strong>Propuestas de mejora y soluci\u00f3n<\/strong><\/p>\n<p style=\"text-align: justify;\">En ese sentido, el presidente de la Consar no asegura que este a\u00f1o habr\u00e1 una reforma al sistema; no obstante, afirma que se\u00a0cocinan cambios importantes, pues en d\u00edas pasados la Secretar\u00eda de Hacienda y Cr\u00e9dito P\u00fablico (SHCP) le pidi\u00f3 preparar un diagn\u00f3stico sobre el Sistema de Ahorro para el Retiro (SAR), el cual debe estar acompa\u00f1ado de algunas propuestas de mejora o soluci\u00f3n. Sin embargo, la dependencia no ha informado qu\u00e9 tan profundo quiere el an\u00e1lisis, es decir, si debe incluir s\u00f3lo el esquema de las Afore o todos los que existen en el pa\u00eds.<\/p>\n<p style=\"text-align: justify;\">No puedo dar detalles, pero es una buena noticia, porque lo que se est\u00e1 diciendo es que Hacienda pide que se revise el sistema a fondo, que est\u00e9 basado en un buen diagn\u00f3stico, y a partir de ah\u00ed evaluar la reforma o cambios que involucren a todos los mexicanos. Estamos listos para presentar un abanico de propuestas, asegur\u00f3 el funcionario.<\/p>\n<p style=\"text-align: justify;\">A\u00f1adi\u00f3 que la SHCP no ha fijado una fecha l\u00edmite para que la Consar entregue dicho diagn\u00f3stico; sin embargo, asever\u00f3 que lo m\u00e1s probable es que sea hacia el segundo semestre del a\u00f1o cuando la dependencia que encabeza Arturo Herrera presentar\u00e1 un primer borrador, el cual, a\u00f1adi\u00f3, lo ideal es que sea dado a conocer a los institutos Mexicano del Seguro Social y de Seguridad y Servicios Sociales de los Trabajadores del Estado, as\u00ed como a los actores econ\u00f3micos, pol\u00edticos y sociales, los cuales pueden aportar opiniones constructivas.<\/p>\n<p style=\"text-align: justify;\">Para Vela Dib, quien antes de arribar a la Consar, en diciembre de 2018, se desempe\u00f1aba en el banco central de Hungr\u00eda como experto en investigaci\u00f3n y educaci\u00f3n econ\u00f3mica, el principal problema que enfrenta el sistema de pensiones es que est\u00e1 incrustado en un mercado laboral caracterizado por la informalidad:\u00a060 por ciento de mexicanos se ganan la vida en ese esquema y hay mucha movilidad entre el sector formal e informal.<\/p>\n<p style=\"text-align: justify;\">Explic\u00f3 que esa movilidad entre esquemas es lo que provoca que sea dif\u00edcil que las personas alcancen las mil 250 semanas de cotizaci\u00f3n, y en caso de hacerlo, debido a los bajos salarios, lo m\u00e1s probable es que el ahorro que tengan no llegue a 700 mil pesos, que es la cantidad m\u00ednima para acceder a una renta vitalicia.<\/p>\n<p style=\"text-align: justify;\">En ese \u00faltimo caso, la pensi\u00f3n ser\u00e1 otorgada por la respectiva Afore, pero cuando se termine el ahorro del trabajador el gobierno deber\u00e1 hacerse cargo con finanzas p\u00fablicas.<\/p>\n<p style=\"text-align: justify;\">En una eventual reforma, la Asociaci\u00f3n Mexicana de Administradoras de Fondos para el Retiro (Amafore) propone reducir el requisito de mil 250 a 750 semanas para obtener una pensi\u00f3n.<\/p>\n<p style=\"text-align: justify;\">Lo anterior, seg\u00fan la Consar, derivar\u00eda en que la cantidad de personas con derecho a pensi\u00f3n pase de 26 a 44 por ciento, lo que, no obstante, tambi\u00e9n implicar\u00eda aumentar los costos para el gobierno.<\/p>\n<p style=\"text-align: justify;\">Por esta raz\u00f3n, aunque no descart\u00f3 la idea, Vela Dib invit\u00f3 a la Amafore a exponer de manera concreta todas las aristas e implicaciones de dicha propuesta.<\/p>\n<p style=\"text-align: justify;\">Aunque no quiso afirmar que elevar la contribuci\u00f3n obligatoria de los trabajadores a la Afore ser\u00e1 parte de la eventual reforma que se cocina en la actual administraci\u00f3n, acept\u00f3 que se trata de un tema relevante.<\/p>\n<p style=\"text-align: justify;\">En cambio, recalc\u00f3 que aumentar la edad de retiro no es un tema que contribuya de manera importante para las personas que est\u00e1n pr\u00f3ximas a retirarse.<\/p>\n<p style=\"text-align: justify;\">No obstante, sobre este \u00faltimo punto declar\u00f3 que la realidad es que la esperanza de vida va en aumento y M\u00e9xico tiene una de las edades de retiro m\u00e1s bajas del mundo, por lo que, en todo caso, se podr\u00eda optar por esquemas que est\u00e1n adoptando otras pa\u00edses, como por ejemplo aumentar la edad tres a\u00f1os, pero hacerlo de manera paulatina en tres d\u00e9cadas, es decir, subir uno cada 10 a\u00f1os.\u00a0<\/p>\n<p style=\"text-align: justify;\"><strong>La subcuenta de vivienda no se tocar\u00e1<\/strong><\/p>\n<p style=\"text-align: justify;\">Sobre la opci\u00f3n de utilizar el dinero que tienen los trabajadores en la subcuenta de vivienda del Instituto del Fondo Nacional de la Vivienda para los Trabajadores (Infonavit) para aumentar las contribuciones de los empleados, Vela Dib neg\u00f3 que se trate de una propuesta que impulse la Consar.<\/p>\n<p style=\"text-align: justify;\">Es incorrecto, yo no comparto esa propuesta. Adem\u00e1s, ser\u00eda un tema muy dif\u00edcil de sacar adelante pol\u00edticamente.<\/p>\n<p style=\"text-align: justify;\">Adem\u00e1s, explic\u00f3, cuando los trabajadores llegan a la edad de retiro y no utilizaron sus recursos del Infonavit dicho monto autom\u00e1ticamente se integra a su pensi\u00f3n, con el objetivo de elevarla.\u00a0Por ley, esos recursos pertenecen al trabajador.<\/p>\n<p style=\"text-align: justify;\">No obstante, para el presidente de la Consar la discusi\u00f3n debe ir m\u00e1s all\u00e1, pues el problema de las pensiones no se limita a las 80 mil personas que se jubilar\u00e1n cada a\u00f1o a partir de 2021.<\/p>\n<p style=\"text-align: justify;\">Estamos viendo grandes retos en los estados y universidades para pagar sus reg\u00edmenes, el tema de las pensiones y jubilaciones en el presupuesto. Adem\u00e1s, hay 50 millones de pobres en el pa\u00eds, muchos sin acceso a seguridad social. Entonces, yo dir\u00eda que la bomba de tiempo ya explot\u00f3 y hay que hacer algo. (La Jornada)<\/p>\n","protected":false},"excerpt":{"rendered":"","protected":false},"author":6,"featured_media":22217,"comment_status":"open","ping_status":"open","sticky":false,"template":"","format":"standard","meta":{"_acf_changed":false,"_monsterinsights_skip_tracking":false,"slim_seo":{"title":"Pensiones: \u201cuna bomba que ya explot\u00f3\" - Opini\u00f3n P\u00fablica","description":"Ciudad de M\u00e9xico .- Para Abraham Vela Dib,\u00a0presidente de la Comisi\u00f3n Nacional del Sistema de Ahorro para el Retiro (Consar), las pensiones son una bomba que exp"},"footnotes":""},"categories":[3],"tags":[],"class_list":["post-22218","post","type-post","status-publish","format-standard","has-post-thumbnail","hentry","category-principal"],"acf":[],"_links":{"self":[{"href":"https:\/\/www.opinionpublica.tv\/portada\/wp-json\/wp\/v2\/posts\/22218","targetHints":{"allow":["GET"]}}],"collection":[{"href":"https:\/\/www.opinionpublica.tv\/portada\/wp-json\/wp\/v2\/posts"}],"about":[{"href":"https:\/\/www.opinionpublica.tv\/portada\/wp-json\/wp\/v2\/types\/post"}],"author":[{"embeddable":true,"href":"https:\/\/www.opinionpublica.tv\/portada\/wp-json\/wp\/v2\/users\/6"}],"replies":[{"embeddable":true,"href":"https:\/\/www.opinionpublica.tv\/portada\/wp-json\/wp\/v2\/comments?post=22218"}],"version-history":[{"count":0,"href":"https:\/\/www.opinionpublica.tv\/portada\/wp-json\/wp\/v2\/posts\/22218\/revisions"}],"wp:featuredmedia":[{"embeddable":true,"href":"https:\/\/www.opinionpublica.tv\/portada\/wp-json\/wp\/v2\/media\/22217"}],"wp:attachment":[{"href":"https:\/\/www.opinionpublica.tv\/portada\/wp-json\/wp\/v2\/media?parent=22218"}],"wp:term":[{"taxonomy":"category","embeddable":true,"href":"https:\/\/www.opinionpublica.tv\/portada\/wp-json\/wp\/v2\/categories?post=22218"},{"taxonomy":"post_tag","embeddable":true,"href":"https:\/\/www.opinionpublica.tv\/portada\/wp-json\/wp\/v2\/tags?post=22218"}],"curies":[{"name":"wp","href":"https:\/\/api.w.org\/{rel}","templated":true}]}}