{"id":22216,"date":"2020-02-10T07:00:00","date_gmt":"2020-02-10T06:00:00","guid":{"rendered":"https:\/\/www.opinionpublica.tv\/portada\/2020\/02\/10\/cuidado-con-las-bacterias-que-se-alojan-en-los-celulares\/"},"modified":"2020-02-10T07:00:00","modified_gmt":"2020-02-10T06:00:00","slug":"cuidado-con-las-bacterias-que-se-alojan-en-los-celulares","status":"publish","type":"post","link":"https:\/\/www.opinionpublica.tv\/portada\/cuidado-con-las-bacterias-que-se-alojan-en-los-celulares\/","title":{"rendered":"Cuidado con las bacterias que se alojan en los celulares"},"content":{"rendered":"<p><img fetchpriority=\"high\" decoding=\"async\" class=\" size-full wp-image-22215\" src=\"https:\/\/www.opinionpublica.tv\/portada\/wp-content\/uploads\/2020\/02\/5e6631b1d2e14368fe5363ed4b9d7fd7.jpg\" alt=\"\" class=\"caption\" title=\"Las bacterias pueden nocivas en las pantallas de los tel\u00e9fonos celulares.\" width=\"696\" height=\"464\" srcset=\"https:\/\/www.opinionpublica.tv\/portada\/wp-content\/uploads\/2020\/02\/5e6631b1d2e14368fe5363ed4b9d7fd7.jpg 696w, https:\/\/www.opinionpublica.tv\/portada\/wp-content\/uploads\/2020\/02\/5e6631b1d2e14368fe5363ed4b9d7fd7-300x200.jpg 300w\" sizes=\"(max-width: 696px) 100vw, 696px\" \/><br \/>\n<!--more--><\/p>\n<p style=\"text-align: justify;\">Especialistas de Espa\u00f1a han detectado\u00a0los microbios m\u00e1s habituales que suelen alojarse en la superficie de los \u2018smartphones\u2019. El calor que emiten estos aparatos, el contacto frecuente con \u00e1reas contaminadas al que se exponen y la rutina de estar llev\u00e1ndolos a todo lugar proporcionan el ambiente ideal para el desarrollo de una gran variedad de bacterias con gran potencial de riesgo para la salud,\u00a0afirma\u00a0la doctora Mikele Macho, integrante de la Asociaci\u00f3n de Microbiolog\u00eda y Salud de Espa\u00f1a.<\/p>\n<p style=\"text-align: justify;\">La especialista, quien desempe\u00f1a el cargo de m\u00e9dica adjunta del Hospital Universitario de Basurto (Pa\u00eds Vasco), explica:<\/p>\n<p style=\"text-align: justify;\">Los dispositivos m\u00f3viles est\u00e1n compuestos de superficies lisas e irregulares, a menudo protegidos con protectores de pl\u00e1stico, que generan nichos donde puede acumularse suciedad y sudor. Adem\u00e1s emiten calor, por lo que propician condiciones favorables para el crecimiento de microorganismos.<\/p>\n<p style=\"text-align: justify;\">Macho indica que entre los agentes infecciosos m\u00e1s comunes sobresalen muchos tipos del g\u00e9nero \u201cStaphylococcus\u201d, al que se le atribuyen\u00a0enfermedades de la piel\u00a0como la celulitis y el imp\u00e9tigo e infecciones del canal del o\u00eddo externo.<\/p>\n<p style=\"text-align: justify;\">La doctora resalta que en menos proporci\u00f3n se identificaron microorganismos del g\u00e9nero \u201cStreptoscoccus\u201d, que se establecen en las mucosas mediante la nariz o la boca, causando neumon\u00eda o faringitis.\u00a0 Adem\u00e1s, la\u00a0deficiente limpieza de las manos despu\u00e9s de hacer uso del ba\u00f1o\u00a0y el hecho de tomar inmediatamente el m\u00f3vil es causante de la presencia de enterobacterias como la \u2018Salmonella\u2019 o la \u2018Escherichia coli\u2019, reconocidos agentes de infecciones en el intestino.<\/p>\n<p style=\"text-align: justify;\">G\u00e9rmenes como \u2018Pseudomonas aeruginosa\u2019, \u2018Acinetobacter baumanii\u2019 o \u2018Klebsiella penumoniae\u2019, fueron tambi\u00e9n identificados en las pantallas de los tel\u00e9fonos. Estas bacterias hacen parte de un g\u00e9nero responsable de\u00a0enfermedades infecciosas oportunistas, llamadas as\u00ed porque generalmente atacan a las poblaciones m\u00e1s vulnerables o en estado de depresi\u00f3n inmunol\u00f3gica.<\/p>\n<p style=\"text-align: justify;\">La norma preventiva de \u201cmayor importancia\u201d<\/p>\n<p style=\"text-align: justify;\">Investigaciones han comprobado que los m\u00f3viles, aparte de ofrecer las condiciones propicias para albergar bacterias,\u00a0pueden tambi\u00e9n actuar como transmisores de virus y hongos en el entorno, afectando principalmente las v\u00edas respiratorias en temporada de epidemias.<\/p>\n<p style=\"text-align: justify;\">De cualquier modo, la doctora Mikel Macho concluye que la norma preventiva m\u00e1s efectiva e importante para reducir el riesgo de infecci\u00f3n pasa por un\u00a0adecuado aseo personal, y m\u00e1s a\u00fan cuando se trata de\u00a0<a href=\"https:\/\/grandesmedios.com\/como-lavarse-las-manos-adecuadamente\/\">las manos<\/a>, las cuales deben mantenerse limpias con agua y jab\u00f3n durante la jornada diaria. Por otra parte, es fundamental\u00a0desinfectar el tel\u00e9fono m\u00f3vil\u00a0con cierta frecuencia empleando un pa\u00f1o de microfibra humedecido con alcohol.<\/p>\n","protected":false},"excerpt":{"rendered":"","protected":false},"author":6,"featured_media":22215,"comment_status":"open","ping_status":"open","sticky":false,"template":"","format":"standard","meta":{"_acf_changed":false,"_monsterinsights_skip_tracking":false,"slim_seo":{"title":"Cuidado con las bacterias que se alojan en los celulares - Opini\u00f3n P\u00fablica","description":"Especialistas de Espa\u00f1a han detectado\u00a0los microbios m\u00e1s habituales que suelen alojarse en la superficie de los \u2018smartphones\u2019. El calor que emiten estos aparatos"},"footnotes":""},"categories":[28],"tags":[],"class_list":["post-22216","post","type-post","status-publish","format-standard","has-post-thumbnail","hentry","category-bienestar-salud"],"acf":[],"_links":{"self":[{"href":"https:\/\/www.opinionpublica.tv\/portada\/wp-json\/wp\/v2\/posts\/22216","targetHints":{"allow":["GET"]}}],"collection":[{"href":"https:\/\/www.opinionpublica.tv\/portada\/wp-json\/wp\/v2\/posts"}],"about":[{"href":"https:\/\/www.opinionpublica.tv\/portada\/wp-json\/wp\/v2\/types\/post"}],"author":[{"embeddable":true,"href":"https:\/\/www.opinionpublica.tv\/portada\/wp-json\/wp\/v2\/users\/6"}],"replies":[{"embeddable":true,"href":"https:\/\/www.opinionpublica.tv\/portada\/wp-json\/wp\/v2\/comments?post=22216"}],"version-history":[{"count":0,"href":"https:\/\/www.opinionpublica.tv\/portada\/wp-json\/wp\/v2\/posts\/22216\/revisions"}],"wp:featuredmedia":[{"embeddable":true,"href":"https:\/\/www.opinionpublica.tv\/portada\/wp-json\/wp\/v2\/media\/22215"}],"wp:attachment":[{"href":"https:\/\/www.opinionpublica.tv\/portada\/wp-json\/wp\/v2\/media?parent=22216"}],"wp:term":[{"taxonomy":"category","embeddable":true,"href":"https:\/\/www.opinionpublica.tv\/portada\/wp-json\/wp\/v2\/categories?post=22216"},{"taxonomy":"post_tag","embeddable":true,"href":"https:\/\/www.opinionpublica.tv\/portada\/wp-json\/wp\/v2\/tags?post=22216"}],"curies":[{"name":"wp","href":"https:\/\/api.w.org\/{rel}","templated":true}]}}