{"id":22159,"date":"2020-02-03T07:00:00","date_gmt":"2020-02-03T06:00:00","guid":{"rendered":"https:\/\/www.opinionpublica.tv\/portada\/2020\/02\/03\/demuestran-que-el-cafe-no-es-tan-malo-para-el-corazon-como-se-creia\/"},"modified":"2020-02-03T07:00:00","modified_gmt":"2020-02-03T06:00:00","slug":"demuestran-que-el-cafe-no-es-tan-malo-para-el-corazon-como-se-creia","status":"publish","type":"post","link":"https:\/\/www.opinionpublica.tv\/portada\/demuestran-que-el-cafe-no-es-tan-malo-para-el-corazon-como-se-creia\/","title":{"rendered":"El caf\u00e9 no es tan malo para el coraz\u00f3n como se cre\u00eda: estudio"},"content":{"rendered":"<p><img fetchpriority=\"high\" decoding=\"async\" class=\" size-full wp-image-22158\" src=\"https:\/\/www.opinionpublica.tv\/portada\/wp-content\/uploads\/2020\/02\/cb902f04c24edfeda28da9d76332284b.jpg\" alt=\"\" class=\"caption\" title=\"El caf\u00e9 es un antioxidante natural con muchos beneficios.\" width=\"275\" height=\"183\" \/><br \/>\n<!--more--><\/p>\n<p style=\"text-align: justify;\">Un estudio llevado a cabo por cient\u00edficos de la Queen Mary University of London (QMUL), en el que participaron m\u00e1s de 8.000 brit\u00e1nicos, se\u00f1ala que\u00a0el consumo de caf\u00e9 no resulta tan perjudicial para el coraz\u00f3n\u00a0y el sistema circulatorio como se pensaba. Los resultados fueron dados a conocer en el marco de la Conferencia Anual de la Sociedad Cardiovascular Brit\u00e1nica celebrada en M\u00e1nchester.<\/p>\n<p style=\"text-align: justify;\"><strong>Consumo de caf\u00e9 vs rigidez arterial<\/strong><\/p>\n<p style=\"text-align: justify;\">Estudios hechos anteriormente indicaban que la bebida incrementa la rigidez arterial, condici\u00f3n que a su vez aumenta la carga de trabajo del coraz\u00f3n, y las probabilidades de presentar un infarto o un accidente cerebrovascular. Pero ahora, el reciente estudio, dirigido por el profesor Steffen Petersen, ha evidenciado que incluso entre quienes llegan a beber hasta 25 tazas al d\u00eda,\u00a0no se ha observado un mayor endurecimiento de las arterias, informa\u00a0<a href=\"https:\/\/www.eurekalert.org\/pub_releases\/2019-06\/bhf-cna053019.php\">EurekAlert<\/a>.<\/p>\n<p style=\"text-align: justify;\">En su trabajo, los expertos dividieron la ingesta diaria de caf\u00e9 en tres grupos: menos de una taza; entre una y tres tazas y m\u00e1s de tres tazas. Para relacionar el consumo de caf\u00e9 con el nivel de rigidez arterial se consideraron factores como rasgos \u00e9tnicos, edad, sexo, casos de tabaquismo, peso, estatura, consumo de alcohol, alimentaci\u00f3n y presi\u00f3n arterial.<\/p>\n<p style=\"text-align: justify;\">Aunque el an\u00e1lisis no tuvo en cuenta a las personas que beb\u00edan m\u00e1s de 25 tazas al d\u00eda, los cient\u00edficos se\u00f1alan que no se asoci\u00f3 el incremento de la rigidez arterial de quienes consum\u00edan hasta esa cantidad en comparaci\u00f3n con las personas que inger\u00edan menos de una taza diaria. As\u00ed lo explic\u00f3 Kenneth Fung, coautor del estudio:<\/p>\n<p style=\"text-align: justify;\"><em>A pesar de la enorme popularidad del caf\u00e9 en todo el mundo, diferentes informes podr\u00edan impedir que la gente lo disfrute. Si bien no podemos demostrar un v\u00ednculo causal en este estudio, nuestra investigaci\u00f3n indica que\u00a0el caf\u00e9 no es tan malo para las arterias como suger\u00edan estudios anteriores.<\/em><\/p>\n<p style=\"text-align: justify;\"><strong>L\u00edmite seguro<\/strong><\/p>\n<p style=\"text-align: justify;\">Fung detall\u00f3 que si bien su estudio incluy\u00f3 a personas que consumen hasta 25 tazas diarias, la ingesta promedio entre el grupo con el consumo m\u00e1s alto de caf\u00e9 fue de cinco tazas al d\u00eda, y agreg\u00f3:<\/p>\n<p style=\"text-align: justify;\"><em>Nos gustar\u00eda estudiar a estas personas m\u00e1s de cerca en nuestro trabajo futuro, para poder ayudar a recomendar los limites seguros.<\/em><\/p>\n<p style=\"text-align: justify;\">Este estudio har\u00e1 que se cuestionen algunos informes de varios medios, pues est\u00e1 descartando\u00a0uno de los probables efectos negativos del caf\u00e9 en nuestro sistema circulatorio.<\/p>\n<p style=\"text-align: justify;\">En mayo de 2019, Una\u00a0<a href=\"https:\/\/grandesmedios.com\/maxima-cantidad-de-cafe\/\">investigaci\u00f3n<\/a>\u00a0divulgada por el American Journal of Clinical Nutrition estableci\u00f3 que un\u00a0consumo de caf\u00e9 inferior a 6 tazas\u00a0no representa una amenaza para la salud. Sin embargo, sobrepasar esta dosis, puede aumentar en un 22% el riesgo de padecer enfermedades cardiovasculares.<\/p>\n","protected":false},"excerpt":{"rendered":"","protected":false},"author":6,"featured_media":22158,"comment_status":"open","ping_status":"open","sticky":false,"template":"","format":"standard","meta":{"_acf_changed":false,"_monsterinsights_skip_tracking":false,"slim_seo":{"title":"El caf\u00e9 no es tan malo para el coraz\u00f3n como se cre\u00eda: estudio - Opini\u00f3n P\u00fablica","description":"Un estudio llevado a cabo por cient\u00edficos de la Queen Mary University of London (QMUL), en el que participaron m\u00e1s de 8.000 brit\u00e1nicos, se\u00f1ala que\u00a0el consumo de"},"footnotes":""},"categories":[28],"tags":[],"class_list":["post-22159","post","type-post","status-publish","format-standard","has-post-thumbnail","hentry","category-bienestar-salud"],"acf":[],"_links":{"self":[{"href":"https:\/\/www.opinionpublica.tv\/portada\/wp-json\/wp\/v2\/posts\/22159","targetHints":{"allow":["GET"]}}],"collection":[{"href":"https:\/\/www.opinionpublica.tv\/portada\/wp-json\/wp\/v2\/posts"}],"about":[{"href":"https:\/\/www.opinionpublica.tv\/portada\/wp-json\/wp\/v2\/types\/post"}],"author":[{"embeddable":true,"href":"https:\/\/www.opinionpublica.tv\/portada\/wp-json\/wp\/v2\/users\/6"}],"replies":[{"embeddable":true,"href":"https:\/\/www.opinionpublica.tv\/portada\/wp-json\/wp\/v2\/comments?post=22159"}],"version-history":[{"count":0,"href":"https:\/\/www.opinionpublica.tv\/portada\/wp-json\/wp\/v2\/posts\/22159\/revisions"}],"wp:featuredmedia":[{"embeddable":true,"href":"https:\/\/www.opinionpublica.tv\/portada\/wp-json\/wp\/v2\/media\/22158"}],"wp:attachment":[{"href":"https:\/\/www.opinionpublica.tv\/portada\/wp-json\/wp\/v2\/media?parent=22159"}],"wp:term":[{"taxonomy":"category","embeddable":true,"href":"https:\/\/www.opinionpublica.tv\/portada\/wp-json\/wp\/v2\/categories?post=22159"},{"taxonomy":"post_tag","embeddable":true,"href":"https:\/\/www.opinionpublica.tv\/portada\/wp-json\/wp\/v2\/tags?post=22159"}],"curies":[{"name":"wp","href":"https:\/\/api.w.org\/{rel}","templated":true}]}}