{"id":22154,"date":"2020-02-03T07:00:00","date_gmt":"2020-02-03T06:00:00","guid":{"rendered":"https:\/\/www.opinionpublica.tv\/portada\/2020\/02\/03\/efemerides-3-de-febrero-2\/"},"modified":"2020-02-03T07:00:00","modified_gmt":"2020-02-03T06:00:00","slug":"efemerides-3-de-febrero-2","status":"publish","type":"post","link":"https:\/\/www.opinionpublica.tv\/portada\/efemerides-3-de-febrero-2\/","title":{"rendered":"Efem\u00e9rides 3 de febrero"},"content":{"rendered":"<img fetchpriority=\"high\" decoding=\"async\" class=\" size-full wp-image-22153\" src=\"https:\/\/www.opinionpublica.tv\/portada\/wp-content\/uploads\/2020\/02\/ba11900ae328fcb6b987551e02426fe2.jpg\" alt=\"\" class=\"caption\" title=\"As\u00ed era la sonda lunar sovi\u00e9tica \"Lunik 9.\" width=\"466\" height=\"314\" srcset=\"https:\/\/www.opinionpublica.tv\/portada\/wp-content\/uploads\/2020\/02\/ba11900ae328fcb6b987551e02426fe2.jpg 466w, https:\/\/www.opinionpublica.tv\/portada\/wp-content\/uploads\/2020\/02\/ba11900ae328fcb6b987551e02426fe2-300x202.jpg 300w\" sizes=\"(max-width: 466px) 100vw, 466px\" \/>\n<p style=\"text-align: justify;\">Un d\u00eda 3 de febrero como hoy, pero de 1966, la sonda lunar sovi\u00e9tica \u00abLunik 9\u00bb se posa sobre la superficie del sat\u00e9lite terrestre y emite im\u00e1genes desde el mar de Las Tormentas.<\/p>\n<p><!--more--><\/p>\n<p style=\"text-align: justify;\"><strong>Otras efem\u00e9rides<\/strong><\/p>\n<p style=\"text-align: justify;\">1754.- Nace Juan Ruiz de Apodaca, gobernador de Cuba y virrey de Nueva Espa\u00f1a.<\/p>\n<p style=\"text-align: justify;\">1807.- Las tropas brit\u00e1nicas del general Samuel Auchmuty, compuestas por 11,000 hombres, el mayor Ej\u00e9rcito llevado hasta entonces de Europa a Am\u00e9rica, toman la ciudad de Montevideo, a costa de graves p\u00e9rdidas.<\/p>\n<p style=\"text-align: justify;\">1809.- Nace Felix Mendelssohn, compositor alem\u00e1n.<\/p>\n<p style=\"text-align: justify;\">1813.- El coronel San Mart\u00edn derrota a los realistas en San Lorenzo.<\/p>\n<p style=\"text-align: justify;\">1843.- Comienza el sitio de Montevideo por las tropas del Gobierno de Rosas.<\/p>\n<p style=\"text-align: justify;\">1852.- Batalla de Monte Caseros (Argentina). Las tropas sublevadas del general Justo Jos\u00e9 de Urquiza derrotan a las del presidente Juan Jos\u00e9 Rosas y Buenos Aires aclama a Urquiza como libertador.<\/p>\n<p style=\"text-align: justify;\">1863.- Creaci\u00f3n de los Estados Unidos de Colombia bajo el Gobierno de Tom\u00e1s Cipriano de Mosquera.<\/p>\n<p style=\"text-align: justify;\">1876.- Firma del tratado de paz que dio fin a la guerra entre Argentina y Paraguay.<\/p>\n<p style=\"text-align: justify;\">1909.- Nace Simone Weil, fil\u00f3sofa y escritora francesa.<\/p>\n<p style=\"text-align: justify;\">1912.- Creaci\u00f3n de la Guardia Nacional de El Salvador.<\/p>\n<p style=\"text-align: justify;\">1913.- Estalla la Segunda Guerra de los Balcanes.<\/p>\n<p style=\"text-align: justify;\">1919.- Fuerzas sovi\u00e9ticas ocupan Ucrania y se forma en Kiev un Gobierno mixto.<\/p>\n<p style=\"text-align: justify;\">1924.- Muere Thomas Woodrow Wilson, XXIX presidente de EU.<\/p>\n<p style=\"text-align: justify;\">1947.- Nace Paul Auster, escritor estadounidense.<\/p>\n<p style=\"text-align: justify;\">1969.- Yaser Arafat es nombrado jefe de la OLP por el Congreso Nacional Palestino.<\/p>\n<p style=\"text-align: justify;\">1982.- Muere Efraim Huerta Romo, poeta mexicano.<\/p>\n<p style=\"text-align: justify;\">1984.- El astronauta de la NASA Bruce McCandless sale al espacio y se aleja del trasbordador \u00abChallenger\u00bb mediante un sill\u00f3n propulsor sin cable de seguridad.<\/p>\n<p style=\"text-align: justify;\">1984.- La Declaraci\u00f3n de Caracas, firmada por seis pa\u00edses democr\u00e1ticos hispanoamericanos y por Espa\u00f1a, califica la democracia como el mejor sistema pol\u00edtico para Latinoam\u00e9rica.<\/p>\n<p style=\"text-align: justify;\">1985.- El Papa Juan Pablo II visita Cuzco y Ayacucho (Per\u00fa).<\/p>\n<p style=\"text-align: justify;\">1988.- El Congreso estadounidense rechaza la propuesta del presidente Ronald Reagan de conceder 36 millones de d\u00f3lares a la \u00abcontra\u00bb nicarag\u00fcense.<\/p>\n<p style=\"text-align: justify;\">1991.- El Partido Comunista Italiano deja de existir oficialmente tras 70 a\u00f1os de historia y se convierte en el Partido Democr\u00e1tico de la Izquierda.<\/p>\n<p style=\"text-align: justify;\">1994.- Lanzamiento del trasbordador \u00abDiscovery\u00bb con un astronauta ruso a bordo, primero en un veh\u00edculo espacial estadounidense.<\/p>\n<p style=\"text-align: justify;\">2001.- El Gobierno mexicano entrega a Espa\u00f1a al ex capit\u00e1n Ricardo Miguel Cavallo para ser juzgado por los delitos de genocidio y tortura cometidos por las juntas militares entre 1976 y 1983.<\/p>\n<p style=\"text-align: justify;\">2005.- Un Boeing 737 de Kam Air se estrella en las monta\u00f1as cercanas a Kabul, Afganist\u00e1n, causando la muerte de sus 104 ocupantes.<\/p>\n<p style=\"text-align: justify;\">2006.- El transbordador \u00abSalam 98\u00bb naufraga en el mar Rojo, con 1.414 personas a bordo, de los que sobrevivieron 388, y se recuperaron los cad\u00e1veres de 331.<\/p>\n<p style=\"text-align: justify;\">2006.- El jefe paramilitar colombiano Hern\u00e1n Giraldo Serna, reclamado en extradici\u00f3n por EU, entrega las armas junto a 1.165 integrantes de las Autodefensas Unidas de Colombia (AUC).<\/p>\n<p style=\"text-align: justify;\">2009.- Ir\u00e1n lanza su primer sat\u00e9lite de fabricaci\u00f3n propia, con fines pac\u00edficos.<\/p>\n<p style=\"text-align: justify;\">2009.- Las FARC liberan al ex gobernador del departamento de Meta (Colombia), Alan Jara.<\/p>\n","protected":false},"excerpt":{"rendered":"<p>Un d\u00eda 3 de febrero como hoy, pero de 1966, la sonda lunar sovi\u00e9tica \u00abLunik 9\u00bb se posa sobre la superficie del sat\u00e9lite terrestre y emite im\u00e1genes desde el mar de Las Tormentas.<\/p>\n","protected":false},"author":6,"featured_media":22153,"comment_status":"open","ping_status":"open","sticky":false,"template":"","format":"standard","meta":{"_acf_changed":false,"_monsterinsights_skip_tracking":false,"slim_seo":{"title":"Efem\u00e9rides 3 de febrero - Opini\u00f3n P\u00fablica","description":"Un d\u00eda 3 de febrero como hoy, pero de 1966, la sonda lunar sovi\u00e9tica \"Lunik 9\" se posa sobre la superficie del sat\u00e9lite terrestre y emite im\u00e1genes desde el mar"},"footnotes":""},"categories":[27],"tags":[],"class_list":["post-22154","post","type-post","status-publish","format-standard","has-post-thumbnail","hentry","category-un-dia-como-hoy"],"acf":[],"_links":{"self":[{"href":"https:\/\/www.opinionpublica.tv\/portada\/wp-json\/wp\/v2\/posts\/22154","targetHints":{"allow":["GET"]}}],"collection":[{"href":"https:\/\/www.opinionpublica.tv\/portada\/wp-json\/wp\/v2\/posts"}],"about":[{"href":"https:\/\/www.opinionpublica.tv\/portada\/wp-json\/wp\/v2\/types\/post"}],"author":[{"embeddable":true,"href":"https:\/\/www.opinionpublica.tv\/portada\/wp-json\/wp\/v2\/users\/6"}],"replies":[{"embeddable":true,"href":"https:\/\/www.opinionpublica.tv\/portada\/wp-json\/wp\/v2\/comments?post=22154"}],"version-history":[{"count":0,"href":"https:\/\/www.opinionpublica.tv\/portada\/wp-json\/wp\/v2\/posts\/22154\/revisions"}],"wp:featuredmedia":[{"embeddable":true,"href":"https:\/\/www.opinionpublica.tv\/portada\/wp-json\/wp\/v2\/media\/22153"}],"wp:attachment":[{"href":"https:\/\/www.opinionpublica.tv\/portada\/wp-json\/wp\/v2\/media?parent=22154"}],"wp:term":[{"taxonomy":"category","embeddable":true,"href":"https:\/\/www.opinionpublica.tv\/portada\/wp-json\/wp\/v2\/categories?post=22154"},{"taxonomy":"post_tag","embeddable":true,"href":"https:\/\/www.opinionpublica.tv\/portada\/wp-json\/wp\/v2\/tags?post=22154"}],"curies":[{"name":"wp","href":"https:\/\/api.w.org\/{rel}","templated":true}]}}