{"id":22104,"date":"2020-01-28T07:00:00","date_gmt":"2020-01-28T06:00:00","guid":{"rendered":"https:\/\/www.opinionpublica.tv\/portada\/2020\/01\/28\/estos-alimentos-ayudan-a-disminuir-el-riesgo-de-contraer-cancer\/"},"modified":"2020-01-28T07:00:00","modified_gmt":"2020-01-28T06:00:00","slug":"estos-alimentos-ayudan-a-disminuir-el-riesgo-de-contraer-cancer","status":"publish","type":"post","link":"https:\/\/www.opinionpublica.tv\/portada\/estos-alimentos-ayudan-a-disminuir-el-riesgo-de-contraer-cancer\/","title":{"rendered":"Alimentos que ayudan a disminuir el riesgo de contraer c\u00e1ncer"},"content":{"rendered":"<p><img fetchpriority=\"high\" decoding=\"async\" class=\" size-full wp-image-22103\" src=\"https:\/\/www.opinionpublica.tv\/portada\/wp-content\/uploads\/2020\/01\/2c9e98c82540d7b9fa7536eecc29745e.jpg\" alt=\"\" class=\"caption\" title=\"Consumir vegetales como el tomate previene ciertos tipos de c\u00e1ncer.\" width=\"696\" height=\"465\" srcset=\"https:\/\/www.opinionpublica.tv\/portada\/wp-content\/uploads\/2020\/01\/2c9e98c82540d7b9fa7536eecc29745e.jpg 696w, https:\/\/www.opinionpublica.tv\/portada\/wp-content\/uploads\/2020\/01\/2c9e98c82540d7b9fa7536eecc29745e-300x200.jpg 300w\" sizes=\"(max-width: 696px) 100vw, 696px\" \/><br \/>\n<!--more--><\/p>\n<p style=\"text-align: justify;\"><em>Par\u00eds, Francia<\/em>.- Investigadores lograron demostrar que el consumo de alimentos org\u00e1nicos disminuye el riesgo de contraer ciertos tipos de c\u00e1ncer, as\u00ed lo se\u00f1ala un\u00a0reciente estudio\u00a0publicado en\u00a0a revista JAMA Internal Medicine.<\/p>\n<p style=\"text-align: justify;\">Seg\u00fan los cient\u00edficos del\u00a0Centro de Investigaci\u00f3n en Epidemiolog\u00eda y Estad\u00edsticas de Par\u00eds, que analizaron la informaci\u00f3n entre los a\u00f1os 2009 y 2016 de alrededor de 70 mil franceses adultos, los \u00edndices de\u00a0<strong>c\u00e1ncer de mama y de\u00a0linfoma no hodgkiniano<\/strong>\u00a0resultaron m\u00e1s bajos entre los individuos que evitaban los alimentos convencionales.<\/p>\n<p style=\"text-align: justify;\"><strong>Menos qu\u00edmicos, m\u00e1s salud<\/strong><\/p>\n<p style=\"text-align: justify;\">Los participantes fueron segmentados en cuatro grupos, dependiendo de la proporci\u00f3n en el consumo de comida org\u00e1nica que se produce sin emplear fertilizantes, pesticidas, minerales sint\u00e9ticos, aditivos artificiales, reguladores de crecimiento y sustancias modificadas gen\u00e9ticamente. Los expertos tuvieron en cuenta tambi\u00e9n otros factores que inciden en el riesgo de desarrollar tumores malignos.<\/p>\n<p style=\"text-align: justify;\">Como resultado, las personas que consum\u00edan productos org\u00e1nicos registraron un\u00a0<strong>25% menos de probabilidades de contraer c\u00e1ncer<\/strong>. No obstante, esta dieta no influy\u00f3 en la probabilidad de desarrollar c\u00e1ncer de pr\u00f3stata y c\u00e1ncer intestinal.<\/p>\n<p style=\"text-align: justify;\">Los autores de la investigaci\u00f3n se\u00f1alaron que el resultado obtenido puede deberse al hecho de que las personas que ingieren\u00a0alimentos org\u00e1nicos\u00a0en mayor proporci\u00f3n consumen menor cantidad de residuos de productos qu\u00edmicos usados en la agricultura. (Grandes Medios)<\/p>\n","protected":false},"excerpt":{"rendered":"","protected":false},"author":6,"featured_media":22103,"comment_status":"open","ping_status":"open","sticky":false,"template":"","format":"standard","meta":{"_acf_changed":false,"_monsterinsights_skip_tracking":false,"slim_seo":{"title":"Alimentos que ayudan a disminuir el riesgo de contraer c\u00e1ncer - Opini\u00f3n P\u00fablica","description":"Par\u00eds, Francia .- Investigadores lograron demostrar que el consumo de alimentos org\u00e1nicos disminuye el riesgo de contraer ciertos tipos de c\u00e1ncer, as\u00ed lo se\u00f1ala"},"footnotes":""},"categories":[28],"tags":[189,170,188],"class_list":["post-22104","post","type-post","status-publish","format-standard","has-post-thumbnail","hentry","category-bienestar-salud","tag-nutricion","tag-salud","tag-vegetales"],"acf":[],"_links":{"self":[{"href":"https:\/\/www.opinionpublica.tv\/portada\/wp-json\/wp\/v2\/posts\/22104","targetHints":{"allow":["GET"]}}],"collection":[{"href":"https:\/\/www.opinionpublica.tv\/portada\/wp-json\/wp\/v2\/posts"}],"about":[{"href":"https:\/\/www.opinionpublica.tv\/portada\/wp-json\/wp\/v2\/types\/post"}],"author":[{"embeddable":true,"href":"https:\/\/www.opinionpublica.tv\/portada\/wp-json\/wp\/v2\/users\/6"}],"replies":[{"embeddable":true,"href":"https:\/\/www.opinionpublica.tv\/portada\/wp-json\/wp\/v2\/comments?post=22104"}],"version-history":[{"count":0,"href":"https:\/\/www.opinionpublica.tv\/portada\/wp-json\/wp\/v2\/posts\/22104\/revisions"}],"wp:featuredmedia":[{"embeddable":true,"href":"https:\/\/www.opinionpublica.tv\/portada\/wp-json\/wp\/v2\/media\/22103"}],"wp:attachment":[{"href":"https:\/\/www.opinionpublica.tv\/portada\/wp-json\/wp\/v2\/media?parent=22104"}],"wp:term":[{"taxonomy":"category","embeddable":true,"href":"https:\/\/www.opinionpublica.tv\/portada\/wp-json\/wp\/v2\/categories?post=22104"},{"taxonomy":"post_tag","embeddable":true,"href":"https:\/\/www.opinionpublica.tv\/portada\/wp-json\/wp\/v2\/tags?post=22104"}],"curies":[{"name":"wp","href":"https:\/\/api.w.org\/{rel}","templated":true}]}}