{"id":22094,"date":"2020-01-27T07:00:00","date_gmt":"2020-01-27T06:00:00","guid":{"rendered":"https:\/\/www.opinionpublica.tv\/portada\/2020\/01\/27\/mexico-esta-muy-lejos-de-ser-autosuficiente-en-maiz\/"},"modified":"2020-01-27T07:00:00","modified_gmt":"2020-01-27T06:00:00","slug":"mexico-esta-muy-lejos-de-ser-autosuficiente-en-maiz","status":"publish","type":"post","link":"https:\/\/www.opinionpublica.tv\/portada\/mexico-esta-muy-lejos-de-ser-autosuficiente-en-maiz\/","title":{"rendered":"M\u00e9xico est\u00e1 muy lejos de ser autosuficiente en ma\u00edz"},"content":{"rendered":"<p><img fetchpriority=\"high\" decoding=\"async\" class=\" size-full wp-image-22093\" src=\"https:\/\/www.opinionpublica.tv\/portada\/wp-content\/uploads\/2020\/01\/46e37ace68390fccbadd599e6bf27a20.jpg\" alt=\"\" class=\"caption\" title=\"M\u00e9xico tiene que importar ma\u00edz para abastecer al mercado nacional.\" width=\"640\" height=\"360\" srcset=\"https:\/\/www.opinionpublica.tv\/portada\/wp-content\/uploads\/2020\/01\/46e37ace68390fccbadd599e6bf27a20.jpg 640w, https:\/\/www.opinionpublica.tv\/portada\/wp-content\/uploads\/2020\/01\/46e37ace68390fccbadd599e6bf27a20-300x169.jpg 300w\" sizes=\"(max-width: 640px) 100vw, 640px\" \/><br \/>\n<!--more--><\/p>\n<p style=\"text-align: justify;\"><em>Ciudad de M\u00e9xico<\/em>.- M\u00e9xico tendr\u00e1 mayores importaciones de ma\u00edz en el 2020, ante la ca\u00edda en la producci\u00f3n de 4.5% que se pronostica a nivel nacional, respecto al a\u00f1o previo, por lo que se espera pasar de 16 millones de toneladas estimadas para el 2019 a un r\u00e9cord de 18 millones de toneladas, por arriba de 17.13 millones adquiridas en el 2018.<\/p>\n<p style=\"text-align: justify;\">De acuerdo con datos del Grupo Consultor de Mercados Agr\u00edcolas (GCMA), el gobierno federal ha proyectado una producci\u00f3n a nivel nacional de alrededor de 26.4 millones de toneladas, lo que representa 4.5% menos que 27.6 millones de toneladas en las que se estima que cerr\u00f3 el 2019.<\/p>\n<p style=\"text-align: justify;\">\u201cEsta disminuci\u00f3n se debe a un descenso previsto de 12.5% en la cosecha del grano en Sinaloa en el ciclo oto\u00f1o-invierno 2019\/20, luego de que la sequ\u00eda en el 2019 afectara el almacenamiento de agua en las presas de la entidad, y en consecuencia redujera el \u00e1rea de siembra en 8% anual, a 450,000 hect\u00e1reas\u201d, detall\u00f3 Juan Carlos Anaya, director de la consultor\u00eda.<\/p>\n<p style=\"text-align: justify;\">Para el Consejo Nacional Agropecuario (CNA), el mal clima es una arista del problema, pero otra, y muy importante, es el cambio en la agenda de pol\u00edticas gubernamentales, toda vez que en el a\u00f1o que concluy\u00f3, el primero de la administraci\u00f3n de Andr\u00e9s Manuel L\u00f3pez Obrador, se recortaron los apoyos a la comercializaci\u00f3n de producto.<\/p>\n<p style=\"text-align: justify;\">\u201cConsideramos que, al haber quitado los apoyos de comercializaci\u00f3n que le dan certidumbre al productor y que ordenan el mercado, nos va a hacer da\u00f1o\u201d, dijo Rogelio Garc\u00eda Moreno, vicepresidente agr\u00edcola del CNA y productor de ma\u00edz en Tamaulipas.<\/p>\n<p style=\"text-align: justify;\">De acuerdo con estad\u00edsticas de la Secretar\u00eda de Agricultura y Desarrollo Rural (Sader), del 2016 al 2019 la producci\u00f3n del grano se mantuvo por arriba de 27 millones de toneladas, con un pico en el 2016, cuando se contabilizaron 28.3 millones de toneladas.<\/p>\n<p style=\"text-align: justify;\">En promedio, casi 90% de la producci\u00f3n nacional de ma\u00edz corresponde a ma\u00edz blanco, variedad en la que nuestro pa\u00eds es autosuficiente. El resto se conforma de ma\u00edz amarillo, en el que M\u00e9xico tiene un amplio d\u00e9ficit, pues apenas puede producir una quinta parte de lo que consume.<\/p>\n<p style=\"text-align: justify;\">Detall\u00f3 que contra los riesgos clim\u00e1ticos \u201cs\u00f3lo existen los seguros. Sin embargo, estos han disminuido, poniendo en riesgo al productor en una actividad alta en riesgo\u201d.<\/p>\n<p style=\"text-align: justify;\">Respecto a las exportaciones, expuso el director del GCMA que se proyectan en 550,000 toneladas, la cifra m\u00e1s baja desde el 2014, y 31.3% menor a la de 800,000 toneladas que se estima que fueron exportadas en el 2019.<\/p>\n<p style=\"text-align: justify;\">Por otra parte, destac\u00f3 que las pol\u00edticas p\u00fablicas del nuevo gobierno, enfocadas en incrementar la producci\u00f3n de ma\u00edz, a\u00fan no tienen resultados positivos, ya que no se va a lograr aumentar la producci\u00f3n.<\/p>\n<p style=\"text-align: justify;\">\u201cEl programa de bienestar Precios de Garant\u00eda no promueve ni incentiva la productividad, por lo que la meta de reducir las importaciones no se va a lograr, adem\u00e1s de que el consumo sigue creciendo para el mercado interno\u201d, a\u00f1adi\u00f3.<\/p>\n<p style=\"text-align: justify;\">Para Rogelio Garc\u00eda, del CNA, los resultados de las nuevas pol\u00edticas ser\u00e1n limitados en tanto no consideren esquemas de agricultura por contrato. Y en particular, sobre el programa de Precios de Garant\u00eda, mediante el cual el gobierno se compromete a pagar a peque\u00f1os productores hasta 6,000 pesos por tonelada de ma\u00edz, expres\u00f3 que los resultados a\u00fan no se han visto.<\/p>\n<p style=\"text-align: justify;\">Lament\u00f3 tambi\u00e9n el recorte presupuestal de la Sader, que para el ejercicio 2020 perdi\u00f3 27%, equivalente a casi 19,000 millones de pesos, para quedar con un monto de 47,576 millones de pesos. Lo anterior implica la p\u00e9rdida de recursos para cinco programas considerados como clave por el CNA: Apoyos a la Comercializaci\u00f3n, el de concurrencia con los estados y los de Fomento Agr\u00edcola, Ganadero y Pesquero<\/p>\n<p style=\"text-align: justify;\">Por su parte, la Secretar\u00eda de Agricultura inform\u00f3 que en el sector agr\u00edcola se prev\u00e9 una producci\u00f3n consolidada de 262.6 millones de toneladas, 0.5% m\u00e1s que el a\u00f1o 2018, y que pese a que hay una proyecci\u00f3n menor en este a\u00f1o en ma\u00edz \u201cel abasto del grano est\u00e1 garantizado, con disponibilidad en todo el pa\u00eds\u201d.<\/p>\n<p style=\"text-align: justify;\">47,576 millones de pesos es el presupuesto aprobado para la Sader este a\u00f1o, 27% menos que el a\u00f1o pasado.<\/p>\n<p style=\"text-align: justify;\">90% de la producci\u00f3n de ma\u00edz en M\u00e9xico corresponde a ma\u00edz blanco.<\/p>\n<p style=\"text-align: justify;\">2,700 millones de d\u00f3lares es lo que eroga M\u00e9xico en importar ma\u00edz a\u00f1o con a\u00f1o desde EU.<\/p>\n<p style=\"text-align: justify;\"><em>Con informaci\u00f3n de El Economista.<\/em><\/p>\n","protected":false},"excerpt":{"rendered":"","protected":false},"author":6,"featured_media":22093,"comment_status":"open","ping_status":"open","sticky":false,"template":"","format":"standard","meta":{"_acf_changed":false,"_monsterinsights_skip_tracking":false,"slim_seo":{"title":"M\u00e9xico est\u00e1 muy lejos de ser autosuficiente en ma\u00edz - Opini\u00f3n P\u00fablica","description":"Ciudad de M\u00e9xico .- M\u00e9xico tendr\u00e1 mayores importaciones de ma\u00edz en el 2020, ante la ca\u00edda en la producci\u00f3n de 4.5% que se pronostica a nivel nacional, respecto"},"footnotes":""},"categories":[9],"tags":[],"class_list":["post-22094","post","type-post","status-publish","format-standard","has-post-thumbnail","hentry","category-nacional"],"acf":[],"_links":{"self":[{"href":"https:\/\/www.opinionpublica.tv\/portada\/wp-json\/wp\/v2\/posts\/22094","targetHints":{"allow":["GET"]}}],"collection":[{"href":"https:\/\/www.opinionpublica.tv\/portada\/wp-json\/wp\/v2\/posts"}],"about":[{"href":"https:\/\/www.opinionpublica.tv\/portada\/wp-json\/wp\/v2\/types\/post"}],"author":[{"embeddable":true,"href":"https:\/\/www.opinionpublica.tv\/portada\/wp-json\/wp\/v2\/users\/6"}],"replies":[{"embeddable":true,"href":"https:\/\/www.opinionpublica.tv\/portada\/wp-json\/wp\/v2\/comments?post=22094"}],"version-history":[{"count":0,"href":"https:\/\/www.opinionpublica.tv\/portada\/wp-json\/wp\/v2\/posts\/22094\/revisions"}],"wp:featuredmedia":[{"embeddable":true,"href":"https:\/\/www.opinionpublica.tv\/portada\/wp-json\/wp\/v2\/media\/22093"}],"wp:attachment":[{"href":"https:\/\/www.opinionpublica.tv\/portada\/wp-json\/wp\/v2\/media?parent=22094"}],"wp:term":[{"taxonomy":"category","embeddable":true,"href":"https:\/\/www.opinionpublica.tv\/portada\/wp-json\/wp\/v2\/categories?post=22094"},{"taxonomy":"post_tag","embeddable":true,"href":"https:\/\/www.opinionpublica.tv\/portada\/wp-json\/wp\/v2\/tags?post=22094"}],"curies":[{"name":"wp","href":"https:\/\/api.w.org\/{rel}","templated":true}]}}