{"id":21982,"date":"2020-01-21T07:00:00","date_gmt":"2020-01-21T06:00:00","guid":{"rendered":"https:\/\/www.opinionpublica.tv\/portada\/2020\/01\/21\/estudiantes-de-utcj-concluyen-programa-de-6-meses-en-canada\/"},"modified":"2020-01-21T07:00:00","modified_gmt":"2020-01-21T06:00:00","slug":"estudiantes-de-utcj-concluyen-programa-de-6-meses-en-canada","status":"publish","type":"post","link":"https:\/\/www.opinionpublica.tv\/portada\/estudiantes-de-utcj-concluyen-programa-de-6-meses-en-canada\/","title":{"rendered":"Estudiantes de UTCJ concluyen programa de 6 meses en Canad\u00e1"},"content":{"rendered":"<p><img fetchpriority=\"high\" decoding=\"async\" class=\" size-full wp-image-21981\" src=\"https:\/\/www.opinionpublica.tv\/portada\/wp-content\/uploads\/2020\/01\/aa4ad4f2f7f387d6bd52d2fa8be4e6eb-scaled.jpg\" alt=\"\" class=\"caption\" title=\"Los estudiantes perfeccionaron sus conocimientos de franc\u00e9s en Canad\u00e1.\" width=\"2560\" height=\"1707\" srcset=\"https:\/\/www.opinionpublica.tv\/portada\/wp-content\/uploads\/2020\/01\/aa4ad4f2f7f387d6bd52d2fa8be4e6eb-scaled.jpg 2560w, https:\/\/www.opinionpublica.tv\/portada\/wp-content\/uploads\/2020\/01\/aa4ad4f2f7f387d6bd52d2fa8be4e6eb-300x200.jpg 300w\" sizes=\"(max-width: 2560px) 100vw, 2560px\" \/><br \/>\n<!--more--><\/p>\n<p style=\"text-align: justify;\"><em>Ciudad Ju\u00e1rez, Chih<\/em>.- Tras seis meses de estudiar, residir, convivir y perfeccionar sus conocimientos en el idioma franc\u00e9s en el norte\u00f1o pa\u00eds de Canad\u00e1, dos j\u00f3venes est\u00e1n de regreso en la localidad para continuar sus estudios en la Universidad Tecnol\u00f3gica de Ciudad Ju\u00e1rez.<\/p>\n<p style=\"text-align: justify;\">Se trata de Natali Lozano, estudiante del primer grado de la carrera de licenciatura en Desarrollo de Negocios y Oscar Aguilar, de la misma carrera en el primer cuatrimestre de la ingenier\u00eda.<\/p>\n<p style=\"text-align: justify;\">Ambos alumnos fueron seleccionados para obtener la beca de movilidad estudiantil a Quebec, que otorga la Universidad Tecnol\u00f3gica de Ciudad Ju\u00e1rez, en conjunto con la Secretar\u00eda de Educaci\u00f3n P\u00fablica del gobierno federal.<\/p>\n<p style=\"text-align: justify;\">Los mencionados inquilinos de la Casa de los Toros Bravos se trasladaron a la ciudad de Jonqui\u00e9re, en la regi\u00f3n de Saguenay, al norte de Quebec, Canad\u00e1, donde cursaron durante cinco meses y medio un programa de Gesti\u00f3n de Comercio en el C\u00e9gep de la localidad, el cual se imparte totalmente en idioma franc\u00e9s.<\/p>\n<p style=\"text-align: justify;\">Los C\u00e9geps en Canad\u00e1 son similares o el equivalente a las universidades tecnol\u00f3gicas en nuestro pa\u00eds, aclararon los j\u00f3venes alumnos.<\/p>\n<p style=\"text-align: justify;\">Agregaron que para tal prop\u00f3sito, primeramente llevaron varios cursos del idioma franc\u00e9s, que recibieron de manera gratuita por parte de la Universidad Tecnol\u00f3gica de Ciudad, instituci\u00f3n que en todo momento les dio el apoyo y facilidades para ejercer la beca.<\/p>\n<p style=\"text-align: justify;\">Indicaron que en t\u00e9rminos generales les fue bien durante su estancia en el pa\u00eds del norte, \u201crealizamos proyectos, las clases son muy similares a las que tenemos aqu\u00ed en las universidades tecnol\u00f3gicas, lo cual nos ayuda a encontrar la relaci\u00f3n con el programa, para que no se nos haga tan dif\u00edcil y poder lograrlo\u201d.<\/p>\n<p style=\"text-align: justify;\">Comentaron que aunque pueden asegurar que les fue bien, es innegable el hecho de que tuvieron que enfrentar algunos escollos, como el del idioma, que se habla diferente al aprendido y el sentir en un principio el recelo o cierto rechazo por parte de sus compa\u00f1eros,\u00a0\u00a0situaci\u00f3n que superaron r\u00e1pidamente al demostrarles que pod\u00edan trabajar como ellos, aunque no tuvieran el mismo nivel.<\/p>\n<p style=\"text-align: justify;\">Asimismo, manifestaron que lo que sigue es continuar y concluir sus estudios profesionales en la Universidad Tecnol\u00f3gica de Ciudad Ju\u00e1rez, aplicando y compartiendo con sus compa\u00f1eros y\u00a0\u00a0docentes los conocimientos adquiridos durante su estancia en Canad\u00e1.<\/p>\n<p style=\"text-align: justify;\">Por su parte, Guillermo Jos\u00e9 \u00c1lvarez Terrazas, rector de la Universidad Tecnol\u00f3gica de Ciudad Ju\u00e1rez, dio la bienvenida y felicit\u00f3 a los alumnos reci\u00e9n regresados.<\/p>\n<p style=\"text-align: justify;\">El rector reconoci\u00f3 el esfuerzo realizado por los j\u00f3venes Toros Bravos y los conmin\u00f3 a seguir prepar\u00e1ndose y buscar las oportunidades para su superaci\u00f3n personal, en beneficio de la comunidad.<\/p>\n","protected":false},"excerpt":{"rendered":"","protected":false},"author":6,"featured_media":21981,"comment_status":"open","ping_status":"open","sticky":false,"template":"","format":"standard","meta":{"_acf_changed":false,"_monsterinsights_skip_tracking":false,"slim_seo":{"title":"Estudiantes de UTCJ concluyen programa de 6 meses en Canad\u00e1 - Opini\u00f3n P\u00fablica","description":"Ciudad Ju\u00e1rez, Chih .- Tras seis meses de estudiar, residir, convivir y perfeccionar sus conocimientos en el idioma franc\u00e9s en el norte\u00f1o pa\u00eds de Canad\u00e1, dos j\u00f3"},"footnotes":""},"categories":[5],"tags":[],"class_list":["post-21982","post","type-post","status-publish","format-standard","has-post-thumbnail","hentry","category-frontera"],"acf":[],"_links":{"self":[{"href":"https:\/\/www.opinionpublica.tv\/portada\/wp-json\/wp\/v2\/posts\/21982","targetHints":{"allow":["GET"]}}],"collection":[{"href":"https:\/\/www.opinionpublica.tv\/portada\/wp-json\/wp\/v2\/posts"}],"about":[{"href":"https:\/\/www.opinionpublica.tv\/portada\/wp-json\/wp\/v2\/types\/post"}],"author":[{"embeddable":true,"href":"https:\/\/www.opinionpublica.tv\/portada\/wp-json\/wp\/v2\/users\/6"}],"replies":[{"embeddable":true,"href":"https:\/\/www.opinionpublica.tv\/portada\/wp-json\/wp\/v2\/comments?post=21982"}],"version-history":[{"count":0,"href":"https:\/\/www.opinionpublica.tv\/portada\/wp-json\/wp\/v2\/posts\/21982\/revisions"}],"wp:featuredmedia":[{"embeddable":true,"href":"https:\/\/www.opinionpublica.tv\/portada\/wp-json\/wp\/v2\/media\/21981"}],"wp:attachment":[{"href":"https:\/\/www.opinionpublica.tv\/portada\/wp-json\/wp\/v2\/media?parent=21982"}],"wp:term":[{"taxonomy":"category","embeddable":true,"href":"https:\/\/www.opinionpublica.tv\/portada\/wp-json\/wp\/v2\/categories?post=21982"},{"taxonomy":"post_tag","embeddable":true,"href":"https:\/\/www.opinionpublica.tv\/portada\/wp-json\/wp\/v2\/tags?post=21982"}],"curies":[{"name":"wp","href":"https:\/\/api.w.org\/{rel}","templated":true}]}}