{"id":21962,"date":"2020-01-19T07:00:00","date_gmt":"2020-01-19T06:00:00","guid":{"rendered":"https:\/\/www.opinionpublica.tv\/portada\/2020\/01\/19\/alistan-gobernadores-panistas-plan-alternativo-a-insabi\/"},"modified":"2020-01-19T07:00:00","modified_gmt":"2020-01-19T06:00:00","slug":"alistan-gobernadores-panistas-plan-alternativo-a-insabi","status":"publish","type":"post","link":"https:\/\/www.opinionpublica.tv\/portada\/alistan-gobernadores-panistas-plan-alternativo-a-insabi\/","title":{"rendered":"Alistan gobernadores panistas plan alternativo a Insabi"},"content":{"rendered":"<p><img fetchpriority=\"high\" decoding=\"async\" class=\" size-full wp-image-21961\" src=\"https:\/\/www.opinionpublica.tv\/portada\/wp-content\/uploads\/2020\/01\/65d3ee8a483fcaffb7104db86d99cbdf.jpg\" alt=\"\" class=\"caption\" title=\"Marko Cort\u00e9s, presidente nacional del PAN.\" width=\"760\" height=\"506\" srcset=\"https:\/\/www.opinionpublica.tv\/portada\/wp-content\/uploads\/2020\/01\/65d3ee8a483fcaffb7104db86d99cbdf.jpg 760w, https:\/\/www.opinionpublica.tv\/portada\/wp-content\/uploads\/2020\/01\/65d3ee8a483fcaffb7104db86d99cbdf-300x200.jpg 300w\" sizes=\"(max-width: 760px) 100vw, 760px\" \/><br \/>\n<!--more--><\/p>\n<p style=\"text-align: justify;\"><em>Ciudad de M\u00e9xico<\/em>.- Gobernadores emanados del PAN presentar\u00e1n este lunes un plan de seguridad social alternativo al Instituto Nacional de Salud para el Bienestar (Insabi).<\/p>\n<p style=\"text-align: justify;\">El presidente del PAN, Marko Cort\u00e9s, detall\u00f3 que la propuesta permitir\u00e1 garantizar la gratuidad y accesibilidad al servicio del salud, ante el caos que ha imperado en el arranque del nuevo instituto.<\/p>\n<p style=\"text-align: justify;\">La propuesta del blanquiazul surgi\u00f3 de un c\u00f3nclave que sostuvieron ayer mandatarios panistas en M\u00e9rida.<\/p>\n<p style=\"text-align: justify;\">\u00abNosotros hoy exigimos al Gobierno federal que se siga dando los servicios, la gratuidad y calidad que se ofrec\u00eda en el Seguro Popular. Sin duda hab\u00eda retos por resolver, pero hoy vemos que con el Insabi hay m\u00e1s problemas que atenci\u00f3n, hay m\u00e1s costos de los que se ten\u00edan anteriormente\u00bb, dijo entrevistado en la capital de Yucat\u00e1n.<\/p>\n<p style=\"text-align: justify;\">\u00abY por eso los gobernadores de Acci\u00f3n Nacional el d\u00eda de ma\u00f1ana presentar\u00e1n una propuesta alternativa para decirle al presidente de la Rep\u00fablica c\u00f3mo s\u00ed podemos construir, en el nombre que quieran: Seguro Popular o Insabi, pero c\u00f3mo s\u00ed podemos garantizar la cobertura de salud y la gratuidad de la misma para todos los mexicanos\u00bb.<\/p>\n<p style=\"text-align: justify;\">Cort\u00e9s sostuvo que todos los gobernadores del PAN est\u00e1n dentro del acuerdo con la finalidad de garantizar el derecho al acceso a la salud.<\/p>\n<p style=\"text-align: justify;\">\u00abEn Acci\u00f3n Nacional la prioridad de seguir garantizando la gratuidad y la cobertura de los servicios de salud a toda la gente de los estados a quienes gobiernan, y es por eso que el d\u00eda de ayer se tuvo una larga reuni\u00f3n para poder construir una posici\u00f3n y una propuesta concreta y puntual que se dar\u00e1 a conocer el d\u00eda de ma\u00f1ana.<\/p>\n<p style=\"text-align: justify;\">\u00abEl d\u00eda de ma\u00f1ana se dar\u00e1 a conocer la posici\u00f3n respecto del Insabi y la propuesta de viabilidad para que se garantice la gratuidad, la calidad y cobertura de los servicios. La idea es que todos los Gobernadores de Acci\u00f3n Nacional podamos concurrir exactamente en la misma posici\u00f3n: cuidar la calidad, la cobertura y gratuidad de los servicios de salud de los estados que nuestros Gobernadores representan\u00bb, precis\u00f3.<\/p>\n","protected":false},"excerpt":{"rendered":"","protected":false},"author":6,"featured_media":21961,"comment_status":"open","ping_status":"open","sticky":false,"template":"","format":"standard","meta":{"_acf_changed":false,"_monsterinsights_skip_tracking":false,"slim_seo":{"title":"Alistan gobernadores panistas plan alternativo a Insabi - Opini\u00f3n P\u00fablica","description":"Ciudad de M\u00e9xico .- Gobernadores emanados del PAN presentar\u00e1n este lunes un plan de seguridad social alternativo al Instituto Nacional de Salud para el Bienesta"},"footnotes":""},"categories":[9],"tags":[],"class_list":["post-21962","post","type-post","status-publish","format-standard","has-post-thumbnail","hentry","category-nacional"],"acf":[],"_links":{"self":[{"href":"https:\/\/www.opinionpublica.tv\/portada\/wp-json\/wp\/v2\/posts\/21962","targetHints":{"allow":["GET"]}}],"collection":[{"href":"https:\/\/www.opinionpublica.tv\/portada\/wp-json\/wp\/v2\/posts"}],"about":[{"href":"https:\/\/www.opinionpublica.tv\/portada\/wp-json\/wp\/v2\/types\/post"}],"author":[{"embeddable":true,"href":"https:\/\/www.opinionpublica.tv\/portada\/wp-json\/wp\/v2\/users\/6"}],"replies":[{"embeddable":true,"href":"https:\/\/www.opinionpublica.tv\/portada\/wp-json\/wp\/v2\/comments?post=21962"}],"version-history":[{"count":0,"href":"https:\/\/www.opinionpublica.tv\/portada\/wp-json\/wp\/v2\/posts\/21962\/revisions"}],"wp:featuredmedia":[{"embeddable":true,"href":"https:\/\/www.opinionpublica.tv\/portada\/wp-json\/wp\/v2\/media\/21961"}],"wp:attachment":[{"href":"https:\/\/www.opinionpublica.tv\/portada\/wp-json\/wp\/v2\/media?parent=21962"}],"wp:term":[{"taxonomy":"category","embeddable":true,"href":"https:\/\/www.opinionpublica.tv\/portada\/wp-json\/wp\/v2\/categories?post=21962"},{"taxonomy":"post_tag","embeddable":true,"href":"https:\/\/www.opinionpublica.tv\/portada\/wp-json\/wp\/v2\/tags?post=21962"}],"curies":[{"name":"wp","href":"https:\/\/api.w.org\/{rel}","templated":true}]}}