{"id":21938,"date":"2020-01-16T07:00:00","date_gmt":"2020-01-16T06:00:00","guid":{"rendered":"https:\/\/www.opinionpublica.tv\/portada\/2020\/01\/16\/panistas-en-la-vitrina\/"},"modified":"2020-01-16T07:00:00","modified_gmt":"2020-01-16T06:00:00","slug":"panistas-en-la-vitrina","status":"publish","type":"post","link":"https:\/\/www.opinionpublica.tv\/portada\/panistas-en-la-vitrina\/","title":{"rendered":"Panistas en la vitrina"},"content":{"rendered":"<img fetchpriority=\"high\" decoding=\"async\" class=\" size-full wp-image-21937\" src=\"https:\/\/www.opinionpublica.tv\/portada\/wp-content\/uploads\/2020\/01\/fa2e080efc91d4e519e632d97e8b30be.jpg\" alt=\"\" class=\"caption\" title=\"Ra\u00fal Ruiz G\u00f3mez.\" width=\"245\" height=\"262\" \/>\n<p style=\"text-align: justify;\">Los panistas en Chihuahua no traen el punch que deber\u00edan traer. Javier Corral se ha encargado de atomizar la fuerza azul.<\/p>\n<p><!--more--><\/p>\n<p style=\"text-align: justify;\">La militancia reniega de las imposiciones desde Palacio, y juran que para ganar, hay que jugarle las contras al gobernador. No tienen otra salida.<\/p>\n<p style=\"text-align: justify;\">Se ha corrido el rumor que a sus calzones, ser\u00e1 Gustavo Madero el candidato azul. Es un trato que hicieron entre ambos, a\u00f1os atr\u00e1s, cuando Madero era presidente del CEN, y habr\u00e1 que devolver el favor.<\/p>\n<p style=\"text-align: justify;\">Recordemos que en la pasada elecci\u00f3n interna para candidato a la gubernatura despacharon a todos sus adversarios. De aquel encontronazo, corrieron materialmente a Cruz P\u00e9rez Cu\u00e9llar, y obligaron a saltar por la borda a Jaime Beltr\u00e1n del R\u00edo.<\/p>\n<p style=\"text-align: justify;\">En esta ocasi\u00f3n, para despejar el camino, hab\u00eda que descarrilar la ruta de Maru Campos.<\/p>\n<p style=\"text-align: justify;\">La ruda empinada que Javier Corral le dio a Maru, la dej\u00f3 con muy poco capital pol\u00edtico.<\/p>\n<p style=\"text-align: justify;\">La enga\u00f1\u00f3 con \u00abel pe\u00f3n envenenado\u00bb, jugada de ajedrez en la que se sacrifica un pe\u00f3n al centro del tablero para ganar por los flancos.<\/p>\n<p style=\"text-align: justify;\">Alentarla para comprarle el proyecto a Cabada y luego esperar a que el repudio popular la decapitara, fue magistralmente perverso.<\/p>\n<p style=\"text-align: justify;\">Desde Palacio hay dos cartas para la gubernatura. Madero y Alejandra de la Vega. Cualquiera de los dos dividir\u00e1 al PAN.<\/p>\n<p style=\"text-align: justify;\">Para las municipales, por la capital. Miguel Riggs volver\u00e1 a intentar la candidatura. No se ve otro competidor con fuerza. Ya lo intent\u00f3 una vez y no lleg\u00f3. Pero acumul\u00f3 un buen capital pol\u00edtico.<\/p>\n<p style=\"text-align: justify;\">C\u00e9sar J\u00e1uregui, dice que no jugar\u00e1 para la Alcald\u00eda, pero s\u00ed para una curul federal. Otra figura podr\u00eda ser Daniela \u00c1lvarez. Un cuadro ya muy hecho en el combate electoral.<\/p>\n<p style=\"text-align: justify;\">En Ju\u00e1rez, la sombra del gobernador sale por las noches intentando atemorizar a las piezas que impulsa Joob Quint\u00edn Flores; lo hace con el petate del muerto. Tiene aqu\u00ed dos piezas horadando su posibilidad. Trae consigo, otro madero, Sergio Madero. Y si le resbala el swing, tiene en hervor a C\u00e9sar Peniche, el fiscal.<\/p>\n<p style=\"text-align: justify;\">Por los locales una sola carta, Ra\u00fal Garc\u00eda Ruiz. Quien podr\u00eda negociar el meter todo el convoy a competir, con regidores en furg\u00f3n completo. A cambio de cobijar la participaci\u00f3n de otras piezas para las federales.<\/p>\n<p style=\"text-align: justify;\">Me refiero a figuras que se han ganado presencia p\u00fablica con mucha aceptaci\u00f3n, como Maribel Hern\u00e1ndez, actualmente directora de gobernaci\u00f3n; y Laura Mar\u00edn administradora de la Recaudaci\u00f3n de Rentas.<\/p>\n<p style=\"text-align: justify;\">Ambas, sorprendentemente eficientes y con carisma.<\/p>\n","protected":false},"excerpt":{"rendered":"<p>Los panistas en Chihuahua no traen el punch que deber\u00edan traer. Javier Corral se ha encargado de atomizar la fuerza azul.<\/p>\n","protected":false},"author":6,"featured_media":21937,"comment_status":"open","ping_status":"open","sticky":false,"template":"","format":"standard","meta":{"_acf_changed":false,"_monsterinsights_skip_tracking":false,"slim_seo":{"title":"Panistas en la vitrina - Opini\u00f3n P\u00fablica","description":"Los panistas en Chihuahua no traen el punch que deber\u00edan traer. Javier Corral se ha encargado de atomizar la fuerza azul. La militancia reniega de las imposicio"},"footnotes":""},"categories":[21],"tags":[],"class_list":["post-21938","post","type-post","status-publish","format-standard","has-post-thumbnail","hentry","category-cartapacio"],"acf":[],"_links":{"self":[{"href":"https:\/\/www.opinionpublica.tv\/portada\/wp-json\/wp\/v2\/posts\/21938","targetHints":{"allow":["GET"]}}],"collection":[{"href":"https:\/\/www.opinionpublica.tv\/portada\/wp-json\/wp\/v2\/posts"}],"about":[{"href":"https:\/\/www.opinionpublica.tv\/portada\/wp-json\/wp\/v2\/types\/post"}],"author":[{"embeddable":true,"href":"https:\/\/www.opinionpublica.tv\/portada\/wp-json\/wp\/v2\/users\/6"}],"replies":[{"embeddable":true,"href":"https:\/\/www.opinionpublica.tv\/portada\/wp-json\/wp\/v2\/comments?post=21938"}],"version-history":[{"count":0,"href":"https:\/\/www.opinionpublica.tv\/portada\/wp-json\/wp\/v2\/posts\/21938\/revisions"}],"wp:featuredmedia":[{"embeddable":true,"href":"https:\/\/www.opinionpublica.tv\/portada\/wp-json\/wp\/v2\/media\/21937"}],"wp:attachment":[{"href":"https:\/\/www.opinionpublica.tv\/portada\/wp-json\/wp\/v2\/media?parent=21938"}],"wp:term":[{"taxonomy":"category","embeddable":true,"href":"https:\/\/www.opinionpublica.tv\/portada\/wp-json\/wp\/v2\/categories?post=21938"},{"taxonomy":"post_tag","embeddable":true,"href":"https:\/\/www.opinionpublica.tv\/portada\/wp-json\/wp\/v2\/tags?post=21938"}],"curies":[{"name":"wp","href":"https:\/\/api.w.org\/{rel}","templated":true}]}}