{"id":21912,"date":"2020-01-13T07:00:00","date_gmt":"2020-01-13T06:00:00","guid":{"rendered":"https:\/\/www.opinionpublica.tv\/portada\/2020\/01\/13\/multara-el-sat-a-quien-no-habilite-su-buzon-tributario\/"},"modified":"2020-01-13T07:00:00","modified_gmt":"2020-01-13T06:00:00","slug":"multara-el-sat-a-quien-no-habilite-su-buzon-tributario","status":"publish","type":"post","link":"https:\/\/www.opinionpublica.tv\/portada\/multara-el-sat-a-quien-no-habilite-su-buzon-tributario\/","title":{"rendered":"Multar\u00e1 el SAT a quien no habilite su Buz\u00f3n Tributario"},"content":{"rendered":"<p><img fetchpriority=\"high\" decoding=\"async\" class=\" size-full wp-image-21911\" src=\"https:\/\/www.opinionpublica.tv\/portada\/wp-content\/uploads\/2020\/01\/2a82015c0a296710c3596e795cc4d80a.jpg\" alt=\"\" class=\"caption\" title=\"El Buz\u00f3n Tributario es una exigencia del SAT a los contribuyentes.\" width=\"720\" height=\"400\" srcset=\"https:\/\/www.opinionpublica.tv\/portada\/wp-content\/uploads\/2020\/01\/2a82015c0a296710c3596e795cc4d80a.jpg 720w, https:\/\/www.opinionpublica.tv\/portada\/wp-content\/uploads\/2020\/01\/2a82015c0a296710c3596e795cc4d80a-300x167.jpg 300w\" sizes=\"(max-width: 720px) 100vw, 720px\" \/><br \/>\n<!--more--><\/p>\n<p style=\"text-align: justify;\"><em>Ciudad de M\u00e9xico<\/em>.- Con el objetivo de tener mayor comunicaci\u00f3n con los contribuyentes y\u00a0notificarlos sobre su situaci\u00f3n fiscal, el Servicio de Administraci\u00f3n Tributaria (SAT)\u00a0cuenta con el\u00a0Buz\u00f3n Tributario.<\/p>\n<p style=\"text-align: justify;\">El a\u00f1o pasado se modificaron algunas disposiciones en la\u00a0Miscel\u00e1nea Fiscal 2020, para que aquellos contribuyentes que no tengan habilitada o actualizada esta herramienta sean acreedores a una\u00a0multa que asciende a 9,000 pesos.<\/p>\n<p style=\"text-align: justify;\">Esta disposici\u00f3n entr\u00f3 en vigor el 1 de enero pasado, tras las modificaciones hechas al C\u00f3digo Fiscal de la Federaci\u00f3n, que establece como\u00a0obligatorio que los contribuyentes habiliten su buz\u00f3n\u00a0para recibir todas las notificaciones relacionadas con tr\u00e1mites, requerimientos, consultas o quejas por parte del fisco.<\/p>\n<p style=\"text-align: justify;\">La autoridad fiscal se\u00f1al\u00f3 que con esta medida busca incentivar a las personas f\u00edsicas y morales a revisar permanentemente su buz\u00f3n y cumplir, en tiempo y forma, con el\u00a0pago de sus impuestos.<\/p>\n<p style=\"text-align: justify;\">Un punto a considerar es que est\u00e1 medida no aplica para aquellos contribuyentes que son asalariados y que no cuentan con otros inrgesos adicionales, para este sector la habilitaci\u00f3n de esta herramienta es opcional<\/p>\n<p style=\"text-align: justify;\"><strong>\u00bfQu\u00e9 es el Buz\u00f3n Tributario?<\/strong><\/p>\n<p style=\"text-align: justify;\">Esta herramienta, lanzada en el 2014, tiene como principal funci\u00f3n ser un canal entre ambas partes para avisar que existen mensajes pendientes sobre sus\u00a0obligaciones fiscales, realizar diferentes tipos de tr\u00e1mites, o bien avisar sobre las respuestas de \u00e9stos. Cualquier persona f\u00edsica o moral puede habilitarla y acceder a ella en todo momento. En caso de que quiera activarla, lo puede hacer desde la comodidad de su casa u oficina, y hacerlo en menos de 5 minutos.<\/p>\n<p style=\"text-align: justify;\">Para poder registrarse, s\u00f3lo necesita ingresar al portal de la autoridad fiscal y buscar el bot\u00f3n del\u00a0Buz\u00f3n Tributario. Posteriormente, se le solicitar\u00e1 iniciar sesi\u00f3n con su contrase\u00f1a fiscal o bien su e.firma. En caso de que usted no cuente con estos datos, es importante que acuda a la oficina del SAT m\u00e1s cercana.<\/p>\n<p style=\"text-align: justify;\">Una vez activada esta herramienta, lo \u00fanico que necesitar\u00e1 ser\u00e1 su\u00a0<a href=\"https:\/\/www.eleconomista.com.mx\/finanzaspersonales\/como-sacar-mi-rfc-20191121-0086.html\">RFC<\/a>\u00a0y contrase\u00f1a, o bien la e.firma, su certificado (.cer), su clave privada (key) y la contrase\u00f1a de la clave privada.<\/p>\n<p style=\"text-align: justify;\">Entre los\u00a0tr\u00e1mites que usted podr\u00e1 realizar a trav\u00e9s de su Buz\u00f3n Tributario\u00a0se encuentran notificaciones electr\u00f3nicas, comunicados de inter\u00e9s, env\u00edos de consulta de informaci\u00f3n, solicitud de devoluci\u00f3n y avisos de compensaci\u00f3n, as\u00ed como la reimpresi\u00f3n de los movimientos antes mencionados.<\/p>\n<p style=\"text-align: justify;\">Luis Vel\u00e1zquez, estratega contable de la empresa especializada en sistemas de contabilidad Aspel, explic\u00f3 que este buz\u00f3n tiene como principal finalidad corroborar que existe alguna notificaci\u00f3n por parte de la autoridad hacendaria.<\/p>\n<p style=\"text-align: justify;\">\u201cEs importante siempre\u00a0revisar el Buz\u00f3n Tributario, ya que est\u00e1 vinculado al correo electr\u00f3nico que proporciona el contribuyente. En ocasiones las notificaciones no llegan de manera inmediata, por lo que lo recomendable es revisar peri\u00f3dicamente estas notificaciones para verificar que no hay requerimientos por parte de la autoridad\u201d, detall\u00f3.<\/p>\n<p style=\"text-align: justify;\"><strong>\u00bfQu\u00e9 pasa si no activo el Buz\u00f3n Tributario?<\/strong><\/p>\n<p style=\"text-align: justify;\">De acuerdo a la nueva disposici\u00f3n del art\u00edculo 86C del C\u00f3digo Fiscal, la autoridad fiscal entender\u00e1 que el\u00a0contribuyente que no habilite su buz\u00f3n tributario\u00a0o se\u00f1ale medios de contacto err\u00f3neos, inexistentes o no los tenga actualizados se opone a la notificaci\u00f3n que le llegue y ser\u00e1 multado. Cada vez que el\u00a0SAT env\u00ede notificaciones, avisos o cualquier otra cosa al buz\u00f3n y no se revisen, se ir\u00e1n acumulando m\u00e1s sanciones.<\/p>\n<p style=\"text-align: justify;\">A quien cometa la infracci\u00f3n relacionada con la no habilitaci\u00f3n de esta herramienta, el no registro o actualizaci\u00f3n de los medios de contacto conforme a lo previsto a esta disposici\u00f3n, se impondr\u00e1 una multa de 3,080.00 a 9,250.00 pesos.<\/p>\n<p style=\"text-align: justify;\">Seg\u00fan el SAT, el motivo de esta reforma es que los contribuyentes suelen dar informaci\u00f3n err\u00f3nea de contacto, y lo hace para asegurar que la informaci\u00f3n, todas las promociones, solicitudes, avisos, cumplimientos a requerimientos y consultas se har\u00e1n a trav\u00e9s del buz\u00f3n.<\/p>\n<p style=\"text-align: justify;\">La disposici\u00f3n entrar\u00e1 en vigor para personas morales a partir del 31 de marzo, y para personas f\u00edsicas el 30 de abril. (El Economista)<\/p>\n","protected":false},"excerpt":{"rendered":"","protected":false},"author":6,"featured_media":21911,"comment_status":"open","ping_status":"open","sticky":false,"template":"","format":"standard","meta":{"_acf_changed":false,"_monsterinsights_skip_tracking":false,"slim_seo":{"title":"Multar\u00e1 el SAT a quien no habilite su Buz\u00f3n Tributario - Opini\u00f3n P\u00fablica","description":"Ciudad de M\u00e9xico .- Con el objetivo de tener mayor comunicaci\u00f3n con los contribuyentes y\u00a0notificarlos sobre su situaci\u00f3n fiscal, el Servicio de Administraci\u00f3n T"},"footnotes":""},"categories":[9],"tags":[],"class_list":["post-21912","post","type-post","status-publish","format-standard","has-post-thumbnail","hentry","category-nacional"],"acf":[],"_links":{"self":[{"href":"https:\/\/www.opinionpublica.tv\/portada\/wp-json\/wp\/v2\/posts\/21912","targetHints":{"allow":["GET"]}}],"collection":[{"href":"https:\/\/www.opinionpublica.tv\/portada\/wp-json\/wp\/v2\/posts"}],"about":[{"href":"https:\/\/www.opinionpublica.tv\/portada\/wp-json\/wp\/v2\/types\/post"}],"author":[{"embeddable":true,"href":"https:\/\/www.opinionpublica.tv\/portada\/wp-json\/wp\/v2\/users\/6"}],"replies":[{"embeddable":true,"href":"https:\/\/www.opinionpublica.tv\/portada\/wp-json\/wp\/v2\/comments?post=21912"}],"version-history":[{"count":0,"href":"https:\/\/www.opinionpublica.tv\/portada\/wp-json\/wp\/v2\/posts\/21912\/revisions"}],"wp:featuredmedia":[{"embeddable":true,"href":"https:\/\/www.opinionpublica.tv\/portada\/wp-json\/wp\/v2\/media\/21911"}],"wp:attachment":[{"href":"https:\/\/www.opinionpublica.tv\/portada\/wp-json\/wp\/v2\/media?parent=21912"}],"wp:term":[{"taxonomy":"category","embeddable":true,"href":"https:\/\/www.opinionpublica.tv\/portada\/wp-json\/wp\/v2\/categories?post=21912"},{"taxonomy":"post_tag","embeddable":true,"href":"https:\/\/www.opinionpublica.tv\/portada\/wp-json\/wp\/v2\/tags?post=21912"}],"curies":[{"name":"wp","href":"https:\/\/api.w.org\/{rel}","templated":true}]}}