{"id":21892,"date":"2020-01-11T07:00:00","date_gmt":"2020-01-11T06:00:00","guid":{"rendered":"https:\/\/www.opinionpublica.tv\/portada\/2020\/01\/11\/visita-presidencial-analisis-en-mini-cronica\/"},"modified":"2020-01-11T07:00:00","modified_gmt":"2020-01-11T06:00:00","slug":"visita-presidencial-analisis-en-mini-cronica","status":"publish","type":"post","link":"https:\/\/www.opinionpublica.tv\/portada\/visita-presidencial-analisis-en-mini-cronica\/","title":{"rendered":"Visita presidencial. An\u00e1lisis en mini cr\u00f3nica"},"content":{"rendered":"<img fetchpriority=\"high\" decoding=\"async\" class=\" size-full wp-image-21891\" src=\"https:\/\/www.opinionpublica.tv\/portada\/wp-content\/uploads\/2020\/01\/e39b09e478e6c502ae87b1e0d69d1f11.jpg\" alt=\"\" class=\"caption\" title=\"Ra\u00fal Ruiz G\u00f3mez.\" width=\"245\" height=\"262\" \/>\n<p style=\"text-align: justify;\">Intrascendente por no decirlo de otro modo, la visita presidencial a Ciudad Ju\u00e1rez, Chihuahua.<\/p>\n<p><!--more--><\/p>\n<p style=\"text-align: justify;\">Ya lo hab\u00eda anticipado en un an\u00e1lisis previo, ma\u00f1anero.<\/p>\n<p style=\"text-align: justify;\">Pero ahora s\u00ed se pas\u00f3 de guasa el presidente L\u00f3pez Obrador, al felicitar al alcalde Cabada, como el segundo presidente municipal en todo el pa\u00eds por su n\u00famero de asistencias a las reuniones matutinas de seguridad p\u00fablica.<\/p>\n<p style=\"text-align: justify;\">\u00a1Nomamespancho!<\/p>\n<p style=\"text-align: justify;\">Como si con asistir se pudiese solucionar el problema de violencia.<\/p>\n<p style=\"text-align: justify;\">Alguien de por ac\u00e1 le est\u00e1 dando datos falsos al presidente. Ni hablar, se evidencia el maquillaje de las cifras.<\/p>\n<p style=\"text-align: justify;\">Veamos el recuento del d\u00eda.<\/p>\n<p style=\"text-align: justify;\">En la cumbre de seguridad, presentes el secretario de Seguridad P\u00fablica, Alfonso Durazo; el Gobernador de Chihuahua, Javier Corral; el General Luis Sandoval Gonz\u00e1lez, titular de Secretar\u00eda de la Defensa Nacional (Sedena); Luis Rodriguez Bucio, coordinador de la comandancia de la Guardia Nacional y el Almirante Jos\u00e9 Rafael Ojeda. Obvio Armando Cabada para recibir la menci\u00f3n.<\/p>\n<p style=\"text-align: justify;\">La noticia del d\u00eda fue, la aparente respuesta de los Estados Unidos sobre el tema de extradici\u00f3n del ex gobernador C\u00e9sar Duarte J\u00e1quez.<\/p>\n<p style=\"text-align: justify;\">\u201cYa hay respuesta afirmativa del Gobierno de Estados Unidos. S\u00ed procede la extradici\u00f3n. El gobierno estadounidense, a trav\u00e9s del Departamento de Estado, notific\u00f3 que proced\u00eda el tr\u00e1mite que se est\u00e1 llevando a cabo\u201d. Dijo AMLO.<\/p>\n<p style=\"text-align: justify;\">Pero del dicho al hecho, hay mucho trecho.<\/p>\n<p style=\"text-align: justify;\">En la reuni\u00f3n con la maquila&#8230; Javier Corral; la secretaria de Econom\u00eda, Graciela Marquez; Luis Aguirre Lara, Presidente de Index Nacional y Francisco Quiroa, de la sub secretar\u00eda de Miner\u00eda.<\/p>\n<p style=\"text-align: justify;\">Y cuerpeando, al presidente, los senadores\u00a0 Bertha Caraveo, Cruz P\u00e9rez Cuellar, Gustavo Madero; el gobernador no pod\u00eda dejar fuera a la Secretaria de Innovaci\u00f3n y Desarrollo Alejandra De la Vega.<\/p>\n<p style=\"text-align: justify;\">Por el sector maquilador, el titular de Southwest Maquila, H\u00e9ctor Guti\u00e9rrez; el director ejecutivo de BRP, Jos\u00e9\u00a0Boisjoli y personal administrativo y operativo de dicha empresa.<\/p>\n<p style=\"text-align: justify;\">Abajo, en primer plano, Manuel Sotelo, l\u00edder vitalicio de los transportistas y otros funcionarios m\u00e1s.<\/p>\n<p style=\"text-align: justify;\">La dichosa reuni\u00f3n, sin decisiones o comentarios extraordinarios, o sea&#8230; Ni fu, ni fa.<\/p>\n<p style=\"text-align: justify;\">Uno esperaba al menos &#8216;se\u00f1ales&#8217; m\u00e1s claras sobre el trasiego pol\u00edtico rumbo al 21 y ni eso.<\/p>\n<p style=\"text-align: justify;\">Lo \u00fanico que nos queda claro, es que sigue la rebatinga entre el senador Cruz P\u00e9rez Cu\u00e9llar y el superdelegado, Juan Carlos Loera, por el liderazgo en la entidad.<\/p>\n<p style=\"text-align: justify;\">Los aspirantes a la gubernatura por otros partidos, o independientes, no se perdieron de nada.<\/p>\n<p style=\"text-align: justify;\">El Caballo Lozoya no vino. Tra\u00eda agenda en Parral.<\/p>\n<p style=\"text-align: justify;\">Maru Campos ausente, luego del rev\u00e9s sufrido por el fallido proyecto de ilumina$i\u00f3n. Y del aparente destape de Gustavo Madero. A quien el gobernador place\u00f3 en toda la gira presidencial, hasta que Juan pueblo lo abuche\u00f3.<\/p>\n<p style=\"text-align: justify;\">Alejandro D\u00edaz, demasiado mesurado. Pisando el entarimado electoral, suavecito. Con pies de gato.<\/p>\n<p style=\"text-align: justify;\">Igual y no fueron invitados. Ja.<\/p>\n<p style=\"text-align: justify;\">En el show vespertino, gimnasio lleno a reventar. Acarreados, dir\u00eda un panista ultra.<\/p>\n<p style=\"text-align: justify;\">Sobre el escenario, adem\u00e1s del presidente, los senadores, Bertha Caraveo, Gustavo Madero y Cruz P\u00e9rez Cu\u00e9llar.<\/p>\n<p style=\"text-align: justify;\">En un corralito los diputados.<\/p>\n<p style=\"text-align: justify;\">Viejitos y personas con capacidades diferentes, al frente y en un primer piso, contingente en sillas de ruedas. El resto, la mal llamada perrada popular, que abarrotaba el gimnasio.<\/p>\n<p style=\"text-align: justify;\">Al entrar los personajes al estrado, rechifla para Cabada y al gobernador Javier Corral. Luego, al mencionar a los personajes, el s\u00faper abucheo se lo llev\u00f3 Gustavo Madero. Una probadita de lo que le esperar\u00eda en las urnas si Corral lo mete con calzador en la boleta electoral.<\/p>\n<p style=\"text-align: justify;\">Y como colof\u00f3n, rechifla y abucheo al gobernador cuando le dieron el uso de la palabra. \u00a1Fuera! \u00a1fuera!, Le gritaron con singular sonoridad.<\/p>\n<p style=\"text-align: justify;\">El discurso, fue el mismo. Me queda claro que no es porque no se sepa otro rollo. Es lavado de cerebro. La gente debe tener claro que en el arranque de la cuarta transformaci\u00f3n, los pobres van mano y la lucha contra la corrupci\u00f3n es implacable.<\/p>\n<p style=\"text-align: justify;\">Afuera, m\u00e1s de 300 ecologinazis contra la reapertura de la mina en Samalayuca. La decisi\u00f3n la dar\u00e1 a conocer el sub secretario de Miner\u00eda.<\/p>\n<p style=\"text-align: justify;\">Las visitas presidenciales no son ya como las de antes. No saben a nada, insaboras como una rosca de reyes.<\/p>\n","protected":false},"excerpt":{"rendered":"<p>Intrascendente por no decirlo de otro modo, la visita presidencial a Ciudad Ju\u00e1rez, Chihuahua.<\/p>\n","protected":false},"author":6,"featured_media":21891,"comment_status":"open","ping_status":"open","sticky":false,"template":"","format":"standard","meta":{"_acf_changed":false,"_monsterinsights_skip_tracking":false,"slim_seo":{"title":"Visita presidencial. An\u00e1lisis en mini cr\u00f3nica - Opini\u00f3n P\u00fablica","description":"Intrascendente por no decirlo de otro modo, la visita presidencial a Ciudad Ju\u00e1rez, Chihuahua. Ya lo hab\u00eda anticipado en un an\u00e1lisis previo, ma\u00f1anero. Pero ahor"},"footnotes":""},"categories":[21],"tags":[],"class_list":["post-21892","post","type-post","status-publish","format-standard","has-post-thumbnail","hentry","category-cartapacio"],"acf":[],"_links":{"self":[{"href":"https:\/\/www.opinionpublica.tv\/portada\/wp-json\/wp\/v2\/posts\/21892","targetHints":{"allow":["GET"]}}],"collection":[{"href":"https:\/\/www.opinionpublica.tv\/portada\/wp-json\/wp\/v2\/posts"}],"about":[{"href":"https:\/\/www.opinionpublica.tv\/portada\/wp-json\/wp\/v2\/types\/post"}],"author":[{"embeddable":true,"href":"https:\/\/www.opinionpublica.tv\/portada\/wp-json\/wp\/v2\/users\/6"}],"replies":[{"embeddable":true,"href":"https:\/\/www.opinionpublica.tv\/portada\/wp-json\/wp\/v2\/comments?post=21892"}],"version-history":[{"count":0,"href":"https:\/\/www.opinionpublica.tv\/portada\/wp-json\/wp\/v2\/posts\/21892\/revisions"}],"wp:featuredmedia":[{"embeddable":true,"href":"https:\/\/www.opinionpublica.tv\/portada\/wp-json\/wp\/v2\/media\/21891"}],"wp:attachment":[{"href":"https:\/\/www.opinionpublica.tv\/portada\/wp-json\/wp\/v2\/media?parent=21892"}],"wp:term":[{"taxonomy":"category","embeddable":true,"href":"https:\/\/www.opinionpublica.tv\/portada\/wp-json\/wp\/v2\/categories?post=21892"},{"taxonomy":"post_tag","embeddable":true,"href":"https:\/\/www.opinionpublica.tv\/portada\/wp-json\/wp\/v2\/tags?post=21892"}],"curies":[{"name":"wp","href":"https:\/\/api.w.org\/{rel}","templated":true}]}}