{"id":21881,"date":"2020-01-10T07:00:00","date_gmt":"2020-01-10T06:00:00","guid":{"rendered":"https:\/\/www.opinionpublica.tv\/portada\/2020\/01\/10\/firmara-javier-corral-convenio-de-salud-publica-con-insabi\/"},"modified":"2020-01-10T07:00:00","modified_gmt":"2020-01-10T06:00:00","slug":"firmara-javier-corral-convenio-de-salud-publica-con-insabi","status":"publish","type":"post","link":"https:\/\/www.opinionpublica.tv\/portada\/firmara-javier-corral-convenio-de-salud-publica-con-insabi\/","title":{"rendered":"Firmar\u00e1 Javier Corral convenio de salud estatal con el INSABI"},"content":{"rendered":"<p><img fetchpriority=\"high\" decoding=\"async\" class=\" size-full wp-image-21880\" src=\"https:\/\/www.opinionpublica.tv\/portada\/wp-content\/uploads\/2020\/01\/7e6b68a24ea6aafc76bcd0f1ba2b18b6-scaled.jpg\" alt=\"\" class=\"caption\" title=\"Javier Corral Jurado, gobernador de Chihuahua y el presidente L\u00f3pez Obrador.\" width=\"2560\" height=\"1707\" srcset=\"https:\/\/www.opinionpublica.tv\/portada\/wp-content\/uploads\/2020\/01\/7e6b68a24ea6aafc76bcd0f1ba2b18b6-scaled.jpg 2560w, https:\/\/www.opinionpublica.tv\/portada\/wp-content\/uploads\/2020\/01\/7e6b68a24ea6aafc76bcd0f1ba2b18b6-300x200.jpg 300w, https:\/\/www.opinionpublica.tv\/portada\/wp-content\/uploads\/2020\/01\/7e6b68a24ea6aafc76bcd0f1ba2b18b6-1024x683.jpg 1024w, https:\/\/www.opinionpublica.tv\/portada\/wp-content\/uploads\/2020\/01\/7e6b68a24ea6aafc76bcd0f1ba2b18b6-768x512.jpg 768w, https:\/\/www.opinionpublica.tv\/portada\/wp-content\/uploads\/2020\/01\/7e6b68a24ea6aafc76bcd0f1ba2b18b6-1536x1024.jpg 1536w, https:\/\/www.opinionpublica.tv\/portada\/wp-content\/uploads\/2020\/01\/7e6b68a24ea6aafc76bcd0f1ba2b18b6-2048x1365.jpg 2048w\" sizes=\"(max-width: 2560px) 100vw, 2560px\" \/><br \/>\n<!--more--><\/p>\n<p style=\"text-align: justify;\"><em>Ciudad Ju\u00e1rez, Chih<\/em>.- El gobernador de Chihuahua, Javier Corral Jurado, dio a conocer que el Gobierno del Estado de Chihuahua firmar\u00e1 los convenios de adhesi\u00f3n al Instituto de Salud para el Bienestar (INSABI) en sus distintas modalidades.<\/p>\n<p style=\"text-align: justify;\">Al participar en la rueda de prensa matutina del presidente Andr\u00e9s Manuel L\u00f3pez Obrador en Ciudad Ju\u00e1rez, se\u00f1al\u00f3 que el secretario de Salud de Chihuahua, Jes\u00fas Enrique Grajeda Herrera, sostendr\u00e1 reuniones en Ciudad de M\u00e9xico para analizar los acuerdos recientemente planteados por la Federaci\u00f3n y hacer las debidas aclaraciones que tiene la autoridad estatal.<\/p>\n<p style=\"text-align: justify;\">\u201cDe entrada nosotros s\u00ed estamos considerando firmar el convenio y a partir de esta reuni\u00f3n, nos va a abrir el panorama para suscribirnos\u201d, dijo.<\/p>\n<p style=\"text-align: justify;\">Refiri\u00f3 que desde el inicio de la administraci\u00f3n estatal a su cargo se ha participado en la estrategia de compra consolidada de medicamentos, en la que Chihuahua fue de los primeros estados en asumirla.<\/p>\n<p style=\"text-align: justify;\">Corral agreg\u00f3 que la reuni\u00f3n del secretario de Salud Grajeda ser\u00e1 para aclaraciones, sobre todo en lo que suceder\u00eda con la infraestructura hospitalaria del estado y si habr\u00eda la valoraci\u00f3n de esa aportaci\u00f3n econ\u00f3mica del estado, con relaci\u00f3n al propio d\u00e9ficit que tiene.<\/p>\n","protected":false},"excerpt":{"rendered":"","protected":false},"author":6,"featured_media":21880,"comment_status":"open","ping_status":"open","sticky":false,"template":"","format":"standard","meta":{"_acf_changed":false,"_monsterinsights_skip_tracking":false,"slim_seo":{"title":"Firmar\u00e1 Javier Corral convenio de salud estatal con el INSABI - Opini\u00f3n P\u00fablica","description":"Ciudad Ju\u00e1rez, Chih .- El gobernador de Chihuahua, Javier Corral Jurado, dio a conocer que el Gobierno del Estado de Chihuahua firmar\u00e1 los convenios de adhesi\u00f3n"},"footnotes":""},"categories":[4],"tags":[],"class_list":["post-21881","post","type-post","status-publish","format-standard","has-post-thumbnail","hentry","category-pulsopolitico"],"acf":[],"_links":{"self":[{"href":"https:\/\/www.opinionpublica.tv\/portada\/wp-json\/wp\/v2\/posts\/21881","targetHints":{"allow":["GET"]}}],"collection":[{"href":"https:\/\/www.opinionpublica.tv\/portada\/wp-json\/wp\/v2\/posts"}],"about":[{"href":"https:\/\/www.opinionpublica.tv\/portada\/wp-json\/wp\/v2\/types\/post"}],"author":[{"embeddable":true,"href":"https:\/\/www.opinionpublica.tv\/portada\/wp-json\/wp\/v2\/users\/6"}],"replies":[{"embeddable":true,"href":"https:\/\/www.opinionpublica.tv\/portada\/wp-json\/wp\/v2\/comments?post=21881"}],"version-history":[{"count":0,"href":"https:\/\/www.opinionpublica.tv\/portada\/wp-json\/wp\/v2\/posts\/21881\/revisions"}],"wp:featuredmedia":[{"embeddable":true,"href":"https:\/\/www.opinionpublica.tv\/portada\/wp-json\/wp\/v2\/media\/21880"}],"wp:attachment":[{"href":"https:\/\/www.opinionpublica.tv\/portada\/wp-json\/wp\/v2\/media?parent=21881"}],"wp:term":[{"taxonomy":"category","embeddable":true,"href":"https:\/\/www.opinionpublica.tv\/portada\/wp-json\/wp\/v2\/categories?post=21881"},{"taxonomy":"post_tag","embeddable":true,"href":"https:\/\/www.opinionpublica.tv\/portada\/wp-json\/wp\/v2\/tags?post=21881"}],"curies":[{"name":"wp","href":"https:\/\/api.w.org\/{rel}","templated":true}]}}