{"id":21877,"date":"2020-01-10T07:00:00","date_gmt":"2020-01-10T06:00:00","guid":{"rendered":"https:\/\/www.opinionpublica.tv\/portada\/2020\/01\/10\/extradicion-de-cesar-duarte-es-un-hecho-y-eu-ya-la-confirmo-anuncia-amlo-en-juarez\/"},"modified":"2020-01-10T07:00:00","modified_gmt":"2020-01-10T06:00:00","slug":"extradicion-de-cesar-duarte-es-un-hecho-y-eu-ya-la-confirmo-anuncia-amlo-en-juarez","status":"publish","type":"post","link":"https:\/\/www.opinionpublica.tv\/portada\/extradicion-de-cesar-duarte-es-un-hecho-y-eu-ya-la-confirmo-anuncia-amlo-en-juarez\/","title":{"rendered":"Extradici\u00f3n de C\u00e9sar Duarte es un hecho y EU ya la confirm\u00f3; anuncia AMLO en Ju\u00e1rez"},"content":{"rendered":"<p><img fetchpriority=\"high\" decoding=\"async\" class=\" size-full wp-image-21876\" src=\"https:\/\/www.opinionpublica.tv\/portada\/wp-content\/uploads\/2020\/01\/f98b04eeda97ff065eddd2f0a0e8c0f5.jpg\" alt=\"\" class=\"caption\" title=\"Andr\u00e9s Manuel L\u00f3pez Obrador, presidente de M\u00e9xico, durante su conferencia en Ciudad Ju\u00e1rez.\" width=\"768\" height=\"479\" srcset=\"https:\/\/www.opinionpublica.tv\/portada\/wp-content\/uploads\/2020\/01\/f98b04eeda97ff065eddd2f0a0e8c0f5.jpg 768w, https:\/\/www.opinionpublica.tv\/portada\/wp-content\/uploads\/2020\/01\/f98b04eeda97ff065eddd2f0a0e8c0f5-300x187.jpg 300w\" sizes=\"(max-width: 768px) 100vw, 768px\" \/><br \/>\n<!--more--><\/p>\n<p style=\"text-align: justify;\"><em>Ciudad Ju\u00e1rez, Chih<\/em>.- El presidente Andr\u00e9s Manuel L\u00f3pez Obrador, anunci\u00f3 esta ma\u00f1ana en Ciudad Ju\u00e1rez que el ex gobernador de Chihuahua, C\u00e9sar Horacio Duarte J\u00e1quez, si ser\u00e1 extraditado a M\u00e9xico gracias a que esta vez si se realiz\u00f3 correctamente el procedimiento legal en su contra.<\/p>\n<p style=\"text-align: justify;\">A pregunta expresa de una reportera de Chihuahua, el mandatario explic\u00f3 que el Departamento de Estado de los Estados Unidos ya dio su aval para que se realice la extradici\u00f3n, pero dijo que los detalles del caso los tiene la Secretar\u00eda de Relaciones Exteriores (SRE).<\/p>\n<p style=\"text-align: justify;\">Asegur\u00f3 que no pod\u00eda dar m\u00e1s explicaciones para no violar el \u2018debido proceso\u2019, pero insisti\u00f3 en que el anterior gobierno no hizo las cosas de la manera correcta y por \u2018alguna raz\u00f3n\u2019 la petici\u00f3n de extradici\u00f3n no estaba legalmente bien sustentada.<\/p>\n<p style=\"text-align: justify;\">L\u00f3pez Obrador se\u00f1al\u00f3 tambi\u00e9n, que la notificaci\u00f3n del Departamento de Estado les lleg\u00f3 hace 15 d\u00edas, pero enfatiz\u00f3 que la SRE es la que est\u00e1 manejando ese tema ante las instancias de Estados Unidos.<\/p>\n","protected":false},"excerpt":{"rendered":"","protected":false},"author":6,"featured_media":21876,"comment_status":"open","ping_status":"open","sticky":false,"template":"","format":"standard","meta":{"_acf_changed":false,"_monsterinsights_skip_tracking":false,"slim_seo":{"title":"Extradici\u00f3n de C\u00e9sar Duarte es un hecho y EU ya la confirm\u00f3; anuncia AMLO en Ju\u00e1rez - Opini\u00f3n P\u00fablica","description":"Ciudad Ju\u00e1rez, Chih .- El presidente Andr\u00e9s Manuel L\u00f3pez Obrador, anunci\u00f3 esta ma\u00f1ana en Ciudad Ju\u00e1rez que el ex gobernador de Chihuahua, C\u00e9sar Horacio Duarte J"},"footnotes":""},"categories":[3],"tags":[],"class_list":["post-21877","post","type-post","status-publish","format-standard","has-post-thumbnail","hentry","category-principal"],"acf":[],"_links":{"self":[{"href":"https:\/\/www.opinionpublica.tv\/portada\/wp-json\/wp\/v2\/posts\/21877","targetHints":{"allow":["GET"]}}],"collection":[{"href":"https:\/\/www.opinionpublica.tv\/portada\/wp-json\/wp\/v2\/posts"}],"about":[{"href":"https:\/\/www.opinionpublica.tv\/portada\/wp-json\/wp\/v2\/types\/post"}],"author":[{"embeddable":true,"href":"https:\/\/www.opinionpublica.tv\/portada\/wp-json\/wp\/v2\/users\/6"}],"replies":[{"embeddable":true,"href":"https:\/\/www.opinionpublica.tv\/portada\/wp-json\/wp\/v2\/comments?post=21877"}],"version-history":[{"count":0,"href":"https:\/\/www.opinionpublica.tv\/portada\/wp-json\/wp\/v2\/posts\/21877\/revisions"}],"wp:featuredmedia":[{"embeddable":true,"href":"https:\/\/www.opinionpublica.tv\/portada\/wp-json\/wp\/v2\/media\/21876"}],"wp:attachment":[{"href":"https:\/\/www.opinionpublica.tv\/portada\/wp-json\/wp\/v2\/media?parent=21877"}],"wp:term":[{"taxonomy":"category","embeddable":true,"href":"https:\/\/www.opinionpublica.tv\/portada\/wp-json\/wp\/v2\/categories?post=21877"},{"taxonomy":"post_tag","embeddable":true,"href":"https:\/\/www.opinionpublica.tv\/portada\/wp-json\/wp\/v2\/tags?post=21877"}],"curies":[{"name":"wp","href":"https:\/\/api.w.org\/{rel}","templated":true}]}}