{"id":21873,"date":"2020-01-09T07:00:00","date_gmt":"2020-01-09T06:00:00","guid":{"rendered":"https:\/\/www.opinionpublica.tv\/portada\/2020\/01\/09\/ya-esta-el-presidente-lopez-obrador-en-ciudad-juarez\/"},"modified":"2020-01-09T07:00:00","modified_gmt":"2020-01-09T06:00:00","slug":"ya-esta-el-presidente-lopez-obrador-en-ciudad-juarez","status":"publish","type":"post","link":"https:\/\/www.opinionpublica.tv\/portada\/ya-esta-el-presidente-lopez-obrador-en-ciudad-juarez\/","title":{"rendered":"Ya est\u00e1 el presidente L\u00f3pez Obrador en Ciudad Ju\u00e1rez"},"content":{"rendered":"<p><img fetchpriority=\"high\" decoding=\"async\" class=\" size-full wp-image-21872\" src=\"https:\/\/www.opinionpublica.tv\/portada\/wp-content\/uploads\/2020\/01\/2378dde1f28bc78c467f2f928293fb1d.jpg\" alt=\"\" class=\"caption\" title=\"Andr\u00e9s Manuel L\u00f3pez Obrador, presidente de M\u00e9xico arriba a Ciudad Ju\u00e1rez.\" width=\"768\" height=\"479\" srcset=\"https:\/\/www.opinionpublica.tv\/portada\/wp-content\/uploads\/2020\/01\/2378dde1f28bc78c467f2f928293fb1d.jpg 768w, https:\/\/www.opinionpublica.tv\/portada\/wp-content\/uploads\/2020\/01\/2378dde1f28bc78c467f2f928293fb1d-300x187.jpg 300w\" sizes=\"(max-width: 768px) 100vw, 768px\" \/><br \/>\n<!--more--><\/p>\n<p style=\"text-align: justify;\"><em>Ciudad Ju\u00e1rez, Chih<\/em>.- En un vuelo de la l\u00ednea comercial Interjet, lleg\u00f3 la tarde de jueves el presidente Andr\u00e9s Manuel L\u00f3pez Obrador al Aeropuerto Internacional de Ciudad Ju\u00e1rez.<\/p>\n<p style=\"text-align: justify;\">Este viernes dar\u00e1 su tradicional rueda de prensa ma\u00f1anera desde esta frontera, y despu\u00e9s sostendr\u00e1 varias reuniones de trabajo y un evento masivo con adultos mayores.<\/p>\n<p style=\"text-align: justify;\">El s\u00e1bado saldr\u00e1 al noroeste y estar\u00e1 en Nuevo Casas Grandes y el domingo se reunir\u00e1 con la familia LeBar\u00f3n en Bavispe, Sonora.<\/p>\n<p style=\"text-align: justify;\">Cientos de personas se congregaron para recibir al mandatario nacional en el aeropuerto, quien lleg\u00f3 acompa\u00f1ado de algunos funcionarios federales.<\/p>\n<p style=\"text-align: justify;\">Un grupo de vendedores de autos usados trat\u00f3 de detener el paso de L\u00f3pez Obrador para solicitar que flexibilice las reglas de internaci\u00f3n de veh\u00edculos extranjeros al pa\u00eds, para que sean m\u00e1s accesibles econ\u00f3micamente a los residentes fronterizos.<\/p>\n<p style=\"text-align: justify;\">Los manifestantes colocaron una lona gigante, con la cual llamaron la atenci\u00f3n del presidente, quien se detuvo brevemente a escucharlos y a recibir un escrito sobre ese tema.<\/p>\n<p style=\"text-align: justify;\">Otro grupo de manifestantes pidi\u00f3 a L\u00f3pez Obrador que desapruebe la instalaci\u00f3n de una mina denominada La Gloria, en la zona de las dunas de Samalayuca.<\/p>\n","protected":false},"excerpt":{"rendered":"","protected":false},"author":6,"featured_media":21872,"comment_status":"open","ping_status":"open","sticky":false,"template":"","format":"standard","meta":{"_acf_changed":false,"_monsterinsights_skip_tracking":false,"slim_seo":{"title":"Ya est\u00e1 el presidente L\u00f3pez Obrador en Ciudad Ju\u00e1rez - Opini\u00f3n P\u00fablica","description":"Ciudad Ju\u00e1rez, Chih .- En un vuelo de la l\u00ednea comercial Interjet, lleg\u00f3 la tarde de jueves el presidente Andr\u00e9s Manuel L\u00f3pez Obrador al Aeropuerto Internaciona"},"footnotes":""},"categories":[5],"tags":[],"class_list":["post-21873","post","type-post","status-publish","format-standard","has-post-thumbnail","hentry","category-frontera"],"acf":[],"_links":{"self":[{"href":"https:\/\/www.opinionpublica.tv\/portada\/wp-json\/wp\/v2\/posts\/21873","targetHints":{"allow":["GET"]}}],"collection":[{"href":"https:\/\/www.opinionpublica.tv\/portada\/wp-json\/wp\/v2\/posts"}],"about":[{"href":"https:\/\/www.opinionpublica.tv\/portada\/wp-json\/wp\/v2\/types\/post"}],"author":[{"embeddable":true,"href":"https:\/\/www.opinionpublica.tv\/portada\/wp-json\/wp\/v2\/users\/6"}],"replies":[{"embeddable":true,"href":"https:\/\/www.opinionpublica.tv\/portada\/wp-json\/wp\/v2\/comments?post=21873"}],"version-history":[{"count":0,"href":"https:\/\/www.opinionpublica.tv\/portada\/wp-json\/wp\/v2\/posts\/21873\/revisions"}],"wp:featuredmedia":[{"embeddable":true,"href":"https:\/\/www.opinionpublica.tv\/portada\/wp-json\/wp\/v2\/media\/21872"}],"wp:attachment":[{"href":"https:\/\/www.opinionpublica.tv\/portada\/wp-json\/wp\/v2\/media?parent=21873"}],"wp:term":[{"taxonomy":"category","embeddable":true,"href":"https:\/\/www.opinionpublica.tv\/portada\/wp-json\/wp\/v2\/categories?post=21873"},{"taxonomy":"post_tag","embeddable":true,"href":"https:\/\/www.opinionpublica.tv\/portada\/wp-json\/wp\/v2\/tags?post=21873"}],"curies":[{"name":"wp","href":"https:\/\/api.w.org\/{rel}","templated":true}]}}