{"id":21871,"date":"2020-01-10T07:00:00","date_gmt":"2020-01-10T06:00:00","guid":{"rendered":"https:\/\/www.opinionpublica.tv\/portada\/2020\/01\/10\/detiene-eu-a-dos-personas-mas-por-masacre-de-la-familia-lebaron\/"},"modified":"2020-01-10T07:00:00","modified_gmt":"2020-01-10T06:00:00","slug":"detiene-eu-a-dos-personas-mas-por-masacre-de-la-familia-lebaron","status":"publish","type":"post","link":"https:\/\/www.opinionpublica.tv\/portada\/detiene-eu-a-dos-personas-mas-por-masacre-de-la-familia-lebaron\/","title":{"rendered":"Detiene EU a dos personas m\u00e1s por masacre de la familia LeBar\u00f3n"},"content":{"rendered":"<p><img fetchpriority=\"high\" decoding=\"async\" class=\" size-full wp-image-21870\" src=\"https:\/\/www.opinionpublica.tv\/portada\/wp-content\/uploads\/2020\/01\/809f5053e314b3f7a920e6e72e1393e7.jpg\" alt=\"\" class=\"caption\" title=\"Juli\u00e1n LeBar\u00f3n y el poeta Javier Sicilia durante rueda de prensa.\" width=\"730\" height=\"459\" srcset=\"https:\/\/www.opinionpublica.tv\/portada\/wp-content\/uploads\/2020\/01\/809f5053e314b3f7a920e6e72e1393e7.jpg 730w, https:\/\/www.opinionpublica.tv\/portada\/wp-content\/uploads\/2020\/01\/809f5053e314b3f7a920e6e72e1393e7-300x189.jpg 300w\" sizes=\"(max-width: 730px) 100vw, 730px\" \/><br \/>\n<!--more--><\/p>\n<p style=\"text-align: justify;\"><em>Ciudad de M\u00e9xico<\/em>.- Christopher Landau, embajador de Estados Unidos en M\u00e9xico, inform\u00f3 que dos personas relacionadas con\u00a0la masacre de la familia LeBar\u00f3n, fueron detenidas en Estados Unidos.<\/p>\n<p style=\"text-align: justify;\">El anuncio se produjo despu\u00e9s de la reuni\u00f3n de Bryan LeBar\u00f3n con el embajador este jueves en la sede diplom\u00e1tica en la Ciudad de M\u00e9xico.<\/p>\n<p style=\"text-align: justify;\">\u00abNos confirmaron que en Estados Unidos hay dos detenidos en el caso de nuestra familia\u00bb, Bryan a\u00f1adi\u00f3 que el embajador Landau dijo que \u00abel caso es algo muy importante para el presidente Donald Trump\u00bb, inform\u00f3 el diario mexicano\u00a0Milenio.<\/p>\n<p style=\"text-align: justify;\">En el encuentro que tuvo unos 40 minutos de duraci\u00f3n, Landau ofreci\u00f3 a la familia el apoyo de la\u00a0Agencia Federal de Investigaci\u00f3n\u00a0(FBI) dijo Adri\u00e1n LeBar\u00f3n a los medios mexicanos.<\/p>\n<p style=\"text-align: justify;\">\u00abEscuch\u00f3 mucho la situaci\u00f3n. Yo fui de los primeros en llegar a la escena del crimen. [El embajador] estuvo muy atento, muy receptivo, muy tem\u00e1tico y nos puso a las \u00f3rdenes del FBI\u00bb declar\u00f3 Adri\u00e1n a la salida de la reuni\u00f3n.<\/p>\n<p style=\"text-align: justify;\">Este jueves, pero m\u00e1s temprano, el presidente mexicano,\u00a0Andr\u00e9s Manuel L\u00f3pez Obrador\u00a0declar\u00f3 que las familias LeBar\u00f3n y Langford han sido comprensivas y han estado unidas despu\u00e9s del ataque sufrido en noviembre en donde fueron asesinados nueve de sus integrantes.<\/p>\n<p style=\"text-align: justify;\">Sin dar detalles AMLO dijo que en el caso se han realizado importante avances confirmando su visita con la familia LeBar\u00f3n el domingo en el rancho La Mora en Bavispe, Sonora.<\/p>\n<p style=\"text-align: justify;\">La Fiscal\u00eda General de M\u00e9xico inform\u00f3 que hasta el momento 7 son las personas detenidas en este pa\u00eds por el ataque ocurrido el pasado 4 de noviembre, mientras que la familia LeBar\u00f3n dijo que despu\u00e9s de su reuni\u00f3n el d\u00eda lunes con el fiscal\u00a0Alejandro Gertz Manero, las autoridades mexicanas les confirmaron que por lo menos\u00a040 personas participaron en la masacre.<\/p>\n<p style=\"text-align: justify;\">Este mismo jueves el activista Javier Sicilia y\u00a0Juli\u00e1n LeBar\u00f3n\u00a0exhortaron al presidente L\u00f3pez Obrador a retomar la estrategia de seguridad para ofrecer justicia a la que se comprometi\u00f3 frente a las v\u00edctimas. Durante la rueda de prensa dieron tambi\u00e9n detalles de una caravana que partir\u00e1 el pr\u00f3ximo 23 de enero del Monumento de la Paloma de La Paz en la ciudad de Cuernavaca, Morelos, a unas 53 millas de la capital, hasta el Palacio Nacional en la Ciudad de M\u00e9xico donde esperan ser recibidos el 26 de enero por el presidente mexicano.<\/p>\n<p style=\"text-align: justify;\">\u00abTenemos que hablar, nuestra intenci\u00f3n es que nos abra la puerta\u00bb dijo Sicilia, uno de los principales activistas del Movimiento por la Paz con Justicia y Dignidad quien asegur\u00f3 que es enemigo de la violencia y aclar\u00f3 que \u00abno queremos que el presidente fracase, no lo vamos a sentar en el banquillo de los acusados\u00bb, dijo el activista.<\/p>\n<p style=\"text-align: justify;\">Por su parte Juli\u00e1n LeBar\u00f3n dijo que la marcha busca reclamar espacios de participaci\u00f3n y de exigir a las autoridades establecer el orden.<\/p>\n<p style=\"text-align: justify;\">\u00abEl fin de nosotros de andar en eso, no es abrir puertas si no abrir corazones, abrir mentes y abrir disposiciones a construir un poder ciudadano, una contraparte que es capaz de poner a los pol\u00edticos y a los criminales contra la pared y a quienes se han adue\u00f1ado de nuestros espacios p\u00fablicos\u00bb dijo Juli\u00e1n.<\/p>\n<p style=\"text-align: justify;\"><em>Con informaci\u00f3n de Univision<\/em><\/p>\n","protected":false},"excerpt":{"rendered":"","protected":false},"author":6,"featured_media":21870,"comment_status":"open","ping_status":"open","sticky":false,"template":"","format":"standard","meta":{"_acf_changed":false,"_monsterinsights_skip_tracking":false,"slim_seo":{"title":"Detiene EU a dos personas m\u00e1s por masacre de la familia LeBar\u00f3n - Opini\u00f3n P\u00fablica","description":"Ciudad de M\u00e9xico .- Christopher Landau, embajador de Estados Unidos en M\u00e9xico, inform\u00f3 que dos personas relacionadas con\u00a0la masacre de la familia LeBar\u00f3n, fuero"},"footnotes":""},"categories":[9],"tags":[],"class_list":["post-21871","post","type-post","status-publish","format-standard","has-post-thumbnail","hentry","category-nacional"],"acf":[],"_links":{"self":[{"href":"https:\/\/www.opinionpublica.tv\/portada\/wp-json\/wp\/v2\/posts\/21871","targetHints":{"allow":["GET"]}}],"collection":[{"href":"https:\/\/www.opinionpublica.tv\/portada\/wp-json\/wp\/v2\/posts"}],"about":[{"href":"https:\/\/www.opinionpublica.tv\/portada\/wp-json\/wp\/v2\/types\/post"}],"author":[{"embeddable":true,"href":"https:\/\/www.opinionpublica.tv\/portada\/wp-json\/wp\/v2\/users\/6"}],"replies":[{"embeddable":true,"href":"https:\/\/www.opinionpublica.tv\/portada\/wp-json\/wp\/v2\/comments?post=21871"}],"version-history":[{"count":0,"href":"https:\/\/www.opinionpublica.tv\/portada\/wp-json\/wp\/v2\/posts\/21871\/revisions"}],"wp:featuredmedia":[{"embeddable":true,"href":"https:\/\/www.opinionpublica.tv\/portada\/wp-json\/wp\/v2\/media\/21870"}],"wp:attachment":[{"href":"https:\/\/www.opinionpublica.tv\/portada\/wp-json\/wp\/v2\/media?parent=21871"}],"wp:term":[{"taxonomy":"category","embeddable":true,"href":"https:\/\/www.opinionpublica.tv\/portada\/wp-json\/wp\/v2\/categories?post=21871"},{"taxonomy":"post_tag","embeddable":true,"href":"https:\/\/www.opinionpublica.tv\/portada\/wp-json\/wp\/v2\/tags?post=21871"}],"curies":[{"name":"wp","href":"https:\/\/api.w.org\/{rel}","templated":true}]}}