{"id":21861,"date":"2020-01-09T07:00:00","date_gmt":"2020-01-09T06:00:00","guid":{"rendered":"https:\/\/www.opinionpublica.tv\/portada\/2020\/01\/09\/presume-donald-trump-aval-de-la-corte-para-fondear-su-muro-fronterizo-con-mexico\/"},"modified":"2020-01-09T07:00:00","modified_gmt":"2020-01-09T06:00:00","slug":"presume-donald-trump-aval-de-la-corte-para-fondear-su-muro-fronterizo-con-mexico","status":"publish","type":"post","link":"https:\/\/www.opinionpublica.tv\/portada\/presume-donald-trump-aval-de-la-corte-para-fondear-su-muro-fronterizo-con-mexico\/","title":{"rendered":"Presume Donald Trump aval de la Corte para fondear su muro fronterizo con M\u00e9xico"},"content":{"rendered":"<p><img fetchpriority=\"high\" decoding=\"async\" class=\" size-full wp-image-21860\" src=\"https:\/\/www.opinionpublica.tv\/portada\/wp-content\/uploads\/2020\/01\/652ed22f30acd57dbf9b9192ecb111f4.jpg\" alt=\"\" class=\"caption\" title=\"El muro de Donald Trump, presidente de Estados Unidos.\" width=\"1024\" height=\"576\" srcset=\"https:\/\/www.opinionpublica.tv\/portada\/wp-content\/uploads\/2020\/01\/652ed22f30acd57dbf9b9192ecb111f4.jpg 1024w, https:\/\/www.opinionpublica.tv\/portada\/wp-content\/uploads\/2020\/01\/652ed22f30acd57dbf9b9192ecb111f4-300x169.jpg 300w, https:\/\/www.opinionpublica.tv\/portada\/wp-content\/uploads\/2020\/01\/652ed22f30acd57dbf9b9192ecb111f4-768x432.jpg 768w\" sizes=\"(max-width: 1024px) 100vw, 1024px\" \/><br \/>\n<!--more--><\/p>\n<p style=\"text-align: justify;\"><em>Washington, EU<\/em>.- El presidente de Estados Unidos, Donald Trump, celebr\u00f3 en Twitter el fallo de la Corte de Apelaciones de Nueva Orleans que le autoriza utilizar 3.6 mil millones de d\u00f3lares para la construcci\u00f3n de una parte del muro en la frontera con M\u00e9xico.<\/p>\n<p style=\"text-align: justify;\">En diciembre de 2019 la Corte de Distrito de El Paso, Texas, otorg\u00f3 un fallo temporal para frenar la construcci\u00f3n del muro tras calificar como ilegal la declaratoria de emergencia nacional migratoria en Estados Unidos emitida por el magnate un a\u00f1o antes.<\/p>\n<p style=\"text-align: justify;\">\u201c\u00daltima Hora: La Corte de Apelaciones del Quinto Circuito acaba de revertir la decisi\u00f3n de una corte y nos dio luz verde para construir una de las secciones m\u00e1s grandes del tan necesitado muro en la frontera sur, 4 billones de d\u00f3lares. \u00a1El muro entero est\u00e1 en construcci\u00f3n o preparado para iniciar!\u201d, public\u00f3 en Twitter el presidente estadounidense.<\/p>\n<p style=\"text-align: justify;\">De acuerdo con el fallo de la Corte de Apelaciones del 5\u00ba Circuito de los Estados Unidos, con sede en Nueva Orleans, con la anulaci\u00f3n del fallo de la corte de El Paso para levantar el muro en la frontera sur con la finalidad de frenar el flujo migratorio ilegal.<\/p>\n","protected":false},"excerpt":{"rendered":"","protected":false},"author":6,"featured_media":21860,"comment_status":"open","ping_status":"open","sticky":false,"template":"","format":"standard","meta":{"_acf_changed":false,"_monsterinsights_skip_tracking":false,"slim_seo":{"title":"Presume Donald Trump aval de la Corte para fondear su muro fronterizo con M\u00e9xico - Opini\u00f3n P\u00fablica","description":"Washington, EU .- El presidente de Estados Unidos, Donald Trump, celebr\u00f3 en Twitter el fallo de la Corte de Apelaciones de Nueva Orleans que le autoriza utiliza"},"footnotes":""},"categories":[3],"tags":[],"class_list":["post-21861","post","type-post","status-publish","format-standard","has-post-thumbnail","hentry","category-principal"],"acf":[],"_links":{"self":[{"href":"https:\/\/www.opinionpublica.tv\/portada\/wp-json\/wp\/v2\/posts\/21861","targetHints":{"allow":["GET"]}}],"collection":[{"href":"https:\/\/www.opinionpublica.tv\/portada\/wp-json\/wp\/v2\/posts"}],"about":[{"href":"https:\/\/www.opinionpublica.tv\/portada\/wp-json\/wp\/v2\/types\/post"}],"author":[{"embeddable":true,"href":"https:\/\/www.opinionpublica.tv\/portada\/wp-json\/wp\/v2\/users\/6"}],"replies":[{"embeddable":true,"href":"https:\/\/www.opinionpublica.tv\/portada\/wp-json\/wp\/v2\/comments?post=21861"}],"version-history":[{"count":0,"href":"https:\/\/www.opinionpublica.tv\/portada\/wp-json\/wp\/v2\/posts\/21861\/revisions"}],"wp:featuredmedia":[{"embeddable":true,"href":"https:\/\/www.opinionpublica.tv\/portada\/wp-json\/wp\/v2\/media\/21860"}],"wp:attachment":[{"href":"https:\/\/www.opinionpublica.tv\/portada\/wp-json\/wp\/v2\/media?parent=21861"}],"wp:term":[{"taxonomy":"category","embeddable":true,"href":"https:\/\/www.opinionpublica.tv\/portada\/wp-json\/wp\/v2\/categories?post=21861"},{"taxonomy":"post_tag","embeddable":true,"href":"https:\/\/www.opinionpublica.tv\/portada\/wp-json\/wp\/v2\/tags?post=21861"}],"curies":[{"name":"wp","href":"https:\/\/api.w.org\/{rel}","templated":true}]}}