{"id":21846,"date":"2020-01-09T07:00:00","date_gmt":"2020-01-09T06:00:00","guid":{"rendered":"https:\/\/www.opinionpublica.tv\/portada\/2020\/01\/09\/efemerides-9-de-enero-4\/"},"modified":"2020-01-09T07:00:00","modified_gmt":"2020-01-09T06:00:00","slug":"efemerides-9-de-enero-4","status":"publish","type":"post","link":"https:\/\/www.opinionpublica.tv\/portada\/efemerides-9-de-enero-4\/","title":{"rendered":"Efem\u00e9rides 9 de enero"},"content":{"rendered":"<img fetchpriority=\"high\" decoding=\"async\" class=\" size-full wp-image-21845\" src=\"https:\/\/www.opinionpublica.tv\/portada\/wp-content\/uploads\/2020\/01\/160516732e2f800791b791bb5f58147c.jpg\" alt=\"\" class=\"caption\" title=\"La primera calculadora electr\u00f3nica de IBM pesaba cientos de kilos.\" width=\"570\" height=\"424\" srcset=\"https:\/\/www.opinionpublica.tv\/portada\/wp-content\/uploads\/2020\/01\/160516732e2f800791b791bb5f58147c.jpg 570w, https:\/\/www.opinionpublica.tv\/portada\/wp-content\/uploads\/2020\/01\/160516732e2f800791b791bb5f58147c-300x223.jpg 300w\" sizes=\"(max-width: 570px) 100vw, 570px\" \/>\n<p style=\"text-align: justify;\">Un d\u00eda de 9 de enero como hoy, pero de 1954, se presenta en Nueva York la primera calculadora de circuitos integrados o \u00abcerebro electr\u00f3nico\u00bb.<\/p>\n<p><!--more--><\/p>\n<p style=\"text-align: justify;\"><strong>Otras efem\u00e9rides<\/strong><\/p>\n<p style=\"text-align: justify;\">1539.- Francisco Pizarro funda la ciudad de Ayacucho, con el nombre de San Juan de la Frontera.<\/p>\n<p style=\"text-align: justify;\">1570.- Llega a Lima una real c\u00e9dula de Felipe II en la que se ordena el establecimiento de la Inquisici\u00f3n en Per\u00fa.<\/p>\n<p style=\"text-align: justify;\">1693.- Un terremoto destruye en Sicilia 60 pueblos y aldeas, y causa 50,000 muertos.<\/p>\n<p style=\"text-align: justify;\">1793.- Primer vuelo estadounidense en un globo de hidr\u00f3geno, realizado por el aeronauta franc\u00e9s Jean Pierre Blanchard, que viaj\u00f3 desde Filadelfia a Deptford (New Jersey) en 46 minutos.<\/p>\n<p style=\"text-align: justify;\">1837.- Gravemente herido en un duelo el poeta ruso Alexander Pushkin.<\/p>\n<p style=\"text-align: justify;\">1861.- El Estado de Misisipi se separa de la Uni\u00f3n Norteamericana para formar parte de la Confederaci\u00f3n de los Estados del Sur.<\/p>\n<p style=\"text-align: justify;\">1872.- Brasil y Paraguay firman un tratado de paz que pone fin su disputa territorial.<\/p>\n<p style=\"text-align: justify;\">1878.- Muere V\u00edctor Manuel II, rey y fundador del Reino de Italia.<\/p>\n<p style=\"text-align: justify;\">1902.- Nace Jos\u00e9 Mar\u00eda Escriv\u00e1 de Balaguer, sacerdote espa\u00f1ol, fundador de \u00abOpus Dei\u00bb.<\/p>\n<p style=\"text-align: justify;\">1905.- Se recrudece el movimiento huelgu\u00edstico ruso, que se convierte en revolucionario.<\/p>\n<p style=\"text-align: justify;\">1908.- Nace Simone de Beauvoir, escritora francesa.<\/p>\n<p style=\"text-align: justify;\">1913.- Nace Richard Nixon, presidente de Estados Unidos.<\/p>\n<p style=\"text-align: justify;\">1919.- Estalla un vasto movimiento obrero en Argentina, que dura hasta el d\u00eda 15 y es conocido como la Semana Tr\u00e1gica.<\/p>\n<p style=\"text-align: justify;\">1923.- Primer vuelo en autogiro, por Madrid, del inventor espa\u00f1ol Juan de La Cierva.<\/p>\n<p style=\"text-align: justify;\">1925.- Nace Lee Van Cleef, actor estadounidense.<\/p>\n<p style=\"text-align: justify;\">1927.- Nace Rodolfo Walsh, escritor y periodista argentino asesinado en 1977.<\/p>\n<p style=\"text-align: justify;\">1928.- Sandino proclama en Nicaragua la rep\u00fablica de Nueva Segovia, a cuya capital llamar\u00eda Ciudad Sandino.<\/p>\n<p style=\"text-align: justify;\">1939.- Libia es incorporada al territorio de Italia.<\/p>\n<p style=\"text-align: justify;\">1941.- Nace Joan Baez, cantante estadounidense.<\/p>\n<p style=\"text-align: justify;\">1959.- Revienta la presa del embalse Vega de Tera y las aguas arrasan el pueblo de Ribadelago, en la provincia espa\u00f1ola de Zamora.<\/p>\n<p style=\"text-align: justify;\">Mueren 144 personas.<\/p>\n<p style=\"text-align: justify;\">1959.- Nace Rigoberta Mench\u00fa, guatemalteca defensora de los derechos humanos. Premio Nobel de la Paz 1992.<\/p>\n<p style=\"text-align: justify;\">1960.- Comienza a construirse en Egipto la presa de Asu\u00e1n.<\/p>\n<p style=\"text-align: justify;\">1982.- Nace Catalina Middleton, duquesa de Cambridge y esposa del pr\u00edncipe Guillermo de Inglaterra.<\/p>\n<p style=\"text-align: justify;\">1983.- Reuni\u00f3n en la isla de Contadora sobre la paz en Centroam\u00e9rica.<\/p>\n<p style=\"text-align: justify;\">2000.- El presidente de Uzbekist\u00e1n, Islam Karimov es reelegido con el 91,9 % de los votos.<\/p>\n<p style=\"text-align: justify;\">2004.- Muere Norberto Bobbio, fil\u00f3sofo italiano.<\/p>\n<p style=\"text-align: justify;\">2005.- El Gobierno de Sud\u00e1n y los rebeldes del sur del pa\u00eds firman un acuerdo de paz que pone fin a 22 a\u00f1os de guerra civil.<\/p>\n<p style=\"text-align: justify;\">2005.- El candidato de Al Fatah, Mahmud Abas (Ab\u00fa Mazen), gana las elecciones presidenciales palestinas.<\/p>\n<p style=\"text-align: justify;\">2011.- Muere Peter Yates, cineasta brit\u00e1nico.<\/p>\n<p style=\"text-align: justify;\">2014.- Fallece Amiri Baraka (Everett LeRoi Jones), escritor y activista pol\u00edtico estadounidense.<\/p>\n<p style=\"text-align: justify;\">2015.- Los presuntos autores del ataque a la revista sat\u00edrica \u00abCharlie Hebdo\u00bb y el secuestrador en un supermercado jud\u00edo en Par\u00eds son abatidos en dos operaciones policiales. Fallecen cuatro de los secuestrados en el supermercado y un agente de polic\u00eda.<\/p>\n<p style=\"text-align: justify;\">2017.- Fallece Zygmunt Bauman, soci\u00f3logo y fil\u00f3sofo polaco.<\/p>\n<p style=\"text-align: justify;\">2018.- Las dos Coreas inician su primera reuni\u00f3n en m\u00e1s de dos a\u00f1os.<\/p>\n","protected":false},"excerpt":{"rendered":"<p>Un d\u00eda de 9 de enero como hoy, pero de 1954, se presenta en Nueva York la primera calculadora de circuitos integrados o \u00abcerebro electr\u00f3nico\u00bb.<\/p>\n","protected":false},"author":6,"featured_media":21845,"comment_status":"open","ping_status":"open","sticky":false,"template":"","format":"standard","meta":{"_acf_changed":false,"_monsterinsights_skip_tracking":false,"slim_seo":{"title":"Efem\u00e9rides 9 de enero - Opini\u00f3n P\u00fablica","description":"Un d\u00eda de 9 de enero como hoy, pero de 1954, se presenta en Nueva York la primera calculadora de circuitos integrados o \"cerebro electr\u00f3nico\". Otras efem\u00e9rides"},"footnotes":""},"categories":[27],"tags":[],"class_list":["post-21846","post","type-post","status-publish","format-standard","has-post-thumbnail","hentry","category-un-dia-como-hoy"],"acf":[],"_links":{"self":[{"href":"https:\/\/www.opinionpublica.tv\/portada\/wp-json\/wp\/v2\/posts\/21846","targetHints":{"allow":["GET"]}}],"collection":[{"href":"https:\/\/www.opinionpublica.tv\/portada\/wp-json\/wp\/v2\/posts"}],"about":[{"href":"https:\/\/www.opinionpublica.tv\/portada\/wp-json\/wp\/v2\/types\/post"}],"author":[{"embeddable":true,"href":"https:\/\/www.opinionpublica.tv\/portada\/wp-json\/wp\/v2\/users\/6"}],"replies":[{"embeddable":true,"href":"https:\/\/www.opinionpublica.tv\/portada\/wp-json\/wp\/v2\/comments?post=21846"}],"version-history":[{"count":0,"href":"https:\/\/www.opinionpublica.tv\/portada\/wp-json\/wp\/v2\/posts\/21846\/revisions"}],"wp:featuredmedia":[{"embeddable":true,"href":"https:\/\/www.opinionpublica.tv\/portada\/wp-json\/wp\/v2\/media\/21845"}],"wp:attachment":[{"href":"https:\/\/www.opinionpublica.tv\/portada\/wp-json\/wp\/v2\/media?parent=21846"}],"wp:term":[{"taxonomy":"category","embeddable":true,"href":"https:\/\/www.opinionpublica.tv\/portada\/wp-json\/wp\/v2\/categories?post=21846"},{"taxonomy":"post_tag","embeddable":true,"href":"https:\/\/www.opinionpublica.tv\/portada\/wp-json\/wp\/v2\/tags?post=21846"}],"curies":[{"name":"wp","href":"https:\/\/api.w.org\/{rel}","templated":true}]}}