{"id":21824,"date":"2020-01-07T07:00:00","date_gmt":"2020-01-07T06:00:00","guid":{"rendered":"https:\/\/www.opinionpublica.tv\/portada\/2020\/01\/07\/por-que-mexico-no-crecio-durante-el-2019\/"},"modified":"2020-01-07T07:00:00","modified_gmt":"2020-01-07T06:00:00","slug":"por-que-mexico-no-crecio-durante-el-2019","status":"publish","type":"post","link":"https:\/\/www.opinionpublica.tv\/portada\/por-que-mexico-no-crecio-durante-el-2019\/","title":{"rendered":"\u00bfPor qu\u00e9 la econom\u00eda de M\u00e9xico no creci\u00f3 durante el 2019?"},"content":{"rendered":"<p><img fetchpriority=\"high\" decoding=\"async\" class=\" size-full wp-image-21823\" src=\"https:\/\/www.opinionpublica.tv\/portada\/wp-content\/uploads\/2020\/01\/5ccc8e1873294e1e5936e630de6ff8d3.jpg\" alt=\"\" class=\"caption\" title=\"La econom\u00eda mexicana se estanc\u00f3 durante el arranque de sexenio de L\u00f3pez Obrador.\" width=\"299\" height=\"168\" \/><br \/>\n<!--more--><\/p>\n<p style=\"text-align: justify;\"><em>Ciudad de M\u00e9xico<\/em>.- En el 2019 no se cumpli\u00f3 la promesa de crecimiento econ\u00f3mico en el primero a\u00f1o del sexenio de Andr\u00e9s Manuel L\u00f3pez Obrador; si bien factores coyunturales impactaron los resultados en la econom\u00eda, otras razones de \u00edndole internacional y estructural tambi\u00e9n influyeron para que el primer gobierno de izquierda en el pa\u00eds no cumpliera, coincidieron expertos.<\/p>\n<p style=\"text-align: justify;\">\u201cEn este primer a\u00f1o el inversionista promedio s\u00ed est\u00e1 viendo reglas diferentes, todav\u00eda no muy claras, de cu\u00e1l va a ser el\u00a0tratamiento del tema econ\u00f3mico, del tema de inversi\u00f3n\u201d, dijo Gonzalo Hern\u00e1ndez Licona, extitular de Coneval a El Financiero-Bloomberg.<\/p>\n<p style=\"text-align: justify;\">Acciones como\u00a0la cancelaci\u00f3n del aeropuerto, la interrupci\u00f3n de las rondas petroleras y de proyectos energ\u00e9ticos\u00a0de gran escala \u2014como las subastas de mediano y largo plazo\u2014 afectaron la confianza de los inversores en el pa\u00eds.<\/p>\n<p style=\"text-align: justify;\">Los cuatro motores de la econom\u00eda, coincidieron los analistas, se encuentran d\u00e9biles o apagados:\u00a0el consumo interno, el gasto gubernamental, la inversi\u00f3n p\u00fablica y las exportaciones.<\/p>\n<p style=\"text-align: justify;\">Los expertos reconocieron tambi\u00e9n que el bajo crecimiento tambi\u00e9n se dio como\u00a0inercia a las condiciones acontecidas en sexenios anteriores: \u201cSe subestim\u00f3 el efecto de esa desaceleraci\u00f3n, sobre todo en construcci\u00f3n\u201d, afirm\u00f3 Jos\u00e9 Luis de la Cruz, director del Instituto para el Desarrollo Industrial y el Crecimiento Econ\u00f3mico.<\/p>\n<p style=\"text-align: justify;\"><em>Con informaci\u00f3n de El Financiero<\/em><\/p>\n","protected":false},"excerpt":{"rendered":"","protected":false},"author":6,"featured_media":21823,"comment_status":"open","ping_status":"open","sticky":false,"template":"","format":"standard","meta":{"_acf_changed":false,"_monsterinsights_skip_tracking":false,"slim_seo":{"title":"\u00bfPor qu\u00e9 la econom\u00eda de M\u00e9xico no creci\u00f3 durante el 2019? - Opini\u00f3n P\u00fablica","description":"Ciudad de M\u00e9xico .- En el 2019 no se cumpli\u00f3 la promesa de crecimiento econ\u00f3mico en el primero a\u00f1o del sexenio de Andr\u00e9s Manuel L\u00f3pez Obrador; si bien factores"},"footnotes":""},"categories":[9],"tags":[],"class_list":["post-21824","post","type-post","status-publish","format-standard","has-post-thumbnail","hentry","category-nacional"],"acf":[],"_links":{"self":[{"href":"https:\/\/www.opinionpublica.tv\/portada\/wp-json\/wp\/v2\/posts\/21824","targetHints":{"allow":["GET"]}}],"collection":[{"href":"https:\/\/www.opinionpublica.tv\/portada\/wp-json\/wp\/v2\/posts"}],"about":[{"href":"https:\/\/www.opinionpublica.tv\/portada\/wp-json\/wp\/v2\/types\/post"}],"author":[{"embeddable":true,"href":"https:\/\/www.opinionpublica.tv\/portada\/wp-json\/wp\/v2\/users\/6"}],"replies":[{"embeddable":true,"href":"https:\/\/www.opinionpublica.tv\/portada\/wp-json\/wp\/v2\/comments?post=21824"}],"version-history":[{"count":0,"href":"https:\/\/www.opinionpublica.tv\/portada\/wp-json\/wp\/v2\/posts\/21824\/revisions"}],"wp:featuredmedia":[{"embeddable":true,"href":"https:\/\/www.opinionpublica.tv\/portada\/wp-json\/wp\/v2\/media\/21823"}],"wp:attachment":[{"href":"https:\/\/www.opinionpublica.tv\/portada\/wp-json\/wp\/v2\/media?parent=21824"}],"wp:term":[{"taxonomy":"category","embeddable":true,"href":"https:\/\/www.opinionpublica.tv\/portada\/wp-json\/wp\/v2\/categories?post=21824"},{"taxonomy":"post_tag","embeddable":true,"href":"https:\/\/www.opinionpublica.tv\/portada\/wp-json\/wp\/v2\/tags?post=21824"}],"curies":[{"name":"wp","href":"https:\/\/api.w.org\/{rel}","templated":true}]}}