{"id":21779,"date":"2020-01-03T07:00:00","date_gmt":"2020-01-03T06:00:00","guid":{"rendered":"https:\/\/www.opinionpublica.tv\/portada\/2020\/01\/03\/seguira-la-debilidad-economica-durante-el-2020-banxico\/"},"modified":"2020-01-03T07:00:00","modified_gmt":"2020-01-03T06:00:00","slug":"seguira-la-debilidad-economica-durante-el-2020-banxico","status":"publish","type":"post","link":"https:\/\/www.opinionpublica.tv\/portada\/seguira-la-debilidad-economica-durante-el-2020-banxico\/","title":{"rendered":"Seguir\u00e1 la debilidad econ\u00f3mica durante el 2020: Banxico"},"content":{"rendered":"<p><img fetchpriority=\"high\" decoding=\"async\" class=\" size-full wp-image-21778\" src=\"https:\/\/www.opinionpublica.tv\/portada\/wp-content\/uploads\/2020\/01\/a0c8d7102d7f167c6bf27057cd9ae0a1.jpg\" alt=\"\" class=\"caption\" title=\"La econom\u00eda mexicana se estanc\u00f3 durante el arranque de sexenio de L\u00f3pez Obrador.\" width=\"600\" height=\"380\" srcset=\"https:\/\/www.opinionpublica.tv\/portada\/wp-content\/uploads\/2020\/01\/a0c8d7102d7f167c6bf27057cd9ae0a1.jpg 600w, https:\/\/www.opinionpublica.tv\/portada\/wp-content\/uploads\/2020\/01\/a0c8d7102d7f167c6bf27057cd9ae0a1-300x190.jpg 300w\" sizes=\"(max-width: 600px) 100vw, 600px\" \/><br \/>\n<!--more--><\/p>\n<p style=\"text-align: justify;\"><em>Ciudad de M\u00e9xico<\/em>.- La mayor\u00eda de los miembros de la Junta de Gobierno del Banco de M\u00e9xico (Banxico) considera que el estancamiento de la actividad econ\u00f3mica se mantuvo en el 2019 y que este a\u00f1o que inicia se presentar\u00e1 una \u201crecuperaci\u00f3n modesta\u201d.<\/p>\n<p style=\"text-align: justify;\">De acuerdo con lo descrito en la minuta n\u00famero 72, correspondiente a la \u00faltima reuni\u00f3n monetaria del a\u00f1o pasado, algunos sostuvieron que el crecimiento contin\u00faa sujeto a riesgos externos e internos, particularmente vinculados a la debilidad de la inversi\u00f3n, caracter\u00edstica destacada por uno de los miembros de la junta, al indicar que \u201csuele ser m\u00e1s sensible a un entorno de elevada incertidumbre\u201d.<\/p>\n<p style=\"text-align: justify;\">En aquella reuni\u00f3n, realizada el 19 de diciembre, donde la mayor\u00eda de los miembros de la Junta de Gobierno recort\u00f3 la tasa para llevarla a 7.25%, mencionaron que \u201cexisten riesgos asociados a la ratificaci\u00f3n del Tratado entre M\u00e9xico, Estados Unidos y Canad\u00e1 (T-MEC)\u201d.<\/p>\n<p style=\"text-align: justify;\">\u201cAlgunos alertaron que queda pendiente la parte final de la ratificaci\u00f3n legislativa en Estados Unidos y Canad\u00e1. Sin embargo, la mayor\u00eda reconoci\u00f3 que la incertidumbre asociada a dicho proceso ha disminuido y coincidi\u00f3 en que la ratificaci\u00f3n podr\u00eda mejorar el panorama de inversi\u00f3n\u201d.<\/p>\n<p style=\"text-align: justify;\">No obstante, \u201cuno se\u00f1al\u00f3 que se anticipan retos no triviales para su implementaci\u00f3n, por lo que no es evidente que en el corto plazo el acuerdo reactive la inversi\u00f3n privada\u201d.<\/p>\n<p style=\"text-align: justify;\">Y \u201cla mayor\u00eda enfatiz\u00f3 que para lograr un fortalecimiento de la confianza tambi\u00e9n es necesario atenuar otros factores de incertidumbre internos, como los de la gobernanza, certeza jur\u00eddica, inseguridad y aquellos vinculados a la situaci\u00f3n econ\u00f3mica y pol\u00edtica del pa\u00eds.<\/p>\n<p style=\"text-align: justify;\">Ingresos p\u00fablicos tambi\u00e9n afectar\u00e1n inversi\u00f3n<\/p>\n<p style=\"text-align: justify;\">Otro de los miembros a\u00f1adi\u00f3 que \u201ces poco probable que el Acuerdo Nacional de Inversi\u00f3n en Infraestructura del Sector Privado pueda revertir la aton\u00eda de la inversi\u00f3n\u201d.<\/p>\n<p style=\"text-align: justify;\">Esto, porque los recursos previstos para estos proyectos \u201cson menores al promedio anual observado en los \u00faltimos cinco a\u00f1os\u201d.<\/p>\n<p style=\"text-align: justify;\">Agreg\u00f3 que \u201cla recomposici\u00f3n del gasto aprobada en el Presupuesto de Egresos de la Federaci\u00f3n 2020 implica un riesgo importante sobre el crecimiento potencial del pa\u00eds, ya que reasigna recursos de sectores estrat\u00e9gicos como el sistema el\u00e9ctrico, el aeroportuario y la infraestructura carretera para proyectos, cuya rentabilidad es incierta\u201d.<\/p>\n<p style=\"text-align: justify;\">Otro m\u00e1s se\u00f1al\u00f3 como riesgo para el crecimiento la posible reducci\u00f3n en los ingresos p\u00fablicos.<\/p>\n<p style=\"text-align: justify;\"><strong>Pemex, riesgo latente<\/strong><\/p>\n<p style=\"text-align: justify;\">En la misma reuni\u00f3n insistieron en destacar su preocupaci\u00f3n ante la incertidumbre acerca de la calificaci\u00f3n crediticia de Petr\u00f3leos Mexicanos (Pemex).<\/p>\n<p style=\"text-align: justify;\">\u201cAlgunos (de los integrantes) destacaron que los objetivos para el 2020 se basan en supuestos optimistas, y que con la utilizaci\u00f3n de los recursos del Fondo de Estabilizaci\u00f3n de los Ingresos Presupuestarios (FEIP) este a\u00f1o (2019) los fondos para hacer frente a contingencias se reducir\u00e1n considerablemente\u201d.<\/p>\n<p style=\"text-align: justify;\">Uno de ellos agreg\u00f3 que \u201cel super\u00e1vit primario se ha alcanzado mediante el subejercicio del gasto y el uso de recursos provenientes del FEIP. Indic\u00f3 que utilizar recursos extraordinarios para enfrentar faltantes de ingresos en ausencia de choques imprevistos no atiende problemas estructurales\u201d.<\/p>\n<p style=\"text-align: justify;\">Y otro de los integrantes de la Junta de Gobierno mencion\u00f3 que \u201csigue latente la expectativa de un recorte de calificaci\u00f3n\u201d para Pemex, y otro agreg\u00f3 \u201cla potencial implicaci\u00f3n de la p\u00e9rdida del grado de inversi\u00f3n de dicha empresa, tanto para las finanzas p\u00fablicas como para la calificaci\u00f3n crediticia soberana\u201d.<\/p>\n<p style=\"text-align: justify;\"><strong>Menos empleos formales<\/strong><\/p>\n<p style=\"text-align: justify;\">En la minuta, se anticipa que el 2019 podr\u00eda cerrar con la menor creaci\u00f3n de empleos formales durante la \u00faltima d\u00e9cada, como consecuencia de la debilidad econ\u00f3mica.<\/p>\n<p style=\"text-align: justify;\">\u201cEs previsible que durante el 2019 la creaci\u00f3n de empleos formales registre su menor nivel desde el 2009\u201d, menciona la minuta.<\/p>\n<p style=\"text-align: justify;\">S\u00f3lo en noviembre pasado se increment\u00f3 en 345,000 empleos el n\u00famero de trabajadores afiliados al Instituto Mexicano del Seguro Social, lo que represent\u00f3 un crecimiento anual de 1.7 por ciento.<\/p>\n<p style=\"text-align: justify;\">Las cifras son menores a las reportadas el a\u00f1o anterior, cuando se alcanzaron 688,000 empleos y un crecimiento de 3.5%, expuso uno de los integrantes del banco central.<\/p>\n<p style=\"text-align: justify;\">En dicha reuni\u00f3n, tambi\u00e9n se hizo \u00e9nfasis en la mayor ocupaci\u00f3n en el sector informal y en el aumento de la subocupaci\u00f3n.<\/p>\n<p style=\"text-align: justify;\">Desde el 2012, la variaci\u00f3n acumulada del porcentaje de la poblaci\u00f3n econ\u00f3micamente activa que labora menos de 35 horas a la semana se multiplic\u00f3 casi por cuatro entre el 2018 y el 2019.<\/p>\n<p style=\"text-align: justify;\">Algunos integrantes de la Junta de Gobierno consideraron que la evoluci\u00f3n del mercado laboral ha reflejado la debilidad de la econom\u00eda y otros sostuvieron que tambi\u00e9n ha sido reflejo de la trayectoria de los salarios.<\/p>\n<p style=\"text-align: justify;\">\u201cEn particular, uno manifest\u00f3 que hay informaci\u00f3n que sugiere que la pol\u00edtica salarial ha comenzado a inhibir la generaci\u00f3n de empleos formales, lo que tambi\u00e9n puede debilitar la actividad econ\u00f3mica\u201d, expuso en la minuta.<\/p>\n<p style=\"text-align: justify;\">Las distorsiones se ver\u00e1n acentuadas como resultado del aumento al salario m\u00ednimo general, que es de 20% a partir del 1 de enero del 2020, y es el mayor registrado en los \u00faltimos 44 a\u00f1os. (Con informaci\u00f3n de Notimex)<\/p>\n<p style=\"text-align: justify;\"><strong>Esquivel insisti\u00f3 en recorte de 50 puntos base<\/strong><\/p>\n<p style=\"text-align: justify;\">La decisi\u00f3n del cuarto recorte consecutivo en la tasa fue tomada por mayor\u00eda en diciembre, y s\u00f3lo uno de los miembros, el subgobernador Gerardo Esquivel, pidi\u00f3 bajar el r\u00e9dito en medio punto, para dejarlo en 7 por ciento.<\/p>\n<p style=\"text-align: justify;\">\u00c9ste es el quinto anuncio consecutivo en que el citado banquero central solicita un recorte de 50 puntos base en el premio que paga M\u00e9xico al mercado.<\/p>\n<p style=\"text-align: justify;\">De acuerdo con la minuta, correspondiente a la \u00faltima reuni\u00f3n monetaria del a\u00f1o, \u201cla direcci\u00f3n y magnitud de los cambios en la tasa de inter\u00e9s de referencia sugieren que la postura monetaria es m\u00e1s restrictiva de lo necesario\u201d. (El Economista)<\/p>\n","protected":false},"excerpt":{"rendered":"","protected":false},"author":6,"featured_media":21778,"comment_status":"open","ping_status":"open","sticky":false,"template":"","format":"standard","meta":{"_acf_changed":false,"_monsterinsights_skip_tracking":false,"slim_seo":{"title":"Seguir\u00e1 la debilidad econ\u00f3mica durante el 2020: Banxico - Opini\u00f3n P\u00fablica","description":"Ciudad de M\u00e9xico .- La mayor\u00eda de los miembros de la Junta de Gobierno del Banco de M\u00e9xico (Banxico) considera que el estancamiento de la actividad econ\u00f3mica se"},"footnotes":""},"categories":[9],"tags":[],"class_list":["post-21779","post","type-post","status-publish","format-standard","has-post-thumbnail","hentry","category-nacional"],"acf":[],"_links":{"self":[{"href":"https:\/\/www.opinionpublica.tv\/portada\/wp-json\/wp\/v2\/posts\/21779","targetHints":{"allow":["GET"]}}],"collection":[{"href":"https:\/\/www.opinionpublica.tv\/portada\/wp-json\/wp\/v2\/posts"}],"about":[{"href":"https:\/\/www.opinionpublica.tv\/portada\/wp-json\/wp\/v2\/types\/post"}],"author":[{"embeddable":true,"href":"https:\/\/www.opinionpublica.tv\/portada\/wp-json\/wp\/v2\/users\/6"}],"replies":[{"embeddable":true,"href":"https:\/\/www.opinionpublica.tv\/portada\/wp-json\/wp\/v2\/comments?post=21779"}],"version-history":[{"count":0,"href":"https:\/\/www.opinionpublica.tv\/portada\/wp-json\/wp\/v2\/posts\/21779\/revisions"}],"wp:featuredmedia":[{"embeddable":true,"href":"https:\/\/www.opinionpublica.tv\/portada\/wp-json\/wp\/v2\/media\/21778"}],"wp:attachment":[{"href":"https:\/\/www.opinionpublica.tv\/portada\/wp-json\/wp\/v2\/media?parent=21779"}],"wp:term":[{"taxonomy":"category","embeddable":true,"href":"https:\/\/www.opinionpublica.tv\/portada\/wp-json\/wp\/v2\/categories?post=21779"},{"taxonomy":"post_tag","embeddable":true,"href":"https:\/\/www.opinionpublica.tv\/portada\/wp-json\/wp\/v2\/tags?post=21779"}],"curies":[{"name":"wp","href":"https:\/\/api.w.org\/{rel}","templated":true}]}}