{"id":21775,"date":"2020-01-03T07:00:00","date_gmt":"2020-01-03T06:00:00","guid":{"rendered":"https:\/\/www.opinionpublica.tv\/portada\/2020\/01\/03\/encuesta-52-de-chihuahuenses-creen-que-corral-debe-renunciar\/"},"modified":"2020-01-03T07:00:00","modified_gmt":"2020-01-03T06:00:00","slug":"encuesta-52-de-chihuahuenses-creen-que-corral-debe-renunciar","status":"publish","type":"post","link":"https:\/\/www.opinionpublica.tv\/portada\/encuesta-52-de-chihuahuenses-creen-que-corral-debe-renunciar\/","title":{"rendered":"Encuesta: 52% de chihuahuenses creen que Corral debe renunciar"},"content":{"rendered":"<p><img fetchpriority=\"high\" decoding=\"async\" class=\" size-full wp-image-21774\" src=\"https:\/\/www.opinionpublica.tv\/portada\/wp-content\/uploads\/2020\/01\/82bb74cb1906bb3ca4005fb5d4751bf9.jpg\" alt=\"\" class=\"caption\" title=\"Javier Corral Jurado, gobernador de Chihuahua.\" width=\"1200\" height=\"800\" srcset=\"https:\/\/www.opinionpublica.tv\/portada\/wp-content\/uploads\/2020\/01\/82bb74cb1906bb3ca4005fb5d4751bf9.jpg 1200w, https:\/\/www.opinionpublica.tv\/portada\/wp-content\/uploads\/2020\/01\/82bb74cb1906bb3ca4005fb5d4751bf9-300x200.jpg 300w, https:\/\/www.opinionpublica.tv\/portada\/wp-content\/uploads\/2020\/01\/82bb74cb1906bb3ca4005fb5d4751bf9-1024x683.jpg 1024w, https:\/\/www.opinionpublica.tv\/portada\/wp-content\/uploads\/2020\/01\/82bb74cb1906bb3ca4005fb5d4751bf9-768x512.jpg 768w\" sizes=\"(max-width: 1200px) 100vw, 1200px\" \/><br \/>\n<!--more--><\/p>\n<p style=\"text-align: justify;\"><em>Chihuahua, Chih<\/em>.- La firma C&amp;E Campaigns &amp; Elections M\u00e9xico dio a conocer resultados de su encuesta del mes de diciembre, en la que se indica que un 52 por ciento de los chihuahuenses piden la renuncia del gobernador de Chihuahua, Javier Corral Jurado.<\/p>\n<p style=\"text-align: justify;\">Seg\u00fan la publicaci\u00f3n, los entrevistados consideran que Corral debe dejar el cargo debido a la poca capacidad que ha demostrado para gobernar, mientras que al 35% le gustar\u00eda\u00a0que continuara y un 13% no contest\u00f3.<\/p>\n<p style=\"text-align: justify;\">Otro dato relevante se\u00f1ala que el mandatario de Chihuahua se encuentra en el lugar 29 de 32 en el nivel de aprobaci\u00f3n de los gobernantes a nivel nacional.<\/p>\n<p style=\"text-align: justify;\">De igual forma, en el aspecto de c\u00f3mo est\u00e1 haciendo su trabajo, un 58% de las personas desaprueban la forma en la que el gobernador de Chihuahua lleva las riendas del estado.<\/p>\n<p style=\"text-align: justify;\">En materia de seguridad, creaci\u00f3n de empleos, manejo de la econom\u00eda, disminuci\u00f3n de la pobreza, honestidad y cercan\u00eda al pueblo, Javier Corral tambi\u00e9n sale reprobado, ya que hasta un 66% de los encuestados consideraron que no es una persona trabajadora.<\/p>\n<p style=\"text-align: justify;\">Fuente: <a href=\"https:\/\/rankingdegobernadores.com\/chihuahua2019\/\">https:\/\/rankingdegobernadores.com\/chihuahua2019\/<\/a>.<\/p>\n","protected":false},"excerpt":{"rendered":"","protected":false},"author":6,"featured_media":21774,"comment_status":"open","ping_status":"open","sticky":false,"template":"","format":"standard","meta":{"_acf_changed":false,"_monsterinsights_skip_tracking":false,"slim_seo":{"title":"Encuesta: 52% de chihuahuenses creen que Corral debe renunciar - Opini\u00f3n P\u00fablica","description":"Chihuahua, Chih .- La firma C&amp;E Campaigns &amp; Elections M\u00e9xico dio a conocer resultados de su encuesta del mes de diciembre, en la que se indica que un 52"},"footnotes":""},"categories":[4],"tags":[],"class_list":["post-21775","post","type-post","status-publish","format-standard","has-post-thumbnail","hentry","category-pulsopolitico"],"acf":[],"_links":{"self":[{"href":"https:\/\/www.opinionpublica.tv\/portada\/wp-json\/wp\/v2\/posts\/21775","targetHints":{"allow":["GET"]}}],"collection":[{"href":"https:\/\/www.opinionpublica.tv\/portada\/wp-json\/wp\/v2\/posts"}],"about":[{"href":"https:\/\/www.opinionpublica.tv\/portada\/wp-json\/wp\/v2\/types\/post"}],"author":[{"embeddable":true,"href":"https:\/\/www.opinionpublica.tv\/portada\/wp-json\/wp\/v2\/users\/6"}],"replies":[{"embeddable":true,"href":"https:\/\/www.opinionpublica.tv\/portada\/wp-json\/wp\/v2\/comments?post=21775"}],"version-history":[{"count":0,"href":"https:\/\/www.opinionpublica.tv\/portada\/wp-json\/wp\/v2\/posts\/21775\/revisions"}],"wp:featuredmedia":[{"embeddable":true,"href":"https:\/\/www.opinionpublica.tv\/portada\/wp-json\/wp\/v2\/media\/21774"}],"wp:attachment":[{"href":"https:\/\/www.opinionpublica.tv\/portada\/wp-json\/wp\/v2\/media?parent=21775"}],"wp:term":[{"taxonomy":"category","embeddable":true,"href":"https:\/\/www.opinionpublica.tv\/portada\/wp-json\/wp\/v2\/categories?post=21775"},{"taxonomy":"post_tag","embeddable":true,"href":"https:\/\/www.opinionpublica.tv\/portada\/wp-json\/wp\/v2\/tags?post=21775"}],"curies":[{"name":"wp","href":"https:\/\/api.w.org\/{rel}","templated":true}]}}