{"id":21754,"date":"2020-01-01T07:00:00","date_gmt":"2020-01-01T06:00:00","guid":{"rendered":"https:\/\/www.opinionpublica.tv\/portada\/2020\/01\/01\/extiende-4t-decreto-para-la-importacion-de-autos-usados\/"},"modified":"2020-01-01T07:00:00","modified_gmt":"2020-01-01T06:00:00","slug":"extiende-4t-decreto-para-la-importacion-de-autos-usados","status":"publish","type":"post","link":"https:\/\/www.opinionpublica.tv\/portada\/extiende-4t-decreto-para-la-importacion-de-autos-usados\/","title":{"rendered":"Extiende 4T decreto para la importaci\u00f3n de autos usados"},"content":{"rendered":"<p><img fetchpriority=\"high\" decoding=\"async\" class=\" size-full wp-image-21753\" src=\"https:\/\/www.opinionpublica.tv\/portada\/wp-content\/uploads\/2020\/01\/2cd52091756750cb4d466107b44105e7.jpg\" alt=\"\" class=\"caption\" title=\"Durante 2020 seguir\u00e1 la importaci\u00f3n de autos extranjeros de forma normal.\" width=\"259\" height=\"194\" \/><br \/>\n<!--more--><\/p>\n<p style=\"text-align: justify;\"><em>Ciudad de M\u00e9xico<\/em>.- La Secretar\u00eda de Econom\u00eda public\u00f3 el Decreto que regula la importaci\u00f3n definitiva de veh\u00edculos usados provenientes de Estados Unidos y Canad\u00e1 en el Diario Oficial de la Federaci\u00f3n (DOF), el cual tendr\u00e1 una vigencia hasta el 31 de diciembre de 2020.<\/p>\n<p style=\"text-align: justify;\">Este decreto fue modificado el 31 de enero de 2013, 30 de enero de 2014, 31 de diciembre de 2014, 31 de diciembre de 2015, 26 de diciembre de 2016, 28 de diciembre de 2017 y 29 de marzo de 2019.<\/p>\n<p style=\"text-align: justify;\">Las reglas para la importaci\u00f3n de autos usados que marca el Decreto no violan las garant\u00edas de igualdad, audiencia previa, irretroactividad, la libertad de trabajo ni al libre comercio; adem\u00e1s de que existe jurisprudencia definida y obligatoria indicando que es acorde con el Tratado de Libre Comercio de Am\u00e9rica del Norte y, consecuentemente no es violatorio del art\u00edculo 133 de la Constituci\u00f3n Pol\u00edtica de los Estados Unidos Mexicanos, indic\u00f3 la Secretar\u00eda de Econom\u00eda.<\/p>\n<p style=\"text-align: justify;\">Por lo tanto, a partir de este mi\u00e9rcoles 1 de enero de 2020, se podr\u00e1n importar autos usados provenientes de Estados Unidos y Canad\u00e1 con cualquier a\u00f1o de antig\u00fcedad sin pagar arancel, siempre y cuando, presenten un certificado de origen que avale la fabricaci\u00f3n del veh\u00edculo en Norteam\u00e9rica; se apeguen a la lista de precios estimados en la aduana y presenten un certificado de emisiones contaminantes.<\/p>\n<p style=\"text-align: justify;\">De igual forma, en jurisprudencia se resolvi\u00f3 que es improcedente conceder la suspensi\u00f3n relativa a la regulaci\u00f3n de importaci\u00f3n definitiva de veh\u00edculos usados, al considerar que de concederse se seguir\u00eda perjuicio al inter\u00e9s social y se contravendr\u00edan disposiciones de orden p\u00fablico, agrega el DOF.<\/p>\n<p style=\"text-align: justify;\">De enero a octubre de 2019, se importaron 127 mil 670 veh\u00edculos usados provenientes de Estados Unidos y Canad\u00e1, un incremento de 10.3% respecto al mismo periodo del a\u00f1o pasado.<\/p>\n<p style=\"text-align: justify;\">Esta cifra es equivalente al 12% del total de veh\u00edculos nuevos vendidos en el mismo periodo en el mercado mexicano, seg\u00fan cifras de la Asociaci\u00f3n Mexicana de Distribuidores de Automotores. (El Universal)<\/p>\n","protected":false},"excerpt":{"rendered":"","protected":false},"author":6,"featured_media":21753,"comment_status":"open","ping_status":"open","sticky":false,"template":"","format":"standard","meta":{"_acf_changed":false,"_monsterinsights_skip_tracking":false,"slim_seo":{"title":"Extiende 4T decreto para la importaci\u00f3n de autos usados - Opini\u00f3n P\u00fablica","description":"Ciudad de M\u00e9xico .- La Secretar\u00eda de Econom\u00eda public\u00f3 el Decreto que regula la importaci\u00f3n definitiva de veh\u00edculos usados provenientes de Estados Unidos y Canad"},"footnotes":""},"categories":[9],"tags":[],"class_list":["post-21754","post","type-post","status-publish","format-standard","has-post-thumbnail","hentry","category-nacional"],"acf":[],"_links":{"self":[{"href":"https:\/\/www.opinionpublica.tv\/portada\/wp-json\/wp\/v2\/posts\/21754","targetHints":{"allow":["GET"]}}],"collection":[{"href":"https:\/\/www.opinionpublica.tv\/portada\/wp-json\/wp\/v2\/posts"}],"about":[{"href":"https:\/\/www.opinionpublica.tv\/portada\/wp-json\/wp\/v2\/types\/post"}],"author":[{"embeddable":true,"href":"https:\/\/www.opinionpublica.tv\/portada\/wp-json\/wp\/v2\/users\/6"}],"replies":[{"embeddable":true,"href":"https:\/\/www.opinionpublica.tv\/portada\/wp-json\/wp\/v2\/comments?post=21754"}],"version-history":[{"count":0,"href":"https:\/\/www.opinionpublica.tv\/portada\/wp-json\/wp\/v2\/posts\/21754\/revisions"}],"wp:featuredmedia":[{"embeddable":true,"href":"https:\/\/www.opinionpublica.tv\/portada\/wp-json\/wp\/v2\/media\/21753"}],"wp:attachment":[{"href":"https:\/\/www.opinionpublica.tv\/portada\/wp-json\/wp\/v2\/media?parent=21754"}],"wp:term":[{"taxonomy":"category","embeddable":true,"href":"https:\/\/www.opinionpublica.tv\/portada\/wp-json\/wp\/v2\/categories?post=21754"},{"taxonomy":"post_tag","embeddable":true,"href":"https:\/\/www.opinionpublica.tv\/portada\/wp-json\/wp\/v2\/tags?post=21754"}],"curies":[{"name":"wp","href":"https:\/\/api.w.org\/{rel}","templated":true}]}}