{"id":21686,"date":"2019-12-30T07:00:00","date_gmt":"2019-12-30T06:00:00","guid":{"rendered":"https:\/\/www.opinionpublica.tv\/portada\/2019\/12\/30\/presidenta-interina-de-bolivia-expulsa-a-la-embajadora-de-mexico-en-ese-pais\/"},"modified":"2019-12-30T07:00:00","modified_gmt":"2019-12-30T06:00:00","slug":"presidenta-interina-de-bolivia-expulsa-a-la-embajadora-de-mexico-en-ese-pais","status":"publish","type":"post","link":"https:\/\/www.opinionpublica.tv\/portada\/presidenta-interina-de-bolivia-expulsa-a-la-embajadora-de-mexico-en-ese-pais\/","title":{"rendered":"Presidenta interina de Bolivia expulsa a la embajadora de M\u00e9xico en ese pa\u00eds"},"content":{"rendered":"<p><img fetchpriority=\"high\" decoding=\"async\" class=\" size-full wp-image-21685\" src=\"https:\/\/www.opinionpublica.tv\/portada\/wp-content\/uploads\/2019\/12\/55aad32facaa0cd8c4af3e21e8dd7fde.jpg\" alt=\"\" class=\"caption\" title=\"La  embajadora de M\u00e9xico, Mar\u00eda Teresa Mercado y la presidenta interina boliviana, Jeanine \u00c1\u00f1ez.\" width=\"299\" height=\"168\" \/><br \/>\n<!--more--><\/p>\n<p style=\"text-align: justify;\"><em>La Paz, Bolivia<\/em>.- La presidenta interina boliviana, Jeanine A\u00f1ez, declar\u00f3 este lunes<em>\u00a0persona non grata\u00a0<\/em>a la\u00a0embajadora de M\u00e9xico, Mar\u00eda Teresa Mercado, inform\u00f3 en una declaraci\u00f3n.<\/p>\n<p style=\"text-align: justify;\">La decisi\u00f3n fue tomada por \u00abda\u00f1o a la soberan\u00eda del Estado boliviano\u00bb, e incluye a la encargada de negocios de Espa\u00f1a, Cristina Borreguero; al c\u00f3nsul de Espa\u00f1a en Bolivia, \u00c1lvaro Hern\u00e1ndez, y al grupo de elementos de guardias de seguridad de la sede diplom\u00e1tica del pa\u00eds europeo, precis\u00f3.<\/p>\n<p style=\"text-align: justify;\">De acuerdo con la mandataria interina, el grupo de diplom\u00e1ticos tiene 72 horas para dejar el pa\u00eds andino.<\/p>\n<p style=\"text-align: justify;\">\u00abHemos aplicado la\u00a0Convenci\u00f3n de Viena,\u00a0ante los hechos sucedidos en d\u00edas pasados en la Embajada de M\u00e9xico\u00bb, agreg\u00f3 A\u00f1ez.<\/p>\n<p style=\"text-align: justify;\">En tanto, en un comunicado,\u00a0la Secretar\u00eda de Relaciones Exteriores (SRE)\u00a0inform\u00f3 que instruy\u00f3 a la embajadora a regresar a M\u00e9xico con el fin de resguardar su seguridad e integridad.<\/p>\n<p style=\"text-align: justify;\">Al fundamentar su decisi\u00f3n, A\u00f1ez se refiri\u00f3 al presunto intento de ingreso, que calific\u00f3 de \u00absubrepticio\u00bb, a la residencia de M\u00e9xico en La Paz, capital boliviana, el pasado viernes.<\/p>\n<p style=\"text-align: justify;\">Ambas representaciones diplom\u00e1ticas lesionaron la dignidad y soberan\u00eda del pueblo boliviano, asegur\u00f3.<\/p>\n<p style=\"text-align: justify;\">\u00abLa conducta hostil, intentando ingresar de forma subrepticia y clandestina a la residencia de M\u00e9xico en Bolivia, son hechos que no podemos dejar pasar y han generado consecuencias\u00bb, manifest\u00f3 A\u00f1ez, encargada del Ejecutivo tras la renuncia de Evo Morales el pasado 10 de noviembre.<\/p>\n<p style=\"text-align: justify;\">Adem\u00e1s, la canciller boliviana, Karen Longaric, aclar\u00f3 que no se trata de una ruptura de relaciones diplom\u00e1ticas con Espa\u00f1a o M\u00e9xico, sino una sugerencia para que ambos gobiernos acrediten a nuevos diplom\u00e1ticos en reemplazo de \u00abquienes irrespetaron la soberan\u00eda de Bolivia\u00bb.<\/p>\n<p style=\"text-align: justify;\">La SRE agreg\u00f3 que la Embajada de M\u00e9xico en Bolivia quedar\u00e1 a cargo de Ana Luisa Vallejo, actual jefa de Canciller\u00eda de la Misi\u00f3n.<\/p>\n<p style=\"text-align: justify;\">\u00abEl Gobierno de M\u00e9xico confirma que el actuar de nuestra embajadora, qui\u00e9n ingres\u00f3 al Servicio Exterior Mexicano en 1982 y ha obtenido condecoraciones de naciones como Dinamarca y Pa\u00edses Bajos, siempre cumpli\u00f3 con los principios de pol\u00edtica exterior consagrados en la Constituci\u00f3n Pol\u00edtica de los Estados Unidos Mexicanos y en el Derecho Internacional, por lo que considera que esta decisi\u00f3n es de car\u00e1cter pol\u00edtico\u00bb, escribi\u00f3 la dependencia encabezada por Marcelo Ebrard.<\/p>\n<p style=\"text-align: justify;\">Por otra parte, el director General de Organismos y Mecanismos Regionales Americanos de la Secretar\u00eda de Relaciones Exteriores en M\u00e9xico, Efra\u00edn Guadarrama, apunt\u00f3 que cuando se es incomoda a un gobierno que lleg\u00f3 al poder mediante un golpe de Estado, significa que hiciste un gran papel.<\/p>\n<p style=\"text-align: justify;\">\u00abQuerida Tere: estamos muy orgullosos de ti (&#8230;) Pasaste a la historia. Felicidades. Te recibiremos como te mereces\u00bb, escribi\u00f3 en su cuenta de Twitter.<\/p>\n<p style=\"text-align: justify;\">El pasado viernes cuatro miembros del Grupo Especial de Operaciones (GEO) de la polic\u00eda espa\u00f1ola, acompa\u00f1\u00f3 a Borreguero y Hern\u00e1ndez a una visita de cortes\u00eda a la embajadora mexicana Mercado a su residencia diplom\u00e1tica.<\/p>\n<p style=\"text-align: justify;\">Esta se encuentra desde el 10 de noviembre bajo fuertes medidas de seguridad, que incluye el vuelo de drones, a fin de evitar que nueve exfuncionarios del gobierno de Morales abandonen la residencia diplom\u00e1tica mexicana.<\/p>\n<p style=\"text-align: justify;\">Mientras el grupo espera salvoconductos para abandonar el pa\u00eds, las autoridades de Bolivia que reemplazaron a Morales, han levantado diversas acusaciones contra ellos, y exigen su entrega, a lo que M\u00e9xico se niega amparado en los protocoles internacionales en materia de asilo.<\/p>\n<p style=\"text-align: justify;\">Seg\u00fan la versi\u00f3n boliviana los polic\u00edas espa\u00f1oles, en traje de faena, intentaron ingresar a la residencia mexicana encapuchados, lo que fue impedido por los agentes que desde hace mes y medio presuntamente dan seguridad a la residencia mexicana.<\/p>\n<p style=\"text-align: justify;\">C<em>on informaci\u00f3n de Notimex<\/em><\/p>\n","protected":false},"excerpt":{"rendered":"","protected":false},"author":6,"featured_media":21685,"comment_status":"open","ping_status":"open","sticky":false,"template":"","format":"standard","meta":{"_acf_changed":false,"_monsterinsights_skip_tracking":false,"slim_seo":{"title":"Presidenta interina de Bolivia expulsa a la embajadora de M\u00e9xico en ese pa\u00eds - Opini\u00f3n P\u00fablica","description":"La Paz, Bolivia .- La presidenta interina boliviana, Jeanine A\u00f1ez, declar\u00f3 este lunes \u00a0persona non grata\u00a0 a la\u00a0embajadora de M\u00e9xico, Mar\u00eda Teresa Mercado, infor"},"footnotes":""},"categories":[3],"tags":[],"class_list":["post-21686","post","type-post","status-publish","format-standard","has-post-thumbnail","hentry","category-principal"],"acf":[],"_links":{"self":[{"href":"https:\/\/www.opinionpublica.tv\/portada\/wp-json\/wp\/v2\/posts\/21686","targetHints":{"allow":["GET"]}}],"collection":[{"href":"https:\/\/www.opinionpublica.tv\/portada\/wp-json\/wp\/v2\/posts"}],"about":[{"href":"https:\/\/www.opinionpublica.tv\/portada\/wp-json\/wp\/v2\/types\/post"}],"author":[{"embeddable":true,"href":"https:\/\/www.opinionpublica.tv\/portada\/wp-json\/wp\/v2\/users\/6"}],"replies":[{"embeddable":true,"href":"https:\/\/www.opinionpublica.tv\/portada\/wp-json\/wp\/v2\/comments?post=21686"}],"version-history":[{"count":0,"href":"https:\/\/www.opinionpublica.tv\/portada\/wp-json\/wp\/v2\/posts\/21686\/revisions"}],"wp:featuredmedia":[{"embeddable":true,"href":"https:\/\/www.opinionpublica.tv\/portada\/wp-json\/wp\/v2\/media\/21685"}],"wp:attachment":[{"href":"https:\/\/www.opinionpublica.tv\/portada\/wp-json\/wp\/v2\/media?parent=21686"}],"wp:term":[{"taxonomy":"category","embeddable":true,"href":"https:\/\/www.opinionpublica.tv\/portada\/wp-json\/wp\/v2\/categories?post=21686"},{"taxonomy":"post_tag","embeddable":true,"href":"https:\/\/www.opinionpublica.tv\/portada\/wp-json\/wp\/v2\/tags?post=21686"}],"curies":[{"name":"wp","href":"https:\/\/api.w.org\/{rel}","templated":true}]}}