{"id":21656,"date":"2019-12-19T07:00:00","date_gmt":"2019-12-19T06:00:00","guid":{"rendered":"https:\/\/www.opinionpublica.tv\/portada\/2019\/12\/19\/los-maderos-de-san-juan\/"},"modified":"2019-12-19T07:00:00","modified_gmt":"2019-12-19T06:00:00","slug":"los-maderos-de-san-juan","status":"publish","type":"post","link":"https:\/\/www.opinionpublica.tv\/portada\/los-maderos-de-san-juan\/","title":{"rendered":"Los Maderos de San Juan"},"content":{"rendered":"<img fetchpriority=\"high\" decoding=\"async\" class=\" size-full wp-image-21655\" src=\"https:\/\/www.opinionpublica.tv\/portada\/wp-content\/uploads\/2019\/12\/6ee5dcfa494d158de65f30c48b025dd1.jpg\" alt=\"\" class=\"caption\" title=\"Ra\u00fal Ruiz G\u00f3mez.\" width=\"245\" height=\"262\" \/>\n<p style=\"text-align: justify;\">Ya son quince para las doce. Los aspirantes al trono del Sal\u00f3n Rojo en Chihuahua est\u00e1n al acecho.<\/p>\n<p><!--more--><\/p>\n<p style=\"text-align: justify;\">Unos con m\u00e1s ventaja que otros. Veamos.<\/p>\n<p style=\"text-align: justify;\">Seg\u00fan los c\u00e1nones de la contienda electoral, para que un aspirante pueda considerarse decoroso acreedor de una candidatura, debe ser conocido y reconocido por la gente en todos los confines de la entidad.<\/p>\n<p style=\"text-align: justify;\">Y para mi gusto, s\u00f3lo dos han cumplido este cap\u00edtulo de arranque. Los morenos.<\/p>\n<p style=\"text-align: justify;\">Cruz P\u00e9rez Cu\u00e9llar y Juan Carlos Loera.<\/p>\n<p style=\"text-align: justify;\">Colocado en tercero, con notoriedad medi\u00e1tica y gran afluencia en redes sociales, sin duda, Alfredo, El Caballo, Lozoya. (Por lo pronto con el su\u00e9ter de independiente)<\/p>\n<p style=\"text-align: justify;\">Enseguida, la panista, Maru Campos, en ca\u00edda libre, con un motor incendiado. Se le chamusc\u00f3 en el refer\u00e9ndum. M\u00e1s adelante explicar\u00e9 como le aventar\u00e1n al fog\u00f3n un par de maderos para calcinar por completo su azulosas aspiraci\u00f3n.<\/p>\n<p style=\"text-align: justify;\">Y en el \u00faltimo escal\u00f3n, el alcalde de Ciudad Ju\u00e1rez, Armando Cabada Alv\u00eddrez, cargando un costal lleno de negocios turbios, latrocinios, desviaciones de fondos y otros negativos en su contra.<\/p>\n<p style=\"text-align: justify;\">Dif\u00edcil conectar con la gente en esas circunstancias, sin embargo, trae las alforjas cargadas de dinero, y la perversa intenci\u00f3n de pagar cada voto al precio que sea.<\/p>\n<p style=\"text-align: justify;\">Se dec\u00eda independiente pero ahora todo parece indicar que controlar\u00e1 el partido de Elba Esther Gordillo en Ciudad Ju\u00e1rez (Redes Sociales Progresistas). Incluso hasta form\u00f3 una Fake asociaci\u00f3n civil con Marco Ad\u00e1n Quezada, ex alcalde de Chihuahua, denominada Colectivo Ciudadano, pero dicen los m\u00e1s cercanos que es s\u00f3lo para despistar al enemigo.<\/p>\n<p style=\"text-align: justify;\">De \u00faltimo momento, se incorpora al contingente de los aspirantes, el empresario Alejandro D\u00edaz, quien todav\u00eda no alcanza a destaparse. Repito, ya son quince para las doce, y una candidatura no se teje sobre las rodillas y con el tiempo encima.<\/p>\n<p style=\"text-align: justify;\">El primer activo de una aspiraci\u00f3n es el recorrido f\u00edsico por la entidad. Hacerlo con cualquier pretexto, porque&#8230; \u00absanto que no es visto, no es venerado\u00bb, dec\u00eda mi abuelita en sus sacrosantas homil\u00edas familiares.<\/p>\n<p style=\"text-align: justify;\">Los priyistas, saldr\u00e1n por debajo de las piedras con un candidato o candidata ya placeados con d\u00e9cadas de anticipaci\u00f3n y con ofertas novedosas que por supuesto jam\u00e1s ser\u00edan cumplidas. (Si conocemos el ADN tricolor)<\/p>\n<p style=\"text-align: justify;\">Dej\u00e9 al final el tema de los Maderos de San Juan, porque todo indica que es la jugada del gobernador Javier Corral para arruinar por completo la posibilidad de Maru Campos.<\/p>\n<p style=\"text-align: justify;\">Imponer a Gustavo Madero como candidato a la gubernatura por el PAN, y a Sergio Madero a la alcald\u00eda de Ju\u00e1rez.<\/p>\n<p style=\"text-align: justify;\">Las posibilidades azules por el momento, son precarias. Y con MADEROS como candidatos, pior. Al menos eso se percibe dentro de las catacumbas del PAN.<\/p>\n<p style=\"text-align: justify;\">El segundo paso, seg\u00fan las escrituras, son LOS AMARRES, pero \u00e9sa, como dir\u00eda la nana Goya&#8230; Esa es otra historia.<\/p>\n","protected":false},"excerpt":{"rendered":"<p>Ya son quince para las doce. Los aspirantes al trono del Sal\u00f3n Rojo en Chihuahua est\u00e1n al acecho.<\/p>\n","protected":false},"author":6,"featured_media":21655,"comment_status":"open","ping_status":"open","sticky":false,"template":"","format":"standard","meta":{"_acf_changed":false,"_monsterinsights_skip_tracking":false,"slim_seo":{"title":"Los Maderos de San Juan - Opini\u00f3n P\u00fablica","description":"Ya son quince para las doce. Los aspirantes al trono del Sal\u00f3n Rojo en Chihuahua est\u00e1n al acecho. Unos con m\u00e1s ventaja que otros. Veamos. Seg\u00fan los c\u00e1nones de l"},"footnotes":""},"categories":[21],"tags":[],"class_list":["post-21656","post","type-post","status-publish","format-standard","has-post-thumbnail","hentry","category-cartapacio"],"acf":[],"_links":{"self":[{"href":"https:\/\/www.opinionpublica.tv\/portada\/wp-json\/wp\/v2\/posts\/21656","targetHints":{"allow":["GET"]}}],"collection":[{"href":"https:\/\/www.opinionpublica.tv\/portada\/wp-json\/wp\/v2\/posts"}],"about":[{"href":"https:\/\/www.opinionpublica.tv\/portada\/wp-json\/wp\/v2\/types\/post"}],"author":[{"embeddable":true,"href":"https:\/\/www.opinionpublica.tv\/portada\/wp-json\/wp\/v2\/users\/6"}],"replies":[{"embeddable":true,"href":"https:\/\/www.opinionpublica.tv\/portada\/wp-json\/wp\/v2\/comments?post=21656"}],"version-history":[{"count":0,"href":"https:\/\/www.opinionpublica.tv\/portada\/wp-json\/wp\/v2\/posts\/21656\/revisions"}],"wp:featuredmedia":[{"embeddable":true,"href":"https:\/\/www.opinionpublica.tv\/portada\/wp-json\/wp\/v2\/media\/21655"}],"wp:attachment":[{"href":"https:\/\/www.opinionpublica.tv\/portada\/wp-json\/wp\/v2\/media?parent=21656"}],"wp:term":[{"taxonomy":"category","embeddable":true,"href":"https:\/\/www.opinionpublica.tv\/portada\/wp-json\/wp\/v2\/categories?post=21656"},{"taxonomy":"post_tag","embeddable":true,"href":"https:\/\/www.opinionpublica.tv\/portada\/wp-json\/wp\/v2\/tags?post=21656"}],"curies":[{"name":"wp","href":"https:\/\/api.w.org\/{rel}","templated":true}]}}