{"id":21644,"date":"2019-12-17T07:00:00","date_gmt":"2019-12-17T06:00:00","guid":{"rendered":"https:\/\/www.opinionpublica.tv\/portada\/2019\/12\/17\/jueves-19-ultimo-dia-de-clases-en-kinder-primaria-y-secundaria\/"},"modified":"2019-12-17T07:00:00","modified_gmt":"2019-12-17T06:00:00","slug":"jueves-19-ultimo-dia-de-clases-en-kinder-primaria-y-secundaria","status":"publish","type":"post","link":"https:\/\/www.opinionpublica.tv\/portada\/jueves-19-ultimo-dia-de-clases-en-kinder-primaria-y-secundaria\/","title":{"rendered":"Jueves 19 \u00faltimo d\u00eda de clases en k\u00ednder, primaria y secundaria"},"content":{"rendered":"<p><img fetchpriority=\"high\" decoding=\"async\" class=\" size-full wp-image-21643\" src=\"https:\/\/www.opinionpublica.tv\/portada\/wp-content\/uploads\/2019\/12\/52a4830b4037e3ed1c5937f4764c7442.jpg\" alt=\"\" class=\"caption\" title=\"Los alumnos de nivel b\u00e1sico regresar\u00e1 a clases el 8 de enero de 2020.\" width=\"720\" height=\"480\" srcset=\"https:\/\/www.opinionpublica.tv\/portada\/wp-content\/uploads\/2019\/12\/52a4830b4037e3ed1c5937f4764c7442.jpg 720w, https:\/\/www.opinionpublica.tv\/portada\/wp-content\/uploads\/2019\/12\/52a4830b4037e3ed1c5937f4764c7442-300x200.jpg 300w\" sizes=\"(max-width: 720px) 100vw, 720px\" \/><br \/>\n<!--more--><\/p>\n<p style=\"text-align: justify;\"><em>Ciudad Ju\u00e1rez Chih<\/em>.-\u00a0La Secretar\u00eda de Educaci\u00f3n P\u00fablica inform\u00f3 que los alumnos del nivel b\u00e1sico tendr\u00e1n vacaciones de invierno, por lo que el jueves 19 de diciembre ser\u00e1 el \u00faltimo d\u00eda de clases para el nivel b\u00e1sico.<\/p>\n<p style=\"text-align: justify;\">De acuerdo con el calendario escolar 2019-2020, las escuelas de nivel b\u00e1sico, preescolar, primarias y secundarias disfrutar\u00e1n de un periodo vacacional de invierno, para dar inicio al pr\u00f3ximo ciclo escolar el d\u00eda 8 de enero.<\/p>\n<p style=\"text-align: justify;\">De acuerdo al nivel educativo, el registro estudiantil est\u00e1 distribuido en 125 mil 524 en preescolar; 419 mil 485 en primaria; y 189 mil 836 en secundaria.<\/p>\n<p style=\"text-align: justify;\">Se dio a conocer que la dependencia mantendr\u00e1 una estrecha coordinaci\u00f3n con las autoridades policiacas, a fin de evitar que se presenten problemas en las escuelas p\u00fablicas, como robo y vandalismo.<\/p>\n","protected":false},"excerpt":{"rendered":"","protected":false},"author":6,"featured_media":21643,"comment_status":"open","ping_status":"open","sticky":false,"template":"","format":"standard","meta":{"_acf_changed":false,"_monsterinsights_skip_tracking":false,"slim_seo":{"title":"Jueves 19 \u00faltimo d\u00eda de clases en k\u00ednder, primaria y secundaria - Opini\u00f3n P\u00fablica","description":"Ciudad Ju\u00e1rez Chih .-\u00a0La Secretar\u00eda de Educaci\u00f3n P\u00fablica inform\u00f3 que los alumnos del nivel b\u00e1sico tendr\u00e1n vacaciones de invierno, por lo que el jueves 19 de dic"},"footnotes":""},"categories":[5],"tags":[],"class_list":["post-21644","post","type-post","status-publish","format-standard","has-post-thumbnail","hentry","category-frontera"],"acf":[],"_links":{"self":[{"href":"https:\/\/www.opinionpublica.tv\/portada\/wp-json\/wp\/v2\/posts\/21644","targetHints":{"allow":["GET"]}}],"collection":[{"href":"https:\/\/www.opinionpublica.tv\/portada\/wp-json\/wp\/v2\/posts"}],"about":[{"href":"https:\/\/www.opinionpublica.tv\/portada\/wp-json\/wp\/v2\/types\/post"}],"author":[{"embeddable":true,"href":"https:\/\/www.opinionpublica.tv\/portada\/wp-json\/wp\/v2\/users\/6"}],"replies":[{"embeddable":true,"href":"https:\/\/www.opinionpublica.tv\/portada\/wp-json\/wp\/v2\/comments?post=21644"}],"version-history":[{"count":0,"href":"https:\/\/www.opinionpublica.tv\/portada\/wp-json\/wp\/v2\/posts\/21644\/revisions"}],"wp:featuredmedia":[{"embeddable":true,"href":"https:\/\/www.opinionpublica.tv\/portada\/wp-json\/wp\/v2\/media\/21643"}],"wp:attachment":[{"href":"https:\/\/www.opinionpublica.tv\/portada\/wp-json\/wp\/v2\/media?parent=21644"}],"wp:term":[{"taxonomy":"category","embeddable":true,"href":"https:\/\/www.opinionpublica.tv\/portada\/wp-json\/wp\/v2\/categories?post=21644"},{"taxonomy":"post_tag","embeddable":true,"href":"https:\/\/www.opinionpublica.tv\/portada\/wp-json\/wp\/v2\/tags?post=21644"}],"curies":[{"name":"wp","href":"https:\/\/api.w.org\/{rel}","templated":true}]}}