{"id":21617,"date":"2019-12-12T07:00:00","date_gmt":"2019-12-12T06:00:00","guid":{"rendered":"https:\/\/www.opinionpublica.tv\/portada\/2019\/12\/12\/senado-aprueba-cambios-al-t-mec-amlo-celebra\/"},"modified":"2019-12-12T07:00:00","modified_gmt":"2019-12-12T06:00:00","slug":"senado-aprueba-cambios-al-t-mec-amlo-celebra","status":"publish","type":"post","link":"https:\/\/www.opinionpublica.tv\/portada\/senado-aprueba-cambios-al-t-mec-amlo-celebra\/","title":{"rendered":"Senado aprueba cambios al T-MEC; lo celebra L\u00f3pez Obrador"},"content":{"rendered":"<p><img fetchpriority=\"high\" decoding=\"async\" class=\" size-full wp-image-21616\" src=\"https:\/\/www.opinionpublica.tv\/portada\/wp-content\/uploads\/2019\/12\/a33c2c701d80411aeed326d28b857aa1.jpg\" alt=\"\" class=\"caption\" title=\"El Senado de la Rep\u00fablica aprob\u00f3 fast track las modificaciones del T-MEC.\" width=\"760\" height=\"430\" srcset=\"https:\/\/www.opinionpublica.tv\/portada\/wp-content\/uploads\/2019\/12\/a33c2c701d80411aeed326d28b857aa1.jpg 760w, https:\/\/www.opinionpublica.tv\/portada\/wp-content\/uploads\/2019\/12\/a33c2c701d80411aeed326d28b857aa1-300x170.jpg 300w\" sizes=\"(max-width: 760px) 100vw, 760px\" \/><br \/>\n<!--more--><\/p>\n<p style=\"text-align: justify;\"><em>Ciudad de M\u00e9xico<\/em>.- Con 107 votos a favor y uno en contra (del senador independiente Emilio \u00c1lvarez), el pleno del Senado de la Rep\u00fablica aprob\u00f3 el protocolo modificatorio del Tratado entre M\u00e9xico, Estados Unidos y Canad\u00e1 (T-MEC), as\u00ed como dos acuerdos paralelos.<\/p>\n<p style=\"text-align: justify;\">Durante el debate, la oposici\u00f3n destac\u00f3 los riesgos de avalar el protocolo de manera apresurada y se\u00f1alaron los puntos rojos del acuerdo que podr\u00edan perjudicar los intereses de M\u00e9xico.<\/p>\n<p style=\"text-align: justify;\">Por la bancada de Acci\u00f3n Nacional (PAN), la senadora Alejandra Reynoso, apunt\u00f3 que la discusi\u00f3n se est\u00e1 realizando horas despu\u00e9s de que se diera a conocer la versi\u00f3n en espa\u00f1ol del protocolo modificatorio, as\u00ed como dos apartados paralelos que las y los desconoc\u00edan.<\/p>\n<p style=\"text-align: justify;\">Los dos apartados se refieren al fortalecimiento de la cooperaci\u00f3n de cumplimiento de las leyes ambientales y las verificaciones aduaneras relativas al comercio de flora y fauna silvestre obtenida ilegalmente.<\/p>\n<p style=\"text-align: justify;\">\u201cEstamos firmando un cheque en blanco porque no conocemos los contenidos, ni los alcances de los acuerdos. Estamos aprobando un documento al vapor sin escuchar a los sectores potencialmente afectados por el cambio de reglas\u201d, declar\u00f3.<\/p>\n<p style=\"text-align: justify;\">En ese sentido, la bancada blanquiazul solicit\u00f3 al Ejecutivo federal establecer un programa de incentivos que eleven la producci\u00f3n acerera, impulsar leyes para cumplir el T-MEC y garantizar el cumplimiento de la reforma laboral.<\/p>\n<p style=\"text-align: justify;\">Asimismo, el Partido Revolucionario Institucional (PRI) indic\u00f3 que los panelistas laborales que plantea el tratado, tendr\u00e1n la facultad de revisi\u00f3n en territorio mexicano.<\/p>\n<p style=\"text-align: justify;\">La senadora Vanessa Rubio explic\u00f3 que en la pr\u00e1ctica, cada pa\u00eds instalar\u00e1 a su panelista, y \u201caunque no se llame una autoridad, tendr\u00e1 facultades de revisi\u00f3n en M\u00e9xico\u201d, advirti\u00f3.<\/p>\n<p style=\"text-align: justify;\">Alert\u00f3 que ante presuntas denuncias de violaciones a la libre asociaci\u00f3n en un centro de trabajo, haya implicaciones vinculadas al comercial internacional o no, se vigilar\u00e1 desde otro pa\u00eds el cumplimiento de las leyes laborales mexicanas.<\/p>\n<p style=\"text-align: justify;\">En ese sentido, la fracci\u00f3n tricolor propuso la creaci\u00f3n de una comisi\u00f3n especial en el Senado que d\u00e9 seguimiento a la instrumentaci\u00f3n del T-MEC, para proteger los intereses de M\u00e9xico. En su intervenci\u00f3n, el senador Ricardo Monreal asegur\u00f3 que la intenci\u00f3n del presidente Andr\u00e9s Manuel L\u00f3pez Obrador es la cooperaci\u00f3n internacional para el fortalecimiento de Am\u00e9rica del Norte.<\/p>\n<p style=\"text-align: justify;\">\u201cNo aceptamos la grosera intervenci\u00f3n de ning\u00fan pa\u00eds como inspectores de empresas en M\u00e9xico, lo rechazamos tajantemente y en su lugar se logr\u00f3 que se establecer\u00edan panales de soluci\u00f3n de controversias en igualdad de circunstancias\u201d.<\/p>\n<p style=\"text-align: justify;\">Por Movimiento Ciudadano, el senador Samuel Sep\u00falveda acus\u00f3 que no se escuch\u00f3 a la instituci\u00f3n privada, y en ese sentido record\u00f3 que el subsecretario para Am\u00e9rica del Norte, de la Secretar\u00eda de Relaciones Exteriores (SRE), Jes\u00fas Seade, calific\u00f3 como un \u201cdi\u00e1logo selectivo\u201d el que se sostuvo con empresarios respecto al T-MEC.<\/p>\n<p style=\"text-align: justify;\">Cabe destacar que en la reuni\u00f3n entre las Comisiones Unidas de Relaciones Exteriores, Puntos Constitucionales y de Trabajo y Previsi\u00f3n Social y Jes\u00fas Seade, el subsecretario descart\u00f3 la presencia de agregados laborales para vigilar el cumplimiento de la reforma laboral en M\u00e9xico. \u201cLos agregados laborales son algo de lo que apenas nos enteramos; no s\u00e9 si fue culpa nuestra no leerlo. Es algo que nunca ha sido consultado con nosotros\u201d.<\/p>\n<p style=\"text-align: justify;\">Indic\u00f3 que si la funci\u00f3n del agregado laboral ser\u00e1 inspeccionar la evoluci\u00f3n de la reforma laboral y vigilar los derechos laborales en M\u00e9xico, es algo que no se aceptar\u00e1.<\/p>\n<p style=\"text-align: justify;\">Reiter\u00f3 que las autoridades mexicanas no se encuentran de acuerdo con este nombramiento por lo que adelant\u00f3 que mantendr\u00e1 contacto con la Embajada de Estados Unidos en M\u00e9xico para discutirlo \u201cpero no es algo que tenga ni la m\u00e1s remota base en el acuerdo\u201d.<\/p>\n<p style=\"text-align: justify;\"><strong>AMLO celebra ratificaci\u00f3n<\/strong><\/p>\n<p style=\"text-align: justify;\">Por su parte, el presidente Andr\u00e9s Manuel L\u00f3pez Obrador celebr\u00f3 que el Senado de la Rep\u00fablica haya ratificado hoy el protocolo modificatorio del T-MEC. Mediante sus redes sociales, el presidente L\u00f3pez Obrador subi\u00f3 un video que grab\u00f3 a bordo de un avi\u00f3n que lo trajo de Hermosillo, Sonora, a la Ciudad de M\u00e9xico.<\/p>\n<p style=\"text-align: justify;\">\u201cEs una muy buena noticia. Ya nosotros cumplimos. Ya lo firm\u00f3 el Ejecutivo, lo ratifica el Senado de M\u00e9xico, ahora corresponde hacer lo mismo al Congreso estadounidense y de Canad\u00e1\u201d.<\/p>\n<p style=\"text-align: justify;\"><em>Con informaci\u00f3n de El Economista<\/em><\/p>\n","protected":false},"excerpt":{"rendered":"","protected":false},"author":6,"featured_media":21616,"comment_status":"open","ping_status":"open","sticky":false,"template":"","format":"standard","meta":{"_acf_changed":false,"_monsterinsights_skip_tracking":false,"slim_seo":{"title":"Senado aprueba cambios al T-MEC; lo celebra L\u00f3pez Obrador - Opini\u00f3n P\u00fablica","description":"Ciudad de M\u00e9xico .- Con 107 votos a favor y uno en contra (del senador independiente Emilio \u00c1lvarez), el pleno del Senado de la Rep\u00fablica aprob\u00f3 el protocolo mo"},"footnotes":""},"categories":[9],"tags":[],"class_list":["post-21617","post","type-post","status-publish","format-standard","has-post-thumbnail","hentry","category-nacional"],"acf":[],"_links":{"self":[{"href":"https:\/\/www.opinionpublica.tv\/portada\/wp-json\/wp\/v2\/posts\/21617","targetHints":{"allow":["GET"]}}],"collection":[{"href":"https:\/\/www.opinionpublica.tv\/portada\/wp-json\/wp\/v2\/posts"}],"about":[{"href":"https:\/\/www.opinionpublica.tv\/portada\/wp-json\/wp\/v2\/types\/post"}],"author":[{"embeddable":true,"href":"https:\/\/www.opinionpublica.tv\/portada\/wp-json\/wp\/v2\/users\/6"}],"replies":[{"embeddable":true,"href":"https:\/\/www.opinionpublica.tv\/portada\/wp-json\/wp\/v2\/comments?post=21617"}],"version-history":[{"count":0,"href":"https:\/\/www.opinionpublica.tv\/portada\/wp-json\/wp\/v2\/posts\/21617\/revisions"}],"wp:featuredmedia":[{"embeddable":true,"href":"https:\/\/www.opinionpublica.tv\/portada\/wp-json\/wp\/v2\/media\/21616"}],"wp:attachment":[{"href":"https:\/\/www.opinionpublica.tv\/portada\/wp-json\/wp\/v2\/media?parent=21617"}],"wp:term":[{"taxonomy":"category","embeddable":true,"href":"https:\/\/www.opinionpublica.tv\/portada\/wp-json\/wp\/v2\/categories?post=21617"},{"taxonomy":"post_tag","embeddable":true,"href":"https:\/\/www.opinionpublica.tv\/portada\/wp-json\/wp\/v2\/tags?post=21617"}],"curies":[{"name":"wp","href":"https:\/\/api.w.org\/{rel}","templated":true}]}}