{"id":21604,"date":"2019-12-12T07:00:00","date_gmt":"2019-12-12T06:00:00","guid":{"rendered":"https:\/\/www.opinionpublica.tv\/portada\/2019\/12\/12\/el-nuevo-ataque-a-las-instituciones\/"},"modified":"2019-12-12T07:00:00","modified_gmt":"2019-12-12T06:00:00","slug":"el-nuevo-ataque-a-las-instituciones","status":"publish","type":"post","link":"https:\/\/www.opinionpublica.tv\/portada\/el-nuevo-ataque-a-las-instituciones\/","title":{"rendered":"El nuevo ataque a las instituciones"},"content":{"rendered":"<img fetchpriority=\"high\" decoding=\"async\" class=\" size-full wp-image-21603\" src=\"https:\/\/www.opinionpublica.tv\/portada\/wp-content\/uploads\/2019\/12\/221c40e6e8712ed1a33c48f8b296c6bc.jpg\" alt=\"\" class=\"caption\" title=\"Eduardo Borunda Escobedo.\" width=\"215\" height=\"241\" \/>\n<p style=\"text-align: justify;\">Lamentable lo que est\u00e1 pasando con la intenci\u00f3n de manosear al Instituto Nacional Electoral (INE) para ponerlo de a modo con caras al proceso electoral 2021. Es lamentable en el sentido que los principios rectores que se buscaron para democratizar al pa\u00eds empiezan a ser vulnerados para poner incondicionales (que siempre han existido) a las nuevas caracter\u00edsticas que quieren quienes hoy ostentan el poder pol\u00edtico en M\u00e9xico para imponer un Nuevo Estado Hegem\u00f3nico.<\/p>\n<p><!--more--><\/p>\n<p style=\"text-align: justify;\">Medios de comunicaci\u00f3n a nivel nacional han detallado que no existe una oposici\u00f3n fuerte, no han salido del marasmo de los resultados electorales del 2018, no han asimilado que son una nueva oposici\u00f3n con un nuevo partido en el poder que se mueve omnipoderoso. Empieza una nueva etapa ante esa falta de solides de una oposici\u00f3n que no representa en la pr\u00e1ctica un contrapeso real frente a los poderes instalados.<\/p>\n<p style=\"text-align: justify;\">Pues bien, como hemos vistos con otras instituciones, la mira ahora se centra en el Instituto Nacional Electoral (INE), es la nueva presa, que empieza a sentir los embates, el INE fue creado con la intenci\u00f3n de garantizar la imparcialidad en la organizaci\u00f3n de las elecciones, provocar el di\u00e1logo entre las fuerzas pol\u00edticas, promover la transmisi\u00f3n del poder por la v\u00eda pac\u00edfica entre los partidos pol\u00edticos y dar certidumbre de que el resultado de las elecciones ser\u00eda garantizado, el INE entra en nueva crisis por el embate a la conformaci\u00f3n del mismo Consejo General.<\/p>\n<p style=\"text-align: justify;\">El Consejo General del INE est\u00e1 conformado por representantes de todos los partidos pol\u00edticos con voz y sin voto y adem\u00e1s por consejeros con derecho a voz y voto. Sin embargo, el nuevo planteamiento buscar cambiar no la reconformaci\u00f3n sino la rotaci\u00f3n de consejeros y poner en una especie de premio y castigo de acuerdo a los resultados electorales lo que a todas luces implica un intento de sometimiento de la autoridad electoral, cuya independencia es vital para garantizar el trabajo de organizar el proceso electoral venidero.<\/p>\n<p style=\"text-align: justify;\">Cabe recordar que fue precisamente en el a\u00f1o 2014 que se reconform\u00f3 un nuevo \u00f3rgano electoral, cambiando b\u00e1sicamente las siglas del IFE por las del INE. Adem\u00e1s de estas figuras (consejeros) al mismo se integran representantes de las c\u00e1maras de diputados y de la c\u00e1mara de senadores. Es un \u00f3rgano plural por lo que llama la atenci\u00f3n y all\u00ed surgen las dudas \u00bfPorqu\u00e9 la insistencia en meterle mano a una instituci\u00f3n que ha garantizado la transmisi\u00f3n del poder por la v\u00eda pac\u00edfica en al menos tres alternancias?<\/p>\n<p style=\"text-align: justify;\">La vieja escuela formadora de cuadros pol\u00edticos dec\u00eda, hay que tener el control de los \u00f3rganos electorales. El desmantelamiento del INE parece que funcionar\u00e1, primero le quitar\u00e1n independencia con el presupuesto ya acotado y aprobado por el poder legislativo, despu\u00e9s el impulso de una presidencia rotativa de la presidencia del \u00f3rgano electoral, la intentona de nuevas credenciales, el manejo de los datos electorales y de los ciudadanos por parte del gobierno federal, claro que existe un plan para tomar el control.<\/p>\n<p style=\"text-align: justify;\">Estas propuestas que pudieran ser mal planteadas o con cierto dolo se\u00f1alan tambi\u00e9n que pudieran ser utilizadas desde las plataformas gubernamentales para incitar el voto con dados cargados, mover las conciencias y plantear una regresi\u00f3n antidemocr\u00e1tica. El uso de quienes votan o no y el manejo del proceso electoral desde el gobierno es el peligro m\u00e1s latente.<\/p>\n<p style=\"text-align: justify;\">Finalmente, si la lucha por la democracia se construy\u00f3 precisamente desde la oposici\u00f3n es inconcebible que hoy la \u201cvieja oposici\u00f3n\u201d que ocupa el poder busque restablecer mecanismos que impiden mantener la confianza ciudadana en los procesos electorales. Un voto de confianza al INE en sus d\u00edas m\u00e1s oscuros es lo \u00fanico que podemos hacer hoy los ciudadanos.<\/p>\n","protected":false},"excerpt":{"rendered":"<p>Lamentable lo que est\u00e1 pasando con la intenci\u00f3n de manosear al Instituto Nacional Electoral (INE) para ponerlo de a modo con caras al proceso electoral 2021. Es lamentable en el sentido que los principios rectores que se buscaron para democratizar al pa\u00eds empiezan a ser vulnerados para poner incondicionales (que siempre han existido) a las [&hellip;]<\/p>\n","protected":false},"author":6,"featured_media":21603,"comment_status":"open","ping_status":"open","sticky":false,"template":"","format":"standard","meta":{"_acf_changed":false,"_monsterinsights_skip_tracking":false,"slim_seo":{"title":"El nuevo ataque a las instituciones - Opini\u00f3n P\u00fablica","description":"Lamentable lo que est\u00e1 pasando con la intenci\u00f3n de manosear al Instituto Nacional Electoral (INE) para ponerlo de a modo con caras al proceso electoral 2021. Es"},"footnotes":""},"categories":[31],"tags":[],"class_list":["post-21604","post","type-post","status-publish","format-standard","has-post-thumbnail","hentry","category-galimatias"],"acf":[],"_links":{"self":[{"href":"https:\/\/www.opinionpublica.tv\/portada\/wp-json\/wp\/v2\/posts\/21604","targetHints":{"allow":["GET"]}}],"collection":[{"href":"https:\/\/www.opinionpublica.tv\/portada\/wp-json\/wp\/v2\/posts"}],"about":[{"href":"https:\/\/www.opinionpublica.tv\/portada\/wp-json\/wp\/v2\/types\/post"}],"author":[{"embeddable":true,"href":"https:\/\/www.opinionpublica.tv\/portada\/wp-json\/wp\/v2\/users\/6"}],"replies":[{"embeddable":true,"href":"https:\/\/www.opinionpublica.tv\/portada\/wp-json\/wp\/v2\/comments?post=21604"}],"version-history":[{"count":0,"href":"https:\/\/www.opinionpublica.tv\/portada\/wp-json\/wp\/v2\/posts\/21604\/revisions"}],"wp:featuredmedia":[{"embeddable":true,"href":"https:\/\/www.opinionpublica.tv\/portada\/wp-json\/wp\/v2\/media\/21603"}],"wp:attachment":[{"href":"https:\/\/www.opinionpublica.tv\/portada\/wp-json\/wp\/v2\/media?parent=21604"}],"wp:term":[{"taxonomy":"category","embeddable":true,"href":"https:\/\/www.opinionpublica.tv\/portada\/wp-json\/wp\/v2\/categories?post=21604"},{"taxonomy":"post_tag","embeddable":true,"href":"https:\/\/www.opinionpublica.tv\/portada\/wp-json\/wp\/v2\/tags?post=21604"}],"curies":[{"name":"wp","href":"https:\/\/api.w.org\/{rel}","templated":true}]}}