{"id":21586,"date":"2019-12-10T07:00:00","date_gmt":"2019-12-10T06:00:00","guid":{"rendered":"https:\/\/www.opinionpublica.tv\/portada\/2019\/12\/10\/invitan-a-la-comunidad-a-realizar-adopciones-en-el-rammi\/"},"modified":"2019-12-10T07:00:00","modified_gmt":"2019-12-10T06:00:00","slug":"invitan-a-la-comunidad-a-realizar-adopciones-en-el-rammi","status":"publish","type":"post","link":"https:\/\/www.opinionpublica.tv\/portada\/invitan-a-la-comunidad-a-realizar-adopciones-en-el-rammi\/","title":{"rendered":"Invitan a la comunidad a realizar adopciones en el RAMMi"},"content":{"rendered":"<p><img fetchpriority=\"high\" decoding=\"async\" class=\" size-full wp-image-21585\" src=\"https:\/\/www.opinionpublica.tv\/portada\/wp-content\/uploads\/2019\/12\/b54e7e5286c6c735c06d2512e599be77.jpg\" alt=\"\" class=\"caption\" title=\"Centro de Rescate y Adopci\u00f3n de Mascotas del Municipio Independiente (RAMMi).\" width=\"1280\" height=\"853\" srcset=\"https:\/\/www.opinionpublica.tv\/portada\/wp-content\/uploads\/2019\/12\/b54e7e5286c6c735c06d2512e599be77.jpg 1280w, https:\/\/www.opinionpublica.tv\/portada\/wp-content\/uploads\/2019\/12\/b54e7e5286c6c735c06d2512e599be77-300x200.jpg 300w, https:\/\/www.opinionpublica.tv\/portada\/wp-content\/uploads\/2019\/12\/b54e7e5286c6c735c06d2512e599be77-1024x682.jpg 1024w, https:\/\/www.opinionpublica.tv\/portada\/wp-content\/uploads\/2019\/12\/b54e7e5286c6c735c06d2512e599be77-768x512.jpg 768w\" sizes=\"(max-width: 1280px) 100vw, 1280px\" \/><br \/>\n<!--more--><\/p>\n<p style=\"text-align: justify;\"><em>Ciudad Ju\u00e1rez, Chih<\/em>.- Durante el mes de noviembre el Centro de Rescate y Adopci\u00f3n de Mascotas del Municipio Independiente (RAMMi), dio en adopci\u00f3n a 33 mascotas, as\u00ed lo inform\u00f3 la titular de la Direcci\u00f3n de Ecolog\u00eda, Margarita Pe\u00f1a P\u00e9rez.<\/p>\n<p style=\"text-align: justify;\">Se indic\u00f3 que los animales que se encuentran en el RAMMi, fueron rescatados de alguna situaci\u00f3n de maltrato u omisiones de parte de los due\u00f1os.<\/p>\n<p style=\"text-align: justify;\">De ser necesario los animales primero llevan un proceso de rehabilitaci\u00f3n m\u00e9dica, posteriormente de socializaci\u00f3n.<\/p>\n<p style=\"text-align: justify;\">Actualmente el RAMMi, tiene 16 perros y cinco gatos, listos para ser adoptados.<\/p>\n<p style=\"text-align: justify;\">Las personas que deseen realizar una adopci\u00f3n deber\u00e1n presentar una copia de credencial de elector y de un comprobante de domicilio, posteriormente personal del RAMMI realizar\u00e1 una valoraci\u00f3n del espacio en donde estar\u00e1 el animal y determina la adopci\u00f3n.<\/p>\n<p style=\"text-align: justify;\">Las instalaciones del RAMMi, est\u00e1n ubicadas en las inmediaciones del Parque Chamizal, en un horario de lunes a viernes de 9 de la ma\u00f1ana a 5 de la tarde y los s\u00e1bados de 10 a 1 de la tarde.<\/p>\n","protected":false},"excerpt":{"rendered":"","protected":false},"author":6,"featured_media":21585,"comment_status":"open","ping_status":"open","sticky":false,"template":"","format":"standard","meta":{"_acf_changed":false,"_monsterinsights_skip_tracking":false,"slim_seo":{"title":"Invitan a la comunidad a realizar adopciones en el RAMMi - Opini\u00f3n P\u00fablica","description":"Ciudad Ju\u00e1rez, Chih .- Durante el mes de noviembre el Centro de Rescate y Adopci\u00f3n de Mascotas del Municipio Independiente (RAMMi), dio en adopci\u00f3n a 33 mascota"},"footnotes":""},"categories":[5],"tags":[],"class_list":["post-21586","post","type-post","status-publish","format-standard","has-post-thumbnail","hentry","category-frontera"],"acf":[],"_links":{"self":[{"href":"https:\/\/www.opinionpublica.tv\/portada\/wp-json\/wp\/v2\/posts\/21586","targetHints":{"allow":["GET"]}}],"collection":[{"href":"https:\/\/www.opinionpublica.tv\/portada\/wp-json\/wp\/v2\/posts"}],"about":[{"href":"https:\/\/www.opinionpublica.tv\/portada\/wp-json\/wp\/v2\/types\/post"}],"author":[{"embeddable":true,"href":"https:\/\/www.opinionpublica.tv\/portada\/wp-json\/wp\/v2\/users\/6"}],"replies":[{"embeddable":true,"href":"https:\/\/www.opinionpublica.tv\/portada\/wp-json\/wp\/v2\/comments?post=21586"}],"version-history":[{"count":0,"href":"https:\/\/www.opinionpublica.tv\/portada\/wp-json\/wp\/v2\/posts\/21586\/revisions"}],"wp:featuredmedia":[{"embeddable":true,"href":"https:\/\/www.opinionpublica.tv\/portada\/wp-json\/wp\/v2\/media\/21585"}],"wp:attachment":[{"href":"https:\/\/www.opinionpublica.tv\/portada\/wp-json\/wp\/v2\/media?parent=21586"}],"wp:term":[{"taxonomy":"category","embeddable":true,"href":"https:\/\/www.opinionpublica.tv\/portada\/wp-json\/wp\/v2\/categories?post=21586"},{"taxonomy":"post_tag","embeddable":true,"href":"https:\/\/www.opinionpublica.tv\/portada\/wp-json\/wp\/v2\/tags?post=21586"}],"curies":[{"name":"wp","href":"https:\/\/api.w.org\/{rel}","templated":true}]}}