{"id":21580,"date":"2019-12-10T07:00:00","date_gmt":"2019-12-10T06:00:00","guid":{"rendered":"https:\/\/www.opinionpublica.tv\/portada\/2019\/12\/10\/mexico-eu-y-canada-firman-modificaciones-al-t-mec\/"},"modified":"2019-12-10T07:00:00","modified_gmt":"2019-12-10T06:00:00","slug":"mexico-eu-y-canada-firman-modificaciones-al-t-mec","status":"publish","type":"post","link":"https:\/\/www.opinionpublica.tv\/portada\/mexico-eu-y-canada-firman-modificaciones-al-t-mec\/","title":{"rendered":"M\u00e9xico, EU y Canad\u00e1 firman modificaciones finales al T-MEC"},"content":{"rendered":"<p><img fetchpriority=\"high\" decoding=\"async\" class=\" size-full wp-image-21579\" src=\"https:\/\/www.opinionpublica.tv\/portada\/wp-content\/uploads\/2019\/12\/d81b2f2071ab1adf296b0cda6fd2f1b8.jpg\" alt=\"\" class=\"caption\" title=\"El presidente L\u00f3pez Obrador testific\u00f3 la firma final para cerrar el T-MEC.\" width=\"640\" height=\"400\" srcset=\"https:\/\/www.opinionpublica.tv\/portada\/wp-content\/uploads\/2019\/12\/d81b2f2071ab1adf296b0cda6fd2f1b8.jpg 640w, https:\/\/www.opinionpublica.tv\/portada\/wp-content\/uploads\/2019\/12\/d81b2f2071ab1adf296b0cda6fd2f1b8-300x188.jpg 300w\" sizes=\"(max-width: 640px) 100vw, 640px\" \/><br \/>\n<!--more--><\/p>\n<p style=\"text-align: justify;\"><em>Ciudad de M\u00e9xico<\/em>.- En Palacio Nacional, a las 13:22 horas de este martes, se llev\u00f3 a cabo la\u00a0firma del Protocolo Modificatorio del T-MEC, acuerdo comercial entre M\u00e9xico, Estados Unidos y Canad\u00e1.<\/p>\n<p style=\"text-align: justify;\">El\u00a0secretario de Relaciones Exteriores,\u00a0Marcelo Ebrard, dijo que los pron\u00f3sticos indicaban que este acuerdo no se firmar\u00eda por la cercan\u00eda del proceso electoral de Estados Unidos, \u201cy sin embargo, aqu\u00ed est\u00e1. Hemos encontrado la manera de entendernos\u201d, apunt\u00f3.<\/p>\n<p style=\"text-align: justify;\">Por ello, el secretario Ebrard dijo al presidente Andr\u00e9s Manuel L\u00f3pez Obrador: \u201cmisi\u00f3n cumplida\u201d.<\/p>\n<p style=\"text-align: justify;\">El senador\u00a0Ricardo Monreal, presidente de la\u00a0Junta de Coordinaci\u00f3n Pol\u00edtica del Senado de la Rep\u00fablica, celebr\u00f3 el acuerdo modificatorio del T-MEC.<\/p>\n<p style=\"text-align: justify;\">Plante\u00f3 como ben\u00e9ficos los cambios que se realizaron al acuerdo en materia laboral, medio ambiente; y la resoluci\u00f3n para abordar dentro de 10 a\u00f1os las reglas para el comercio del aluminio y el acero.<\/p>\n<p style=\"text-align: justify;\">Monreal indic\u00f3 que en el Senado se trabajar\u00e1 en los acuerdos modificatorios para, eventualmente, aprobarlos en lo inmediato.<\/p>\n<p style=\"text-align: justify;\">Jes\u00fas Seade, subsecretario para Am\u00e9rica del Norte de la\u00a0Secretar\u00eda de Relaciones Exteriores\u00a0y negociador de la delegaci\u00f3n mexicana, dijo que los acuerdos modificatorios completan muy bien al T-MEC.<\/p>\n<p style=\"text-align: justify;\">Explic\u00f3 c\u00f3mo funcionar\u00e1n los paneles de diferencias entre los pa\u00edses. Asegur\u00f3 que quienes participar\u00e1n en ellos, no ser\u00e1n inspectores, sino expertos.<\/p>\n<p style=\"text-align: justify;\">Seade explic\u00f3\u00a0que\u00a0ser\u00e1\u00a0v\u00eda paneles\u00a0como se corrobora el cumplimiento del T-MEC\u00a0y no mediante inspectores laborales.<\/p>\n<p style=\"text-align: justify;\">Destac\u00f3 que se eliminan la protecci\u00f3n a los medicamentos biogen\u00e9ricos. Asegur\u00f3 qu\u00e9 hay \u201ccero\u201d afectaciones para M\u00e9xico.<\/p>\n<p style=\"text-align: justify;\">Por su parte, el presidente\u00a0L\u00f3pez Obrador\u00a0dijo que es un acuerdo comercial de grandes dimensiones, ben\u00e9fico para los tres pa\u00edses, ya que impulsar su crecimiento econ\u00f3mico. Mencion\u00f3 que el\u00a0T-MEC\u00a0significa mayor inversi\u00f3n para los tres pa\u00edses. \u201cSi hay inversi\u00f3n, si hay crecimiento, hay bienestar, hay paz y hay tranquilidad\u201d, mencion\u00f3.<\/p>\n<p style=\"text-align: justify;\">Consider\u00f3 que hay beneficios para los trabajadores de las tres naciones. Mencion\u00f3 que el acuerdo es respetuoso de las soberan\u00edas.<\/p>\n<p style=\"text-align: justify;\">Apunt\u00f3 que se fortalece la cooperaci\u00f3n para el desarrollo y permite enfrentar de mejor manera problemas sociales como el fen\u00f3meno migratorio.<\/p>\n<p style=\"text-align: justify;\">El Presidente agradeci\u00f3 las negociaciones que llevaron a cabo Jes\u00fas Seade; Robert Lighthizer y Chrystia Freeland. Tambi\u00e9n manifest\u00f3 su agradecimiento a los senadores mexicanos de todas las fuerzas pol\u00edticas por actuar por encima de los intereses, y a los legisladores\u00a0Dem\u00f3cratas y Republicanos de Estados Unidos, en particular de la congresista\u00a0Nancy Pelosi. L\u00f3pez Obrador tambi\u00e9n agradeci\u00f3 a empresarios y a dirigentes de sindicatos, cuyo acompa\u00f1amiento \u2014dijo\u2014 fue fundamental para realizar el protocolo modificatorio del T-MEC. Tambi\u00e9n expres\u00f3 agradecimiento al presidente\u00a0Donald Trump\u00a0y al primer ministro de Canad\u00e1,\u00a0Justin Trudeau.<\/p>\n<p style=\"text-align: justify;\">Por su parte, la\u00a0viceprimera ministra de Canad\u00e1,\u00a0Chrystia Freeland, dijo que es un tratado progresistas para fomentar los empleos y fortalecer la clases medias, porque conserva las cadenas de trabajo.<\/p>\n<p style=\"text-align: justify;\">Resalt\u00f3 que promueve la protecci\u00f3n de trabajadores, las reglas de origen del sector automotriz, propiedad intelectual, medicamentos y medio ambiente.<\/p>\n<p style=\"text-align: justify;\">Mencion\u00f3 que tambi\u00e9n fomenta la competitividad global, y las modificaciones mejorar\u00e1n el tratado.<\/p>\n<p style=\"text-align: justify;\">Reconoci\u00f3 que fue una negociaci\u00f3n ardua y dif\u00edcil, pero \u201caprendimos\u201d a trabajar juntos. Asegur\u00f3 que el T-MEC y sus modificaciones son acuerdos pol\u00edticos que siempre van a respaldar al pueblo.<\/p>\n<p style=\"text-align: justify;\">\u201cHa sido todo un desaf\u00edo. Hemos logrado los resultados anhelados. Jugamos como un equipo unido y hemos logrado un acuerdo para ganar-ganar. No es una haza\u00f1a menor en el mundo actual\u201d, dijo la Ministra canadiense.<\/p>\n<p style=\"text-align: justify;\">Robert Lighthizer, representante de\u00a0Comercio de Estados Unidos, expres\u00f3 en su discurso que tra\u00eda \u201clos mejores deseos\u201d de Donald Trump \u201cpara usted y para M\u00e9xico\u201d.<\/p>\n<p style=\"text-align: justify;\">El negociador estadounidense dijo a L\u00f3pez Obrador: \u201chemos seguido su carrera. Todo mundo en nuestra administraci\u00f3n le est\u00e1 echando porras\u201d.<\/p>\n<p style=\"text-align: justify;\">Mencion\u00f3 que la ratificaci\u00f3n del T-MEC es un \u201ctributo\u201d para su gobierno y el pueblo mexicano. \u201cEs un testamento para usted porque en medio de esta negociaci\u00f3n estaba en campa\u00f1a y tom\u00f3 la mejor decisi\u00f3n de no involucrarse y cuando fue presidente electo seleccion\u00f3 a Jes\u00fas Seade\u201d, le plante\u00f3.<\/p>\n<p style=\"text-align: justify;\">Robert Lighthizer calific\u00f3 como \u201casombroso y sorprendente\u201d la ratificaci\u00f3n del acuerdo comercial.<\/p>\n<p style=\"text-align: justify;\">\u201cEl TLC era desastroso y se necesitaba actualizar. El presidente (Donald Trump) siempre consider\u00f3 que era un acuerdo desequilibrado\u201d, plante\u00f3.<\/p>\n<p style=\"text-align: justify;\">Sostuvo que el gobierno de Estados Unidos desea que M\u00e9xico sea un pa\u00eds \u201cm\u00e1s rico\u201d, y con este acuerdo ser\u00e1 m\u00e1s posible.<\/p>\n<p style=\"text-align: justify;\">\u201cEs un acuerdo que no tiene parang\u00f3n. Este es un acuerdo que es bipartidista, dem\u00f3cratas y republicanos, es un milagro por as\u00ed decirlo. Es un testamento del tiempo que durar\u00e1\u201d, refiri\u00f3.<\/p>\n<p style=\"text-align: justify;\">Luego de este evento, el presidente L\u00f3pez Obrador ofreci\u00f3 en Palacio Nacional una comida para las delegaciones estadounidenses y canadienses que encabezan Jered Kushner y a la ministra Chrystia Freeland. (El Economista)<\/p>\n","protected":false},"excerpt":{"rendered":"","protected":false},"author":6,"featured_media":21579,"comment_status":"open","ping_status":"open","sticky":false,"template":"","format":"standard","meta":{"_acf_changed":false,"_monsterinsights_skip_tracking":false,"slim_seo":{"title":"M\u00e9xico, EU y Canad\u00e1 firman modificaciones finales al T-MEC - Opini\u00f3n P\u00fablica","description":"Ciudad de M\u00e9xico .- En Palacio Nacional, a las 13:22 horas de este martes, se llev\u00f3 a cabo la\u00a0firma del Protocolo Modificatorio del T-MEC, acuerdo comercial ent"},"footnotes":""},"categories":[9],"tags":[],"class_list":["post-21580","post","type-post","status-publish","format-standard","has-post-thumbnail","hentry","category-nacional"],"acf":[],"_links":{"self":[{"href":"https:\/\/www.opinionpublica.tv\/portada\/wp-json\/wp\/v2\/posts\/21580","targetHints":{"allow":["GET"]}}],"collection":[{"href":"https:\/\/www.opinionpublica.tv\/portada\/wp-json\/wp\/v2\/posts"}],"about":[{"href":"https:\/\/www.opinionpublica.tv\/portada\/wp-json\/wp\/v2\/types\/post"}],"author":[{"embeddable":true,"href":"https:\/\/www.opinionpublica.tv\/portada\/wp-json\/wp\/v2\/users\/6"}],"replies":[{"embeddable":true,"href":"https:\/\/www.opinionpublica.tv\/portada\/wp-json\/wp\/v2\/comments?post=21580"}],"version-history":[{"count":0,"href":"https:\/\/www.opinionpublica.tv\/portada\/wp-json\/wp\/v2\/posts\/21580\/revisions"}],"wp:featuredmedia":[{"embeddable":true,"href":"https:\/\/www.opinionpublica.tv\/portada\/wp-json\/wp\/v2\/media\/21579"}],"wp:attachment":[{"href":"https:\/\/www.opinionpublica.tv\/portada\/wp-json\/wp\/v2\/media?parent=21580"}],"wp:term":[{"taxonomy":"category","embeddable":true,"href":"https:\/\/www.opinionpublica.tv\/portada\/wp-json\/wp\/v2\/categories?post=21580"},{"taxonomy":"post_tag","embeddable":true,"href":"https:\/\/www.opinionpublica.tv\/portada\/wp-json\/wp\/v2\/tags?post=21580"}],"curies":[{"name":"wp","href":"https:\/\/api.w.org\/{rel}","templated":true}]}}