{"id":21578,"date":"2019-12-10T07:00:00","date_gmt":"2019-12-10T06:00:00","guid":{"rendered":"https:\/\/www.opinionpublica.tv\/portada\/2019\/12\/10\/bloquea-juez-federal-u-3-600-millones-de-fondos-militares-para-muro-de-trump\/"},"modified":"2019-12-10T07:00:00","modified_gmt":"2019-12-10T06:00:00","slug":"bloquea-juez-federal-u-3-600-millones-de-fondos-militares-para-muro-de-trump","status":"publish","type":"post","link":"https:\/\/www.opinionpublica.tv\/portada\/bloquea-juez-federal-u-3-600-millones-de-fondos-militares-para-muro-de-trump\/","title":{"rendered":"Bloquea juez federal U$3,600 millones de fondos militares para muro de Trump"},"content":{"rendered":"<p><img fetchpriority=\"high\" decoding=\"async\" class=\" size-full wp-image-21577\" src=\"https:\/\/www.opinionpublica.tv\/portada\/wp-content\/uploads\/2019\/12\/ebd61dbc2b0a845aa3954eeff5da4059.jpg\" alt=\"\" class=\"caption\" title=\"Muro fronterizo del presidente Donald Trump.\" width=\"1024\" height=\"576\" srcset=\"https:\/\/www.opinionpublica.tv\/portada\/wp-content\/uploads\/2019\/12\/ebd61dbc2b0a845aa3954eeff5da4059.jpg 1024w, https:\/\/www.opinionpublica.tv\/portada\/wp-content\/uploads\/2019\/12\/ebd61dbc2b0a845aa3954eeff5da4059-300x169.jpg 300w, https:\/\/www.opinionpublica.tv\/portada\/wp-content\/uploads\/2019\/12\/ebd61dbc2b0a845aa3954eeff5da4059-768x432.jpg 768w\" sizes=\"(max-width: 1024px) 100vw, 1024px\" \/><br \/>\n<!--more--><\/p>\n<p style=\"text-align: justify;\"><em>El Paso, Texas, EU<\/em>.- Un juez federal en El Paso bloque\u00f3 el martes el plan de la administraci\u00f3n de\u00a0Donald Trump\u00a0de pagar la construcci\u00f3n del muro fronterizo con\u00a03,600 millones de d\u00f3lares en fondos militares, y\u00a0dictamin\u00f3 que la administraci\u00f3n no tiene la autoridad para desviar el dinero asignado por el Congreso para un prop\u00f3sito diferente.<\/p>\n<p style=\"text-align: justify;\">El juez David Briones, designado por Bill Clinton, dijo en su fallo que el intento de la administraci\u00f3n de\u00a0reprogramar los fondos de construcci\u00f3n militar mediante una proclamaci\u00f3n de emergencia era ilegal.<\/p>\n<p style=\"text-align: justify;\">Se espera que la administraci\u00f3n Trump apele la decisi\u00f3n.<\/p>\n<p style=\"text-align: justify;\">Meses atr\u00e1s, el presidente Trump declar\u00f3 una emergencia nacional para utilizar fondos militares y otros fondos federales para destinarlos a la construcci\u00f3n del muro fronterizo, luego de que\u00a0el Congreso proporcionara solo una parte de los 5,700 millones de d\u00f3lares que el presidente quer\u00eda\u00a0para el muro.<\/p>\n<p style=\"text-align: justify;\">En septiembre, el Secretario de Defensa Mark Esper autoriz\u00f3 el desv\u00edo de los\u00a03,600 millones de d\u00f3lares en fondos de construcci\u00f3n militar para 11 proyectos\u00a0de muro en la frontera sur con M\u00e9xico.<\/p>\n<p style=\"text-align: justify;\">Sin embargo, el Condado de El Paso, Texas, y la Red de Fronteras para los Derechos Humanos, presentaron una demanda\u00a0argumentando que el presidente Donald Trump sobrepas\u00f3 su autoridad cuando emiti\u00f3 una declaraci\u00f3n de emergencia.<\/p>\n<p style=\"text-align: justify;\">La queja tambi\u00e9n alega que la declaraci\u00f3n no cumple con la definici\u00f3n de \u00abemergencia\u00bb de la Ley Nacional de Emergencias y rechaza los comentarios de Trump de que las barreras fronterizas condujeron a una ca\u00edda del crimen en El Paso, Texas.<\/p>\n<p style=\"text-align: justify;\">\u00abLa proclamaci\u00f3n de emergencia del presidente fue un intento descarado de tomar el poder del Congreso. La orden de hoy afirma que el presidente no es un rey y que nuestros tribunales est\u00e1n dispuestos a controlarlo cuando sobrepasa sus l\u00edmites\u00bb, dijo Kristy Parker, abogada de Protect Democracy, una organizaci\u00f3n sin fines de lucro no partidista que represent\u00f3 a los demandantes, en un comunicado.<\/p>\n<p style=\"text-align: justify;\">El fallo anunciado este martes\u00a0no se aplica al uso de otros fondos para el muro, incluidos los fondos antidrogas y de decomiso del Tesoro, que se han designado para la construcci\u00f3n del muro. (Univision)<\/p>\n","protected":false},"excerpt":{"rendered":"","protected":false},"author":6,"featured_media":21577,"comment_status":"open","ping_status":"open","sticky":false,"template":"","format":"standard","meta":{"_acf_changed":false,"_monsterinsights_skip_tracking":false,"slim_seo":{"title":"Bloquea juez federal U$3,600 millones de fondos militares para muro de Trump - Opini\u00f3n P\u00fablica","description":"El Paso, Texas, EU .- Un juez federal en El Paso bloque\u00f3 el martes el plan de la administraci\u00f3n de\u00a0Donald Trump\u00a0de pagar la construcci\u00f3n del muro fronterizo con"},"footnotes":""},"categories":[24],"tags":[],"class_list":["post-21578","post","type-post","status-publish","format-standard","has-post-thumbnail","hentry","category-estados-unidos"],"acf":[],"_links":{"self":[{"href":"https:\/\/www.opinionpublica.tv\/portada\/wp-json\/wp\/v2\/posts\/21578","targetHints":{"allow":["GET"]}}],"collection":[{"href":"https:\/\/www.opinionpublica.tv\/portada\/wp-json\/wp\/v2\/posts"}],"about":[{"href":"https:\/\/www.opinionpublica.tv\/portada\/wp-json\/wp\/v2\/types\/post"}],"author":[{"embeddable":true,"href":"https:\/\/www.opinionpublica.tv\/portada\/wp-json\/wp\/v2\/users\/6"}],"replies":[{"embeddable":true,"href":"https:\/\/www.opinionpublica.tv\/portada\/wp-json\/wp\/v2\/comments?post=21578"}],"version-history":[{"count":0,"href":"https:\/\/www.opinionpublica.tv\/portada\/wp-json\/wp\/v2\/posts\/21578\/revisions"}],"wp:featuredmedia":[{"embeddable":true,"href":"https:\/\/www.opinionpublica.tv\/portada\/wp-json\/wp\/v2\/media\/21577"}],"wp:attachment":[{"href":"https:\/\/www.opinionpublica.tv\/portada\/wp-json\/wp\/v2\/media?parent=21578"}],"wp:term":[{"taxonomy":"category","embeddable":true,"href":"https:\/\/www.opinionpublica.tv\/portada\/wp-json\/wp\/v2\/categories?post=21578"},{"taxonomy":"post_tag","embeddable":true,"href":"https:\/\/www.opinionpublica.tv\/portada\/wp-json\/wp\/v2\/tags?post=21578"}],"curies":[{"name":"wp","href":"https:\/\/api.w.org\/{rel}","templated":true}]}}