{"id":21574,"date":"2019-12-10T07:00:00","date_gmt":"2019-12-10T06:00:00","guid":{"rendered":"https:\/\/www.opinionpublica.tv\/portada\/2019\/12\/10\/efemerides-10-de-diciembre-2\/"},"modified":"2019-12-10T07:00:00","modified_gmt":"2019-12-10T06:00:00","slug":"efemerides-10-de-diciembre-2","status":"publish","type":"post","link":"https:\/\/www.opinionpublica.tv\/portada\/efemerides-10-de-diciembre-2\/","title":{"rendered":"Efem\u00e9rides 10 de diciembre"},"content":{"rendered":"<img fetchpriority=\"high\" decoding=\"async\" class=\" size-full wp-image-21573\" src=\"https:\/\/www.opinionpublica.tv\/portada\/wp-content\/uploads\/2019\/12\/ecbba7183e37faa5f28a823ab2a2550b.jpg\" alt=\"\" class=\"caption\" title=\"El l\u00edder pacifista Martin Luther King, recibe el Nobel de la Paz.\" width=\"1170\" height=\"658\" srcset=\"https:\/\/www.opinionpublica.tv\/portada\/wp-content\/uploads\/2019\/12\/ecbba7183e37faa5f28a823ab2a2550b.jpg 1170w, https:\/\/www.opinionpublica.tv\/portada\/wp-content\/uploads\/2019\/12\/ecbba7183e37faa5f28a823ab2a2550b-300x169.jpg 300w, https:\/\/www.opinionpublica.tv\/portada\/wp-content\/uploads\/2019\/12\/ecbba7183e37faa5f28a823ab2a2550b-1024x576.jpg 1024w, https:\/\/www.opinionpublica.tv\/portada\/wp-content\/uploads\/2019\/12\/ecbba7183e37faa5f28a823ab2a2550b-768x432.jpg 768w\" sizes=\"(max-width: 1170px) 100vw, 1170px\" \/>\n<p style=\"text-align: justify;\">Un d\u00eda 10 de diciembre como hoy, pero de 1964, el l\u00edder pacifista del movimiento negro en Estados Unidos, Martin Luther King, recibe el Nobel de la Paz.<\/p>\n<p><!--more--><\/p>\n<p style=\"text-align: justify;\"><strong>Otras efem\u00e9rides<\/strong><\/p>\n<p style=\"text-align: justify;\">1533.- Llega a Panam\u00e1, en calidad de gobernador el capit\u00e1n Francisco de Barrionuevo.<\/p>\n<p style=\"text-align: justify;\">1815.- Nace Ada Lovelace, matem\u00e1tica brit\u00e1nica, considerada la primera programadora de la historia.<\/p>\n<p style=\"text-align: justify;\">1817.- Misisipi es admitido como nuevo estado en la Uni\u00f3n Americana.<\/p>\n<p style=\"text-align: justify;\">1825.- Comienza la guerra entre las Provincias Unidas del R\u00edo de la Plata y Brasil.<\/p>\n<p style=\"text-align: justify;\">1848.- Luis Napole\u00f3n, futuro Napole\u00f3n III, es elegido presidente de la Rep\u00fablica francesa.<\/p>\n<p style=\"text-align: justify;\">1860.- Por primera vez en la historia votan las mujeres, en el estado norteamericano de Wyoming.<\/p>\n<p style=\"text-align: justify;\">1893.- La Asamblea Constituyente de Nicaragua promulga una Constituci\u00f3n con amplias concesiones liberales.<\/p>\n<p style=\"text-align: justify;\">1896.- Fallece Alfred Nobel, inventor sueco y fundador de los premios que llevan su nombre.<\/p>\n<p style=\"text-align: justify;\">1898.- Espa\u00f1a firma con Estados Unidos el Tratado de Par\u00eds, por el que renuncia a su soberan\u00eda sobre Cuba, Filipinas, Puerto Rico y Guam.<\/p>\n<p style=\"text-align: justify;\">1901.- Primera reuni\u00f3n de las comisiones encargadas de conceder el Premio Nobel, que acuerdan otorgarlo anualmente en esta fecha.<\/p>\n<p style=\"text-align: justify;\">1902.- Nace Dulce Mar\u00eda Loynaz, escritora cubana.<\/p>\n<p style=\"text-align: justify;\">1903.- Pierre y Marie Curie y Henri Becquer reciben el Premio Nobel de F\u00edsica por sus estudios sobre la radiactividad.<\/p>\n<p style=\"text-align: justify;\">1906.- El espa\u00f1ol Santiago Ram\u00f3n y Cajal y el italiano Camilo Golgi reciben el Premio Nobel de Medicina, el estadounidense Theodor Roosevelt el de la Paz y el italiano Giuseppe Carducci el de Literatura.<\/p>\n<p style=\"text-align: justify;\">1908.- Nace Olivier Messaiaen, compositor franc\u00e9s.<\/p>\n<p style=\"text-align: justify;\">1911.- Marie Curie recibe el Premio Nobel de Qu\u00edmica.<\/p>\n<p style=\"text-align: justify;\">1919.- El escritor franc\u00e9s Marcel Proust gana el Premio Goncourt por su novela \u00abA la sombra de las muchachas en flor\u00bb.<\/p>\n<p style=\"text-align: justify;\">1922.- Se entrega el premio Nobel de Literatura al espa\u00f1ol Jacinto Benavente y el de F\u00edsica al alem\u00e1n Albert Einstein.<\/p>\n<p style=\"text-align: justify;\">1923.- Nace Jorge Sempr\u00fan, pol\u00edtico y escritor espa\u00f1ol.<\/p>\n<p style=\"text-align: justify;\">1936.- Abdica Eduardo VIII de Inglaterra, quien anuncia su intenci\u00f3n de casarse con Wallis Simpson.<\/p>\n<p style=\"text-align: justify;\">1936.- Fallece Luigi Pirandello, dramaturgo italiano, Nobel de Literatura en 1934.<\/p>\n<p style=\"text-align: justify;\">1941.- La Armada japonesa hunde los acorazados ingleses \u00abPrince of Wales\u00bb y \u00abRepulse\u00bb durante la Segunda Guerra Mundial.<\/p>\n<p style=\"text-align: justify;\">1947.- Independencia de Birmania.<\/p>\n<p style=\"text-align: justify;\">1948.- La Asamblea General de la ONU aprueba en Par\u00eds la Declaraci\u00f3n de los Derechos Humanos.<\/p>\n<p style=\"text-align: justify;\">1950.- Bertrand Russell recibe el Premio Nobel de Literatura.<\/p>\n<p style=\"text-align: justify;\">1953.- El pol\u00edtico e historiador brit\u00e1nico Winston Churchill recibe en Estocolmo el Nobel de Literatura, mientras el general Marshall recibe en Oslo el Nobel de la Paz.<\/p>\n<p style=\"text-align: justify;\">1957.- Albert Camus recibe el Premio Nobel de Literatura.<\/p>\n<p style=\"text-align: justify;\">1959.- El espa\u00f1ol Severo Ochoa recibe el Nobel de Medicina.<\/p>\n<p style=\"text-align: justify;\">1960.- Nace Kenneth Branagh, actor y cineasta brit\u00e1nico.<\/p>\n<p style=\"text-align: justify;\">1967.- El guatemalteco Miguel \u00c1ngel Asturias recibe el Premio Nobel de Literatura.<\/p>\n<p style=\"text-align: justify;\">1970.- El argentino Luis Leloir recibe el Nobel de Qu\u00edmica.<\/p>\n<p style=\"text-align: justify;\">1971.- Entrega a Willy Brandt del Nobel de la Paz y el de Literatura al chileno Pablo Neruda.<\/p>\n<p style=\"text-align: justify;\">1975.- El f\u00edsico y disidente sovi\u00e9tico Andrei Sajarov recibe el Nobel de la Paz.<\/p>\n<p style=\"text-align: justify;\">1977.- Entrega del Premio Nobel de Literatura al poeta espa\u00f1ol Vicente Aleixandre.<\/p>\n<p style=\"text-align: justify;\">1980.- El arquitecto argentino Adolfo P\u00e9rez Esquivel recibe el Nobel de la Paz.<\/p>\n<p style=\"text-align: justify;\">1981.- Los pa\u00edses miembros de la OTAN firman en Bruselas el protocolo de adhesi\u00f3n de Espa\u00f1a a la Alianza.<\/p>\n<p style=\"text-align: justify;\">1982.- Garc\u00eda M\u00e1rquez recibe el Nobel de Literatura.<\/p>\n<p style=\"text-align: justify;\">1982.- Tras 211 d\u00edas de estancia en el espacio, regresan a la Tierra los cosmonautas sovi\u00e9ticos Anatoli Beresovoi y Valentin Lebedev.<\/p>\n<p style=\"text-align: justify;\">1983.- El polaco Lech Walesa recibe el Premio Nobel de la Paz.<\/p>\n<p style=\"text-align: justify;\">1983.- Ra\u00fal Alfons\u00edn asume la presidencia de Argentina.<\/p>\n<p style=\"text-align: justify;\">1984.- El argentino C. Milstein y el alem\u00e1n G. J. Kohler comparten el Nobel de Medicina.<\/p>\n<p style=\"text-align: justify;\">1986.- Un grupo de astr\u00f3nomos estadounidenses descubre siete nuevas galaxias.<\/p>\n<p style=\"text-align: justify;\">1987.- El presidente de Costa Rica, Oscar Arias, recibe el Nobel de la Paz.<\/p>\n<p style=\"text-align: justify;\">1989.- El espa\u00f1ol Camilo Jos\u00e9 Cela recibe el Premio Nobel de Literatura.<\/p>\n<p style=\"text-align: justify;\">1990.- El mexicano Octavio Paz recibe el Nobel de Literatura.<\/p>\n<p style=\"text-align: justify;\">1992.- Fallece Celia G\u00e1mez, argentina, cantante y actriz de revista.<\/p>\n<p style=\"text-align: justify;\">1993.- Nelson Mandela y Frederik de Klerk reciben el Nobel de la Paz.<\/p>\n<p style=\"text-align: justify;\">1996.- El Tribunal Supremo de la India proh\u00edbe el trabajo infantil.<\/p>\n<p style=\"text-align: justify;\">1998.- El juez Garz\u00f3n procesa al general Pinochet, detenido en Londres, por los delitos de genocidio, terrorismo y torturas.<\/p>\n<p style=\"text-align: justify;\">1999.- Por primera vez en Argentina, un jefe de Estado peronista, Carlos Menem, traspasa el mando a un presidente de otra fuerza pol\u00edtica, Fernando de la R\u00faa, de centro izquierda.<\/p>\n<p style=\"text-align: justify;\">2002.- El presidente chileno, Ricardo Lagos, promulga la ley que elimina la censura en el cine.<\/p>\n<p style=\"text-align: justify;\">2003.- El chileno Gonzalo Rojas obtiene el Premio Cervantes.<\/p>\n<p style=\"text-align: justify;\">2004.- Un total de 1425 paramilitares de la organizaci\u00f3n de Autodefensas Unidas de Colombia (AUC) se desmovilizan en el nordeste del pa\u00eds.<\/p>\n<p style=\"text-align: justify;\">2006.- Fallece a los 91 a\u00f1os el dictador chileno Augusto Pinochet.<\/p>\n<p style=\"text-align: justify;\">2007.- Cristina Fern\u00e1ndez releva a su marido, Nestor Kirchner, en la Presidencia de Argentina.<\/p>\n<p style=\"text-align: justify;\">2009.- El presidente Barack Obama recibe el Premio Nobel de la Paz en Oslo.<\/p>\n<p style=\"text-align: justify;\">2010.- Vargas Llosa obtiene el Nobel de Literatura.<\/p>\n<p style=\"text-align: justify;\">2010.- El Nobel de la Paz, activista chino Liu Xiaobo, no asiste a recogerlo por estar encarcelado.<\/p>\n<p style=\"text-align: justify;\">2013.- Emotivo funeral a Mandela en Soweto, al que asisten m\u00e1s de 90,000 personas, en un homenaje en el que Obama y Ra\u00fal Castro se saludan.<\/p>\n","protected":false},"excerpt":{"rendered":"<p>Un d\u00eda 10 de diciembre como hoy, pero de 1964, el l\u00edder pacifista del movimiento negro en Estados Unidos, Martin Luther King, recibe el Nobel de la Paz.<\/p>\n","protected":false},"author":6,"featured_media":21573,"comment_status":"open","ping_status":"open","sticky":false,"template":"","format":"standard","meta":{"_acf_changed":false,"_monsterinsights_skip_tracking":false,"slim_seo":{"title":"Efem\u00e9rides 10 de diciembre - Opini\u00f3n P\u00fablica","description":"Un d\u00eda 10 de diciembre como hoy, pero de 1964, el l\u00edder pacifista del movimiento negro en Estados Unidos, Martin Luther King, recibe el Nobel de la Paz. Otras e"},"footnotes":""},"categories":[27],"tags":[],"class_list":["post-21574","post","type-post","status-publish","format-standard","has-post-thumbnail","hentry","category-un-dia-como-hoy"],"acf":[],"_links":{"self":[{"href":"https:\/\/www.opinionpublica.tv\/portada\/wp-json\/wp\/v2\/posts\/21574","targetHints":{"allow":["GET"]}}],"collection":[{"href":"https:\/\/www.opinionpublica.tv\/portada\/wp-json\/wp\/v2\/posts"}],"about":[{"href":"https:\/\/www.opinionpublica.tv\/portada\/wp-json\/wp\/v2\/types\/post"}],"author":[{"embeddable":true,"href":"https:\/\/www.opinionpublica.tv\/portada\/wp-json\/wp\/v2\/users\/6"}],"replies":[{"embeddable":true,"href":"https:\/\/www.opinionpublica.tv\/portada\/wp-json\/wp\/v2\/comments?post=21574"}],"version-history":[{"count":0,"href":"https:\/\/www.opinionpublica.tv\/portada\/wp-json\/wp\/v2\/posts\/21574\/revisions"}],"wp:featuredmedia":[{"embeddable":true,"href":"https:\/\/www.opinionpublica.tv\/portada\/wp-json\/wp\/v2\/media\/21573"}],"wp:attachment":[{"href":"https:\/\/www.opinionpublica.tv\/portada\/wp-json\/wp\/v2\/media?parent=21574"}],"wp:term":[{"taxonomy":"category","embeddable":true,"href":"https:\/\/www.opinionpublica.tv\/portada\/wp-json\/wp\/v2\/categories?post=21574"},{"taxonomy":"post_tag","embeddable":true,"href":"https:\/\/www.opinionpublica.tv\/portada\/wp-json\/wp\/v2\/tags?post=21574"}],"curies":[{"name":"wp","href":"https:\/\/api.w.org\/{rel}","templated":true}]}}