{"id":21568,"date":"2019-12-05T07:00:00","date_gmt":"2019-12-05T06:00:00","guid":{"rendered":"https:\/\/www.opinionpublica.tv\/portada\/2019\/12\/05\/guerra-de-los-carburos-en-cjtown\/"},"modified":"2019-12-05T07:00:00","modified_gmt":"2019-12-05T06:00:00","slug":"guerra-de-los-carburos-en-cjtown","status":"publish","type":"post","link":"https:\/\/www.opinionpublica.tv\/portada\/guerra-de-los-carburos-en-cjtown\/","title":{"rendered":"Guerra de los carburos en CJTown"},"content":{"rendered":"<img fetchpriority=\"high\" decoding=\"async\" class=\" size-full wp-image-21567\" src=\"https:\/\/www.opinionpublica.tv\/portada\/wp-content\/uploads\/2019\/12\/bce20626ead216a8a165cc9a93cf38b3.jpg\" alt=\"\" class=\"caption\" title=\"Ra\u00fal Ruiz G\u00f3mez.\" width=\"245\" height=\"262\" \/>\n<p style=\"text-align: justify;\">Ciudad Ju\u00e1rez tiene dos fuerzas poderosas en materia de carburantes. Los Zaragoza y los De la Vega.<\/p>\n<p><!--more--><\/p>\n<p style=\"text-align: justify;\">Y para hacer un enfoque m\u00e1s preciso, concretamente estar\u00edan en pugna, Guadalupe de la Vega y Pedro Zaragoza, frente a frente.<\/p>\n<p style=\"text-align: justify;\">Hay otros gasolineros, como los Berm\u00fadez, pero los gallones son estas dos familias.<\/p>\n<p style=\"text-align: justify;\">Los otros, aunque en mont\u00f3n, no tienen el poder econ\u00f3mico de los anteriores, en bola, \u00abact\u00faan como &#8216;El C\u00e1rtel\u2019 de los expendedores de gasolinas en la frontera\u00bb.<\/p>\n<p style=\"text-align: justify;\">As\u00ed los calific\u00f3 la propia Guadalupe de la Vega, grupo que estar\u00eda conformado por las marcas GasPro, Bip-Gas, Gasomex, Total Gas, Servicio Cuatro Caminos, Grupo Gocalvi y Administraci\u00f3n de Gasolina Norponiente.<\/p>\n<p style=\"text-align: justify;\">Desde que Andr\u00e9s Manuel L\u00f3pez Obrador comenz\u00f3 a controlar el da\u00f1o que han causado los huachicoleros, la descomposici\u00f3n nacional comenz\u00f3 a expeler aromas f\u00e9tidos.<\/p>\n<p style=\"text-align: justify;\">Y uno de los olores m\u00e1s nauseabundos, lo significa el de la gasolina. Detr\u00e1s del apret\u00f3n al huachicol, se fueron recrudeciendo los enojos, luego las irritaciones, hasta llegar a la ira.<\/p>\n<p style=\"text-align: justify;\">Desatando una guerra de poder entre el aluvi\u00f3n de gaseros, contra la marca ARCO, representada por Lupita de la Vega.<\/p>\n<p style=\"text-align: justify;\">El primer flamazo contra ARCO fue la clausura de cinco estaciones de servicio.<\/p>\n<p style=\"text-align: justify;\">Y como defensa, promovieron amparo, pero luego del jaloneo jur\u00eddico que se fue a tribunal de alzada, le dieron palo y hasta le andan queriendo aplicar el art\u00edculo 261 de la ley de amparo que a la letra dice:<\/p>\n<p style=\"text-align: justify;\">Art. 261. Se impondr\u00e1 una pena de dos a seis a\u00f1os de prisi\u00f3n y multa de 30 a 300 d\u00edas:<\/p>\n<ol style=\"text-align: justify;\">\n<li>Al quejoso, a su abogado autorizado o ambos si con el prop\u00f3sito de obtener una ventaja procesal indebida, en la demanda afirme hechos falsos o omita los que le contesten en relaci\u00f3n con el acto reclamado, siempre que no se reclamen actos que importen peligro de privaci\u00f3n de la vida, ataques a la libertad personal fuera de procedimiento, incomunicaci\u00f3n, deportaci\u00f3n o expulsi\u00f3n, proscripci\u00f3n o destierro, extradici\u00f3n, desaparici\u00f3n forzada de personas o alguno de los prohibidos por el art\u00edculo 22 de la Constituci\u00f3n Pol\u00edtica de los Estados Unidos Mexicanos, as\u00ed como la incorporaci\u00f3n forzosa al Ej\u00e9rcito, Armada, Fuerza A\u00e9rea nacionales; y<\/li>\n<li>Al quejoso o tercero interesado, a su abogado o a ambos, si en el juicio de amparo presenten testigos o documentos falsos.<\/li>\n<\/ol>\n<p style=\"text-align: justify;\">Esto va para largo, as\u00ed que los espectadores de estos ESCENARIOS, estaremos atentos, con un caj\u00f3n lleno de palomitas.<\/p>\n<p style=\"text-align: justify;\">Hay tiro, \u00a1hay tiro!<\/p>\n<p style=\"text-align: justify;\">Yo cargo mi gasolina en ARCO, porque me rinde m\u00e1s que cuando me surto en las otras. Y mi auto, aunque viejito, no anda cascabeleando.<\/p>\n<p style=\"text-align: justify;\">Ojal\u00e1 dejen de jalonearse y entren al libre mercado sin problemas.<\/p>\n","protected":false},"excerpt":{"rendered":"<p>Ciudad Ju\u00e1rez tiene dos fuerzas poderosas en materia de carburantes. Los Zaragoza y los De la Vega.<\/p>\n","protected":false},"author":6,"featured_media":21567,"comment_status":"open","ping_status":"open","sticky":false,"template":"","format":"standard","meta":{"_acf_changed":false,"_monsterinsights_skip_tracking":false,"slim_seo":{"title":"Guerra de los carburos en CJTown - Opini\u00f3n P\u00fablica","description":"Ciudad Ju\u00e1rez tiene dos fuerzas poderosas en materia de carburantes. Los Zaragoza y los De la Vega. Y para hacer un enfoque m\u00e1s preciso, concretamente estar\u00edan"},"footnotes":""},"categories":[21],"tags":[],"class_list":["post-21568","post","type-post","status-publish","format-standard","has-post-thumbnail","hentry","category-cartapacio"],"acf":[],"_links":{"self":[{"href":"https:\/\/www.opinionpublica.tv\/portada\/wp-json\/wp\/v2\/posts\/21568","targetHints":{"allow":["GET"]}}],"collection":[{"href":"https:\/\/www.opinionpublica.tv\/portada\/wp-json\/wp\/v2\/posts"}],"about":[{"href":"https:\/\/www.opinionpublica.tv\/portada\/wp-json\/wp\/v2\/types\/post"}],"author":[{"embeddable":true,"href":"https:\/\/www.opinionpublica.tv\/portada\/wp-json\/wp\/v2\/users\/6"}],"replies":[{"embeddable":true,"href":"https:\/\/www.opinionpublica.tv\/portada\/wp-json\/wp\/v2\/comments?post=21568"}],"version-history":[{"count":0,"href":"https:\/\/www.opinionpublica.tv\/portada\/wp-json\/wp\/v2\/posts\/21568\/revisions"}],"wp:featuredmedia":[{"embeddable":true,"href":"https:\/\/www.opinionpublica.tv\/portada\/wp-json\/wp\/v2\/media\/21567"}],"wp:attachment":[{"href":"https:\/\/www.opinionpublica.tv\/portada\/wp-json\/wp\/v2\/media?parent=21568"}],"wp:term":[{"taxonomy":"category","embeddable":true,"href":"https:\/\/www.opinionpublica.tv\/portada\/wp-json\/wp\/v2\/categories?post=21568"},{"taxonomy":"post_tag","embeddable":true,"href":"https:\/\/www.opinionpublica.tv\/portada\/wp-json\/wp\/v2\/tags?post=21568"}],"curies":[{"name":"wp","href":"https:\/\/api.w.org\/{rel}","templated":true}]}}