{"id":21511,"date":"2019-11-28T07:00:00","date_gmt":"2019-11-28T06:00:00","guid":{"rendered":"https:\/\/www.opinionpublica.tv\/portada\/2019\/11\/28\/hubo-clases-de-manera-regular-en-nivel-basico-en-juarez\/"},"modified":"2019-11-28T07:00:00","modified_gmt":"2019-11-28T06:00:00","slug":"hubo-clases-de-manera-regular-en-nivel-basico-en-juarez","status":"publish","type":"post","link":"https:\/\/www.opinionpublica.tv\/portada\/hubo-clases-de-manera-regular-en-nivel-basico-en-juarez\/","title":{"rendered":"Hubo clases de manera regular en nivel b\u00e1sico en Ju\u00e1rez"},"content":{"rendered":"<p><img fetchpriority=\"high\" decoding=\"async\" class=\" size-full wp-image-21510\" src=\"https:\/\/www.opinionpublica.tv\/portada\/wp-content\/uploads\/2019\/11\/5e3a3810e2a0e9c3b57e29a460bdd157.jpg\" alt=\"\" class=\"caption\" title=\"El fr\u00edo y la intensa lluvia no afectaron a los estudiantes del nivel b\u00e1sico.\" width=\"1280\" height=\"960\" srcset=\"https:\/\/www.opinionpublica.tv\/portada\/wp-content\/uploads\/2019\/11\/5e3a3810e2a0e9c3b57e29a460bdd157.jpg 1280w, https:\/\/www.opinionpublica.tv\/portada\/wp-content\/uploads\/2019\/11\/5e3a3810e2a0e9c3b57e29a460bdd157-300x225.jpg 300w, https:\/\/www.opinionpublica.tv\/portada\/wp-content\/uploads\/2019\/11\/5e3a3810e2a0e9c3b57e29a460bdd157-1024x768.jpg 1024w, https:\/\/www.opinionpublica.tv\/portada\/wp-content\/uploads\/2019\/11\/5e3a3810e2a0e9c3b57e29a460bdd157-768x576.jpg 768w\" sizes=\"(max-width: 1280px) 100vw, 1280px\" \/><br \/>\n<!--more--><\/p>\n<p style=\"text-align: justify;\"><em>Ciudad Ju\u00e1rez, Chih<\/em>.- La Subsecretar\u00eda de Educaci\u00f3n y Deporte de la Zona Norte report\u00f3 que luego de las condiciones adversas en el estado del tiempo que se presentaron en Ciudad Ju\u00e1rez, las clases en las escuelas del Nivel B\u00e1sico se mantienen con regularidad y sin incidentes graves en los planteles.\u00a0<\/p>\n<p style=\"text-align: justify;\">En general, en todos los niveles de Educaci\u00f3n B\u00e1sica de la localidad, solamente se present\u00f3 una inasistencia del 10% en planteles escolares de preescolar, primaria y secundaria.<\/p>\n<p style=\"text-align: justify;\">Judith Marcela Soto Moreno, subsecretaria de Educaci\u00f3n y Deporte en la Zona Norte, expres\u00f3 que en algunas zonas de la ciudad hab\u00eda dif\u00edcil acceso a las escuelas, pero que las y los estudiantes y docentes s\u00ed pudieron asistir a las clases y que solamente en el turno vespertino de ayer mi\u00e9rcoles fue cuando se present\u00f3 la alerta, pero que durante esta jornada todo est\u00e1 transcurriendo en orden.\u00a0<\/p>\n<p style=\"text-align: justify;\">Asimismo manifest\u00f3 que la dependencia se encuentra en constante comunicaci\u00f3n con la Direcci\u00f3n de Protecci\u00f3n Civil Estatal para mantener informada a la comunidad acad\u00e9mica en caso de que se suscite alguna situaci\u00f3n en particular.<\/p>\n","protected":false},"excerpt":{"rendered":"","protected":false},"author":6,"featured_media":21510,"comment_status":"open","ping_status":"open","sticky":false,"template":"","format":"standard","meta":{"_acf_changed":false,"_monsterinsights_skip_tracking":false,"slim_seo":{"title":"Hubo clases de manera regular en nivel b\u00e1sico en Ju\u00e1rez - Opini\u00f3n P\u00fablica","description":"Ciudad Ju\u00e1rez, Chih .- La Subsecretar\u00eda de Educaci\u00f3n y Deporte de la Zona Norte report\u00f3 que luego de las condiciones adversas en el estado del tiempo que se pre"},"footnotes":""},"categories":[5],"tags":[],"class_list":["post-21511","post","type-post","status-publish","format-standard","has-post-thumbnail","hentry","category-frontera"],"acf":[],"_links":{"self":[{"href":"https:\/\/www.opinionpublica.tv\/portada\/wp-json\/wp\/v2\/posts\/21511","targetHints":{"allow":["GET"]}}],"collection":[{"href":"https:\/\/www.opinionpublica.tv\/portada\/wp-json\/wp\/v2\/posts"}],"about":[{"href":"https:\/\/www.opinionpublica.tv\/portada\/wp-json\/wp\/v2\/types\/post"}],"author":[{"embeddable":true,"href":"https:\/\/www.opinionpublica.tv\/portada\/wp-json\/wp\/v2\/users\/6"}],"replies":[{"embeddable":true,"href":"https:\/\/www.opinionpublica.tv\/portada\/wp-json\/wp\/v2\/comments?post=21511"}],"version-history":[{"count":0,"href":"https:\/\/www.opinionpublica.tv\/portada\/wp-json\/wp\/v2\/posts\/21511\/revisions"}],"wp:featuredmedia":[{"embeddable":true,"href":"https:\/\/www.opinionpublica.tv\/portada\/wp-json\/wp\/v2\/media\/21510"}],"wp:attachment":[{"href":"https:\/\/www.opinionpublica.tv\/portada\/wp-json\/wp\/v2\/media?parent=21511"}],"wp:term":[{"taxonomy":"category","embeddable":true,"href":"https:\/\/www.opinionpublica.tv\/portada\/wp-json\/wp\/v2\/categories?post=21511"},{"taxonomy":"post_tag","embeddable":true,"href":"https:\/\/www.opinionpublica.tv\/portada\/wp-json\/wp\/v2\/tags?post=21511"}],"curies":[{"name":"wp","href":"https:\/\/api.w.org\/{rel}","templated":true}]}}