{"id":21452,"date":"2019-11-20T07:00:00","date_gmt":"2019-11-20T06:00:00","guid":{"rendered":"https:\/\/www.opinionpublica.tv\/portada\/2019\/11\/20\/mexicanos-demandan-a-walmart-por-la-masacre-de-agosto-en-el-paso-texas\/"},"modified":"2019-11-20T07:00:00","modified_gmt":"2019-11-20T06:00:00","slug":"mexicanos-demandan-a-walmart-por-la-masacre-de-agosto-en-el-paso-texas","status":"publish","type":"post","link":"https:\/\/www.opinionpublica.tv\/portada\/mexicanos-demandan-a-walmart-por-la-masacre-de-agosto-en-el-paso-texas\/","title":{"rendered":"Mexicanos demandan a Walmart por la masacre de agosto en El Paso, Texas"},"content":{"rendered":"<p><img fetchpriority=\"high\" decoding=\"async\" class=\" size-full wp-image-21450\" src=\"https:\/\/www.opinionpublica.tv\/portada\/wp-content\/uploads\/2019\/11\/360df16d0e02971a71c46adb353e3a8d.jpg\" alt=\"\" class=\"caption\" title=\"La masacre de Walmart Cielo Vista dej\u00f3 22 personas muertas, ocho era mexicanos.\" width=\"980\" height=\"617\" srcset=\"https:\/\/www.opinionpublica.tv\/portada\/wp-content\/uploads\/2019\/11\/360df16d0e02971a71c46adb353e3a8d.jpg 980w, https:\/\/www.opinionpublica.tv\/portada\/wp-content\/uploads\/2019\/11\/360df16d0e02971a71c46adb353e3a8d-300x189.jpg 300w, https:\/\/www.opinionpublica.tv\/portada\/wp-content\/uploads\/2019\/11\/360df16d0e02971a71c46adb353e3a8d-768x484.jpg 768w\" sizes=\"(max-width: 980px) 100vw, 980px\" \/><br \/>\n<!--more--><\/p>\n<p style=\"text-align: justify;\"><em>El Paso, Texas, EU<\/em>.- Diez ciudadanos mexicanos demandaron a la empresa Walmart Inc. por no tomar las medidas necesarias para proteger a sus clientes durante el ataque a una sucursal en El Paso, Texas el pasado 3 de agosto.<\/p>\n<p style=\"text-align: justify;\">\u201cPor medio de esta demanda, los peticionarios buscan justicia no \u00fanicamente para ellos, sino tambi\u00e9n seguridad para el p\u00fablico en general\u201d, precis\u00f3 la canciller\u00eda mexicana.<\/p>\n<p style=\"text-align: justify;\">En dicho ataque en la sucursal Cielo Vista, al que el gobierno mexicano catalog\u00f3 de terrorista, murieron 22 personas, entre ellas ocho mexicanas, adem\u00e1s de dejar el mismo n\u00famero de connacionales heridos.<\/p>\n<p style=\"text-align: justify;\"><img decoding=\"async\" class=\" size-full wp-image-21451\" src=\"https:\/\/www.opinionpublica.tv\/portada\/wp-content\/uploads\/2019\/11\/walmart.png\" width=\"1024\" height=\"600\" srcset=\"https:\/\/www.opinionpublica.tv\/portada\/wp-content\/uploads\/2019\/11\/walmart.png 1024w, https:\/\/www.opinionpublica.tv\/portada\/wp-content\/uploads\/2019\/11\/walmart-300x176.png 300w, https:\/\/www.opinionpublica.tv\/portada\/wp-content\/uploads\/2019\/11\/walmart-768x450.png 768w\" sizes=\"(max-width: 1024px) 100vw, 1024px\" \/><\/p>\n<p style=\"text-align: justify;\">La informaci\u00f3n fue dada a conocer por la Secretar\u00eda de Relaciones Exteriores (SRE) a trav\u00e9s de un\u00a0comunicado\u00a0en donde, adem\u00e1s, precis\u00f3 que la firma de abogados Lynn Coyle es la firma seleccionada por el gobierno mexicano para representar los intereses de las v\u00edctimas y el de sus familias.<\/p>\n<p style=\"text-align: justify;\">Dicha firma fue seleccionada luego de la muerte del abogado Enrique Moreno, quien fue el primer representante legal.<\/p>\n<p style=\"text-align: justify;\">Sin embargo, la empresa y el litigante ya trabajaban juntos.<\/p>\n<p style=\"text-align: justify;\">Asimismo, la Secretar\u00eda de Relaciones Exteriores asegur\u00f3 que contin\u00faa trabajando para evitar que casos como el del ataque contra connacionales del 3 de agosto se repitan y reparar los da\u00f1os a las v\u00edctimas.<\/p>\n","protected":false},"excerpt":{"rendered":"","protected":false},"author":6,"featured_media":21450,"comment_status":"open","ping_status":"open","sticky":false,"template":"","format":"standard","meta":{"_acf_changed":false,"_monsterinsights_skip_tracking":false,"slim_seo":{"title":"Mexicanos demandan a Walmart por la masacre de agosto en El Paso, Texas - Opini\u00f3n P\u00fablica","description":"El Paso, Texas, EU .- Diez ciudadanos mexicanos demandaron a la empresa Walmart Inc. por no tomar las medidas necesarias para proteger a sus clientes durante el"},"footnotes":""},"categories":[3],"tags":[],"class_list":["post-21452","post","type-post","status-publish","format-standard","has-post-thumbnail","hentry","category-principal"],"acf":[],"_links":{"self":[{"href":"https:\/\/www.opinionpublica.tv\/portada\/wp-json\/wp\/v2\/posts\/21452","targetHints":{"allow":["GET"]}}],"collection":[{"href":"https:\/\/www.opinionpublica.tv\/portada\/wp-json\/wp\/v2\/posts"}],"about":[{"href":"https:\/\/www.opinionpublica.tv\/portada\/wp-json\/wp\/v2\/types\/post"}],"author":[{"embeddable":true,"href":"https:\/\/www.opinionpublica.tv\/portada\/wp-json\/wp\/v2\/users\/6"}],"replies":[{"embeddable":true,"href":"https:\/\/www.opinionpublica.tv\/portada\/wp-json\/wp\/v2\/comments?post=21452"}],"version-history":[{"count":0,"href":"https:\/\/www.opinionpublica.tv\/portada\/wp-json\/wp\/v2\/posts\/21452\/revisions"}],"wp:featuredmedia":[{"embeddable":true,"href":"https:\/\/www.opinionpublica.tv\/portada\/wp-json\/wp\/v2\/media\/21450"}],"wp:attachment":[{"href":"https:\/\/www.opinionpublica.tv\/portada\/wp-json\/wp\/v2\/media?parent=21452"}],"wp:term":[{"taxonomy":"category","embeddable":true,"href":"https:\/\/www.opinionpublica.tv\/portada\/wp-json\/wp\/v2\/categories?post=21452"},{"taxonomy":"post_tag","embeddable":true,"href":"https:\/\/www.opinionpublica.tv\/portada\/wp-json\/wp\/v2\/tags?post=21452"}],"curies":[{"name":"wp","href":"https:\/\/api.w.org\/{rel}","templated":true}]}}