{"id":21449,"date":"2019-11-20T07:00:00","date_gmt":"2019-11-20T06:00:00","guid":{"rendered":"https:\/\/www.opinionpublica.tv\/portada\/2019\/11\/20\/ya-es-oficial-el-fin-de-las-zonas-economicas-especiales\/"},"modified":"2019-11-20T07:00:00","modified_gmt":"2019-11-20T06:00:00","slug":"ya-es-oficial-el-fin-de-las-zonas-economicas-especiales","status":"publish","type":"post","link":"https:\/\/www.opinionpublica.tv\/portada\/ya-es-oficial-el-fin-de-las-zonas-economicas-especiales\/","title":{"rendered":"Ya es oficial el fin de las Zonas Econ\u00f3micas Especiales"},"content":{"rendered":"<p><img fetchpriority=\"high\" decoding=\"async\" class=\" size-full wp-image-21448\" src=\"https:\/\/www.opinionpublica.tv\/portada\/wp-content\/uploads\/2019\/11\/93fcd7b0dfd43cfae13a90d3f4af3ba3.jpg\" alt=\"\" class=\"caption\" title=\"Las Zonas Econ\u00f3micas Especiales ya desaparecieron por decreto presidencial.\" width=\"760\" height=\"430\" srcset=\"https:\/\/www.opinionpublica.tv\/portada\/wp-content\/uploads\/2019\/11\/93fcd7b0dfd43cfae13a90d3f4af3ba3.jpg 760w, https:\/\/www.opinionpublica.tv\/portada\/wp-content\/uploads\/2019\/11\/93fcd7b0dfd43cfae13a90d3f4af3ba3-300x170.jpg 300w\" sizes=\"(max-width: 760px) 100vw, 760px\" \/><br \/>\n<!--more--><\/p>\n<p style=\"text-align: justify;\"><em>Ciudad de M\u00e9xico<\/em>.- El gobierno de Andr\u00e9s Manuel L\u00f3pez Obrador elimin\u00f3 oficialmente las Zonas Econ\u00f3micas Especiales (ZEE), el principal proyecto regional del sexenio de Enrique Pe\u00f1a Nieto.<\/p>\n<p style=\"text-align: justify;\">En el Diario Oficial de la Federaci\u00f3n (DOF) se public\u00f3 el Decreto por el que se Abrogan los Diversos de Declaratorias de las ZEE de Puerto Chiapas, de Coatzacoalcos, de L\u00e1zaro C\u00e1rdenas-La Uni\u00f3n, de Progreso, de Salina Cruz, de Campeche y de Tabasco, publicados el 29 de septiembre y 19 de diciembre, ambos del 2017, y el 18 de abril del 2018.<\/p>\n<p style=\"text-align: justify;\">\u201cCon las referidas declaratorias, de conformidad con el art\u00edculo 8 de la Ley Federal de Zonas Econ\u00f3micas Especiales, se delimit\u00f3 el pol\u00edgono territorial donde se establecer\u00edan las secciones, as\u00ed como el \u00c1rea de Influencia de cada zona; los beneficios e incentivos fiscales y el r\u00e9gimen aduanero aplicables exclusivamente en las zonas correspondientes, y se previeron los dem\u00e1s supuestos que establecen la propia ley y su reglamento\u201d, se lee en el decreto.<\/p>\n<p style=\"text-align: justify;\">Las ZEE se establecieron con el objeto de impulsar el crecimiento econ\u00f3mico sostenible que, entre otros fines, reduzca la pobreza; permita la provisi\u00f3n de servicios b\u00e1sicos y expanda las oportunidades para vidas saludables y productivas, en las regiones del pa\u00eds que tengan mayores rezagos en el desarrollo social a trav\u00e9s del fomento a la inversi\u00f3n, la productividad, la competitividad, el empleo y una mejor distribuci\u00f3n del ingreso entre la poblaci\u00f3n.<\/p>\n<p style=\"text-align: justify;\">Sin embargo, desde sus declaratorias, las ZEE \u201cno han podido operar, en virtud de que a la fecha no se ha otorgado permiso o asignaci\u00f3n alguno como administrador integral por no haberse cumplido los requisitos legales. Es de destacar que de conformidad con el art\u00edculo 19 de la Ley Federal de Zonas Econ\u00f3micas Especiales, los permisos y asignaciones son indispensables para la construcci\u00f3n, desarrollo, administraci\u00f3n y mantenimiento de las zonas\u201d.<\/p>\n<p style=\"text-align: justify;\">Por lo anterior, argumenta el actual gobierno federal, la Autoridad Federal para el Desarrollo de las Zonas Econ\u00f3micas Especiales (AFDZEE) no ha otorgado autorizaci\u00f3n alguna para fungir como inversionista dentro de las ZEE, mientras por parte de las entidades y los municipios, no se han reportado inversiones p\u00fablicas productivas y de equipamiento urbano para el desarrollo de las zonas y sus \u00e1reas de influencia.<\/p>\n<p style=\"text-align: justify;\">Otros de los motivos para cancelar las ZEE es que los firmantes de los convenios de coordinaci\u00f3n con las entidades no han realizado compromiso alguno; no se registran inversiones y el establecimiento de empresas; y, al corte del pasado 16 de octubre, las zonas no han podido iniciar operaciones.<\/p>\n<p style=\"text-align: justify;\">La Federaci\u00f3n se\u00f1ala la necesidad de reorientar el modelo de desarrollo regional del pa\u00eds, considerando para ello el Plan Nacional de Desarrollo 2019-2024, que incluye tres grandes obras regionales: el Tren Maya, el Programa para el Desarrollo del Istmo de Tehuantepec y el Programa Zona Libre de la Frontera Norte.<\/p>\n<p style=\"text-align: justify;\">\u201cTomando en cuenta que a la fecha no se encuentran operando las Zonas Econ\u00f3micas Especiales, se considera necesario hacer m\u00e1s eficiente la utilizaci\u00f3n de los recursos p\u00fablicos e impulsar el crecimiento econ\u00f3mico sostenible, replanteando condiciones que hagan propicio el desarrollo y bienestar colectivo bajo una pol\u00edtica de austeridad y racionalidad\u201d, agrega el decreto.<\/p>\n<p style=\"text-align: justify;\">Antecedente<\/p>\n<p style=\"text-align: justify;\">En marzo de este a\u00f1o, El Economista dio a conocer que el proyecto de ZEE podr\u00eda desaparecer con el actual gobierno federal. Fue Rafael Mar\u00edn Mollinedo, en aquel entonces jefe de la AFDZEE, quien explic\u00f3 que se estaba analizando si desaparecer\u00edan, debido a que no estaban cumpliendo su cometido de reducir las brechas regionales.<\/p>\n<p style=\"text-align: justify;\">Ser\u00eda para abril, que en conferencia de prensa en Palacio Nacional, L\u00f3pez Obrador confirmara la cancelaci\u00f3n del proyecto.<\/p>\n<p style=\"text-align: justify;\">Las siete ZEE se encontraban en L\u00e1zaro C\u00e1rdenas-La Uni\u00f3n (Michoac\u00e1n y Guerrero), Coatzacoalcos (Veracruz), Salina Cruz (Oaxaca), Puerto Chiapas (Chiapas), Progreso (Yucat\u00e1n), Seybaplaya (Campeche) y Dos Bocas (Tabasco).<\/p>\n<p style=\"text-align: justify;\">El potencial de inversiones a largo plazo de las ZEE era de 42,287 millones de d\u00f3lares y la creaci\u00f3n de 367,909 puestos de trabajo. (El Economista)<\/p>\n","protected":false},"excerpt":{"rendered":"","protected":false},"author":6,"featured_media":21448,"comment_status":"open","ping_status":"open","sticky":false,"template":"","format":"standard","meta":{"_acf_changed":false,"_monsterinsights_skip_tracking":false,"slim_seo":{"title":"Ya es oficial el fin de las Zonas Econ\u00f3micas Especiales - Opini\u00f3n P\u00fablica","description":"Ciudad de M\u00e9xico .- El gobierno de Andr\u00e9s Manuel L\u00f3pez Obrador elimin\u00f3 oficialmente las Zonas Econ\u00f3micas Especiales (ZEE), el principal proyecto regional del se"},"footnotes":""},"categories":[9],"tags":[],"class_list":["post-21449","post","type-post","status-publish","format-standard","has-post-thumbnail","hentry","category-nacional"],"acf":[],"_links":{"self":[{"href":"https:\/\/www.opinionpublica.tv\/portada\/wp-json\/wp\/v2\/posts\/21449","targetHints":{"allow":["GET"]}}],"collection":[{"href":"https:\/\/www.opinionpublica.tv\/portada\/wp-json\/wp\/v2\/posts"}],"about":[{"href":"https:\/\/www.opinionpublica.tv\/portada\/wp-json\/wp\/v2\/types\/post"}],"author":[{"embeddable":true,"href":"https:\/\/www.opinionpublica.tv\/portada\/wp-json\/wp\/v2\/users\/6"}],"replies":[{"embeddable":true,"href":"https:\/\/www.opinionpublica.tv\/portada\/wp-json\/wp\/v2\/comments?post=21449"}],"version-history":[{"count":0,"href":"https:\/\/www.opinionpublica.tv\/portada\/wp-json\/wp\/v2\/posts\/21449\/revisions"}],"wp:featuredmedia":[{"embeddable":true,"href":"https:\/\/www.opinionpublica.tv\/portada\/wp-json\/wp\/v2\/media\/21448"}],"wp:attachment":[{"href":"https:\/\/www.opinionpublica.tv\/portada\/wp-json\/wp\/v2\/media?parent=21449"}],"wp:term":[{"taxonomy":"category","embeddable":true,"href":"https:\/\/www.opinionpublica.tv\/portada\/wp-json\/wp\/v2\/categories?post=21449"},{"taxonomy":"post_tag","embeddable":true,"href":"https:\/\/www.opinionpublica.tv\/portada\/wp-json\/wp\/v2\/tags?post=21449"}],"curies":[{"name":"wp","href":"https:\/\/api.w.org\/{rel}","templated":true}]}}