{"id":21447,"date":"2019-11-20T07:00:00","date_gmt":"2019-11-20T06:00:00","guid":{"rendered":"https:\/\/www.opinionpublica.tv\/portada\/2019\/11\/20\/nombra-corral-a-manuel-del-castillo-como-coordinador-de-comunicacion-social\/"},"modified":"2019-11-20T07:00:00","modified_gmt":"2019-11-20T06:00:00","slug":"nombra-corral-a-manuel-del-castillo-como-coordinador-de-comunicacion-social","status":"publish","type":"post","link":"https:\/\/www.opinionpublica.tv\/portada\/nombra-corral-a-manuel-del-castillo-como-coordinador-de-comunicacion-social\/","title":{"rendered":"Nombran a Manuel del Castillo en Comunicaci\u00f3n Social"},"content":{"rendered":"<p><img fetchpriority=\"high\" decoding=\"async\" class=\" size-full wp-image-21446\" src=\"https:\/\/www.opinionpublica.tv\/portada\/wp-content\/uploads\/2019\/11\/bff6bf3dc49857df83a582ccfe56dc65.jpg\" alt=\"\" class=\"caption\" title=\"Manuel del Castillo Escalante y el gobernador Javier Corral.\" width=\"1824\" height=\"1216\" srcset=\"https:\/\/www.opinionpublica.tv\/portada\/wp-content\/uploads\/2019\/11\/bff6bf3dc49857df83a582ccfe56dc65.jpg 1824w, https:\/\/www.opinionpublica.tv\/portada\/wp-content\/uploads\/2019\/11\/bff6bf3dc49857df83a582ccfe56dc65-300x200.jpg 300w, https:\/\/www.opinionpublica.tv\/portada\/wp-content\/uploads\/2019\/11\/bff6bf3dc49857df83a582ccfe56dc65-1024x683.jpg 1024w, https:\/\/www.opinionpublica.tv\/portada\/wp-content\/uploads\/2019\/11\/bff6bf3dc49857df83a582ccfe56dc65-768x512.jpg 768w, https:\/\/www.opinionpublica.tv\/portada\/wp-content\/uploads\/2019\/11\/bff6bf3dc49857df83a582ccfe56dc65-1536x1024.jpg 1536w\" sizes=\"(max-width: 1824px) 100vw, 1824px\" \/><br \/>\n<!--more--><\/p>\n<p style=\"text-align: justify;\"><em>Chihuahua, Chih<\/em>.- Manuel Del Castillo Escalante, periodista con 39 a\u00f1os de experiencia en distintos medios de comunicaci\u00f3n fue nombrado por el gobernador Javier Corral Jurado, nuevo coordinador de Comunicaci\u00f3n Social de Gobierno del Estado.<\/p>\n<p style=\"text-align: justify;\">El mandatario le tom\u00f3 la protesta de ley en el Sal\u00f3n Gobernadores y le encomend\u00f3 establecer una comunicaci\u00f3n directa y abierta con los periodistas, adem\u00e1s de articular la nueva estrategia de comunicaci\u00f3n social, luego de la salida de Mar\u00eda Jos\u00e9 Valles Medina.<\/p>\n<p style=\"text-align: justify;\">Del Castillo estudi\u00f3 Periodismo en la Universidad de Texas en El Paso y es licenciado en Derecho por la Universidad Aut\u00f3noma de Ciudad Ju\u00e1rez.<\/p>\n<p style=\"text-align: justify;\">De 61 a\u00f1os, el nuevo coordinador inici\u00f3 su carrera period\u00edstica en 1981 en Canal 44 de Ciudad Ju\u00e1rez, donde comenz\u00f3 como reportero y lleg\u00f3 a ser director de Noticias, funci\u00f3n que luego desempe\u00f1\u00f3 tambi\u00e9n en Televisa a nivel estatal y en Radio Net.<\/p>\n<p style=\"text-align: justify;\">Desde entonces dirigi\u00f3 espacios de noticieros en radio, televisi\u00f3n y prensa escrita y en distintos momentos fungi\u00f3 tambi\u00e9n como jefe de prensa en instancias\u00a0 privadas y p\u00fablicas, experiencia que lo llev\u00f3 a ser a director de Comunicaci\u00f3n Social de la Procuradur\u00eda General de la Rep\u00fablica en Ju\u00e1rez, director de Comunicaci\u00f3n Social Zona Norte de Gobierno del Estado y secretario de Comunicaci\u00f3n Social en el Gobierno Municipal.<\/p>\n<p style=\"text-align: justify;\">\u201cDebo decir que desde entonces, precisamente desde aquella d\u00e9cada de los ochenta cuando empezaba el Canal 44, yo he tenido el privilegio de conocer a Manuel y de entablar una relaci\u00f3n de respeto, de afecto y de amistad\u201d, expres\u00f3 el gobernador.<\/p>\n<p style=\"text-align: justify;\">El mandatario dio a conocer que Manuel del Castillo tambi\u00e9n fue presidente de la Asociaci\u00f3n de Periodistas y detall\u00f3 que dirigi\u00f3 la oficina de comunicaci\u00f3n de la Operaci\u00f3n Coordinada Chihuahua en los a\u00f1os aciagos de la violencia y la delincuencia en la frontera.<\/p>\n<p style=\"text-align: justify;\">\u201cLa encomienda es establecer con todos ustedes una relaci\u00f3n cercana y directa, que sirva al derecho a la informaci\u00f3n que tiene todas y todos los chihuahuenses y por supuesto que le he facultado para que en el desempe\u00f1o de su nueva responsabilidad genere las directrices, as\u00ed como los cambios y la reorganizaci\u00f3n de lo que \u00e9l considere que debe ser modificado para beneficio de la comunicaci\u00f3n y de la informaci\u00f3n\u201d, agreg\u00f3 Corral.<\/p>\n","protected":false},"excerpt":{"rendered":"","protected":false},"author":6,"featured_media":21446,"comment_status":"open","ping_status":"open","sticky":false,"template":"","format":"standard","meta":{"_acf_changed":false,"_monsterinsights_skip_tracking":false,"slim_seo":{"title":"Nombran a Manuel del Castillo en Comunicaci\u00f3n Social - Opini\u00f3n P\u00fablica","description":"Chihuahua, Chih .- Manuel Del Castillo Escalante, periodista con 39 a\u00f1os de experiencia en distintos medios de comunicaci\u00f3n fue nombrado por el gobernador Javie"},"footnotes":""},"categories":[4],"tags":[],"class_list":["post-21447","post","type-post","status-publish","format-standard","has-post-thumbnail","hentry","category-pulsopolitico"],"acf":[],"_links":{"self":[{"href":"https:\/\/www.opinionpublica.tv\/portada\/wp-json\/wp\/v2\/posts\/21447","targetHints":{"allow":["GET"]}}],"collection":[{"href":"https:\/\/www.opinionpublica.tv\/portada\/wp-json\/wp\/v2\/posts"}],"about":[{"href":"https:\/\/www.opinionpublica.tv\/portada\/wp-json\/wp\/v2\/types\/post"}],"author":[{"embeddable":true,"href":"https:\/\/www.opinionpublica.tv\/portada\/wp-json\/wp\/v2\/users\/6"}],"replies":[{"embeddable":true,"href":"https:\/\/www.opinionpublica.tv\/portada\/wp-json\/wp\/v2\/comments?post=21447"}],"version-history":[{"count":0,"href":"https:\/\/www.opinionpublica.tv\/portada\/wp-json\/wp\/v2\/posts\/21447\/revisions"}],"wp:featuredmedia":[{"embeddable":true,"href":"https:\/\/www.opinionpublica.tv\/portada\/wp-json\/wp\/v2\/media\/21446"}],"wp:attachment":[{"href":"https:\/\/www.opinionpublica.tv\/portada\/wp-json\/wp\/v2\/media?parent=21447"}],"wp:term":[{"taxonomy":"category","embeddable":true,"href":"https:\/\/www.opinionpublica.tv\/portada\/wp-json\/wp\/v2\/categories?post=21447"},{"taxonomy":"post_tag","embeddable":true,"href":"https:\/\/www.opinionpublica.tv\/portada\/wp-json\/wp\/v2\/tags?post=21447"}],"curies":[{"name":"wp","href":"https:\/\/api.w.org\/{rel}","templated":true}]}}