{"id":21445,"date":"2019-11-20T07:00:00","date_gmt":"2019-11-20T06:00:00","guid":{"rendered":"https:\/\/www.opinionpublica.tv\/portada\/2019\/11\/20\/accion-afirmativa-tropicalizada\/"},"modified":"2019-11-20T07:00:00","modified_gmt":"2019-11-20T06:00:00","slug":"accion-afirmativa-tropicalizada","status":"publish","type":"post","link":"https:\/\/www.opinionpublica.tv\/portada\/accion-afirmativa-tropicalizada\/","title":{"rendered":"Acci\u00f3n afirmativa tropicalizada"},"content":{"rendered":"<img fetchpriority=\"high\" decoding=\"async\" class=\" size-full wp-image-21444\" src=\"https:\/\/www.opinionpublica.tv\/portada\/wp-content\/uploads\/2019\/11\/be3e18bbfc931ef40bf1c72212a209c7.jpg\" alt=\"\" class=\"caption\" title=\"Jorge G. Casta\u00f1eda.\" width=\"225\" height=\"225\" srcset=\"https:\/\/www.opinionpublica.tv\/portada\/wp-content\/uploads\/2019\/11\/be3e18bbfc931ef40bf1c72212a209c7.jpg 225w, https:\/\/www.opinionpublica.tv\/portada\/wp-content\/uploads\/2019\/11\/be3e18bbfc931ef40bf1c72212a209c7-150x150.jpg 150w\" sizes=\"(max-width: 225px) 100vw, 225px\" \/>\n<p style=\"text-align: justify;\">Una vez m\u00e1s, L\u00f3pez Obrador ha echado a andar un debate nacional sobre un tema importante, pero de la peor manera, y sin saber muy bien de lo que habla. Me refiero a su propuesta de entregar apoyos, a partir de ahora, a los adultos mayores a partir de los 68 a\u00f1os \u2014si son mestizos\u2014 y a los 65 \u2014si son ind\u00edgenas.<\/p>\n<p><!--more--><\/p>\n<p style=\"text-align: justify;\">Aunque esto excluye inconscientemente a quienes no son lo uno ni lo otro \u2014<em>lapsus<\/em>\u00a0freudiano, sin duda\u2014 plantea una discusi\u00f3n interesante sobre la acci\u00f3n afirmativa en M\u00e9xico.<\/p>\n<p style=\"text-align: justify;\">Quienes han rechazado de entrada la propuesta de AMLO en esta materia, tild\u00e1ndola de racista o de divisiva, olvidan que uno de los principios del derecho, de la pol\u00edtica social, y de las pol\u00edticas p\u00fablicas en general en los pa\u00edses democr\u00e1ticos, es el trato desigual a desiguales.<\/p>\n<p style=\"text-align: justify;\">Justamente porque determinados sectores de la sociedad \u2014minor\u00edas \u00e9tnicas, regionales, raciales, ling\u00fc\u00edsticas, o mujeres\u2014 han padecido exclusiones, discriminaci\u00f3n, genocidio, esclavitud o simple marginaci\u00f3n, en varios pa\u00edses se ha intentado reparar el da\u00f1o, y corregir la situaci\u00f3n.<\/p>\n<p style=\"text-align: justify;\">Los partidarios de L\u00f3pez Obrador tienen raz\u00f3n en este sentido. Entregarle un estipendio superior a un grupo desfavorecido de la sociedad mexicana puede ser asimilado, superficialmente, a la acci\u00f3n afirmativa a favor de los afroamericanos o latinos en Estados Unidos, de los miembros de castas oprimidas en la India, de franceses de origen \u00e1rabe, o de afrodescendientes en Brasil, por ejemplo.<\/p>\n<p style=\"text-align: justify;\">El dilema de c\u00f3mo identificar a los beneficiarios leg\u00edtimos y potenciales de dicho trato discriminatorio positivo se resuelve f\u00e1cilmente, tanto en los pa\u00edses mencionados como en aquellos firmantes de convenios de la OIT, como en M\u00e9xico. La soluci\u00f3n radica en la auto identificaci\u00f3n: es negro en Estados Unidos quien as\u00ed se declara, denomina o se identifica.<\/p>\n<p style=\"text-align: justify;\">En ocasiones esta v\u00eda encierra abusos o ambig\u00fcedades: el caso de una ex dirigente de la NAACP, la principal organizaci\u00f3n de color en Estados Unidos, que era blanca pero se sent\u00eda afroamericana, o de Elizabeth Warren, quien se catalog\u00f3 como parcialmente Cherokee en algunos documentos de joven. Ni modo. Hasta aqu\u00ed, quienes apoyan esta tesis de AMLO est\u00e1n en lo cierto.<\/p>\n<p style=\"text-align: justify;\">Donde ya no aciertan es en el dise\u00f1o de la pol\u00edtica p\u00fablica en cuesti\u00f3n. En todos los pa\u00edses citados, y algunos m\u00e1s, la acci\u00f3n afirmativa, cuando es constitucional \u2014y en varios ha sido descartada por no serlo\u2014 se concentra en tres rubros: educaci\u00f3n, vivienda y empleo.<\/p>\n<p style=\"text-align: justify;\">En las universidades p\u00fablicas o privadas que reciben financiamiento p\u00fablico y con admisiones selectivas, como las instituciones de educaci\u00f3n superior en todas partes, se supone que dichas instituciones deben realizar un esfuerzo especial \u2014afirmativo, o proactivo\u2014 para admitir a estudiantes pertenecientes a minor\u00edas discriminadas, o mujeres, sin llegar a un sistema de cuotas. El prop\u00f3sito es doble: corregir una desigualdad previa y duradera, por un lado, y construir una mayor diversidad para evitar desigualdades futuras, por otro.<\/p>\n<p style=\"text-align: justify;\">Los mismos criterios existen en el empleo gubernamental \u2014si dos candidatos con capacidades iguales compiten por un mismo cargo, debe recibirlo el o la que proviene de una minor\u00eda discriminada o es mujer\u2014 y en la vivienda p\u00fablica o subsidiada. En algunos casos, tambi\u00e9n se aplica la acci\u00f3n afirmativa en el otorgamiento de cr\u00e9ditos a PYMES: una empresa propiedad de minor\u00edas o mujeres debe tener un acceso preferencial. Existen sin duda otros rubros, pero, en lo fundamental se trata de\u00a0<em>oportunidades<\/em>: se busca igualarlas, a trav\u00e9s de un \u00e9nfasis desigual, para corregir desigualdades anteriores.<\/p>\n<p style=\"text-align: justify;\">Que yo sepa, no hay pa\u00edses donde las pensiones, o alg\u00fan tipo de estipendios \u2014<em>Bolsa familia<\/em>\u00a0en Brasil, por ejemplo\u2014 o un ingreso b\u00e1sico universal, o un impuesto sobre la renta negativo (EITC) en Estados Unidos, se aplique de manera desigual en funci\u00f3n de etnias o razas.<\/p>\n<p style=\"text-align: justify;\">Obviamente, los programas de combate a la pobreza son discriminatorios: se aplican a los pobres. Y existen programas especiales para los adultos mayores en muchos pa\u00edses; el\u00a0<em>Medicare<\/em>\u00a0de Estados Unidos es el m\u00e1s cercano.<\/p>\n<p style=\"text-align: justify;\">Pero dif\u00edcilmente se encontrar\u00e1 una acci\u00f3n afirmativa basada \u00fanicamente en consideraciones \u00e9tnicas o raciales y que implique una entrega en especie superior. AMLO ignora estas consideraciones, y sus partidarios hacen caso omiso del mito mexicano del mestizaje. Tal vez ya convenga defenestrarlo.<\/p>\n","protected":false},"excerpt":{"rendered":"<p>Una vez m\u00e1s, L\u00f3pez Obrador ha echado a andar un debate nacional sobre un tema importante, pero de la peor manera, y sin saber muy bien de lo que habla. Me refiero a su propuesta de entregar apoyos, a partir de ahora, a los adultos mayores a partir de los 68 a\u00f1os \u2014si son mestizos\u2014 [&hellip;]<\/p>\n","protected":false},"author":6,"featured_media":21444,"comment_status":"open","ping_status":"open","sticky":false,"template":"","format":"standard","meta":{"_acf_changed":false,"_monsterinsights_skip_tracking":false,"slim_seo":{"title":"Acci\u00f3n afirmativa tropicalizada - Opini\u00f3n P\u00fablica","description":"Una vez m\u00e1s, L\u00f3pez Obrador ha echado a andar un debate nacional sobre un tema importante, pero de la peor manera, y sin saber muy bien de lo que habla. Me refie"},"footnotes":""},"categories":[18],"tags":[],"class_list":["post-21445","post","type-post","status-publish","format-standard","has-post-thumbnail","hentry","category-castaneda-opina"],"acf":[],"_links":{"self":[{"href":"https:\/\/www.opinionpublica.tv\/portada\/wp-json\/wp\/v2\/posts\/21445","targetHints":{"allow":["GET"]}}],"collection":[{"href":"https:\/\/www.opinionpublica.tv\/portada\/wp-json\/wp\/v2\/posts"}],"about":[{"href":"https:\/\/www.opinionpublica.tv\/portada\/wp-json\/wp\/v2\/types\/post"}],"author":[{"embeddable":true,"href":"https:\/\/www.opinionpublica.tv\/portada\/wp-json\/wp\/v2\/users\/6"}],"replies":[{"embeddable":true,"href":"https:\/\/www.opinionpublica.tv\/portada\/wp-json\/wp\/v2\/comments?post=21445"}],"version-history":[{"count":0,"href":"https:\/\/www.opinionpublica.tv\/portada\/wp-json\/wp\/v2\/posts\/21445\/revisions"}],"wp:featuredmedia":[{"embeddable":true,"href":"https:\/\/www.opinionpublica.tv\/portada\/wp-json\/wp\/v2\/media\/21444"}],"wp:attachment":[{"href":"https:\/\/www.opinionpublica.tv\/portada\/wp-json\/wp\/v2\/media?parent=21445"}],"wp:term":[{"taxonomy":"category","embeddable":true,"href":"https:\/\/www.opinionpublica.tv\/portada\/wp-json\/wp\/v2\/categories?post=21445"},{"taxonomy":"post_tag","embeddable":true,"href":"https:\/\/www.opinionpublica.tv\/portada\/wp-json\/wp\/v2\/tags?post=21445"}],"curies":[{"name":"wp","href":"https:\/\/api.w.org\/{rel}","templated":true}]}}