{"id":21433,"date":"2019-11-19T07:00:00","date_gmt":"2019-11-19T06:00:00","guid":{"rendered":"https:\/\/www.opinionpublica.tv\/portada\/2019\/11\/19\/acusan-simulacion-en-consulta-sobre-tren-maya\/"},"modified":"2019-11-19T07:00:00","modified_gmt":"2019-11-19T06:00:00","slug":"acusan-simulacion-en-consulta-sobre-tren-maya","status":"publish","type":"post","link":"https:\/\/www.opinionpublica.tv\/portada\/acusan-simulacion-en-consulta-sobre-tren-maya\/","title":{"rendered":"Acusan simulaci\u00f3n en consulta sobre \u2018Tren Maya\u2019"},"content":{"rendered":"<p><img fetchpriority=\"high\" decoding=\"async\" class=\" size-full wp-image-21432\" src=\"https:\/\/www.opinionpublica.tv\/portada\/wp-content\/uploads\/2019\/11\/3f6cd9917d714abae7ef1edb995940fb.jpg\" alt=\"\" class=\"caption\" title=\"El 'Tren Maya' es uno de los proyectos emblem\u00e1ticos del presidente L\u00f3pez Obrador.\" width=\"550\" height=\"290\" srcset=\"https:\/\/www.opinionpublica.tv\/portada\/wp-content\/uploads\/2019\/11\/3f6cd9917d714abae7ef1edb995940fb.jpg 550w, https:\/\/www.opinionpublica.tv\/portada\/wp-content\/uploads\/2019\/11\/3f6cd9917d714abae7ef1edb995940fb-300x158.jpg 300w\" sizes=\"(max-width: 550px) 100vw, 550px\" \/><br \/>\n<!--more--><\/p>\n<p style=\"text-align: justify;\"><em>Quintana Roo<\/em>.- Organizaciones civiles de Campeche, Quintana Roo y Yucat\u00e1n rechazaron la consulta sobre el Tren Maya que el Gobierno federal anunci\u00f3 para el 14 y el 15 diciembre, por considerarla una farsa.<\/p>\n<p style=\"text-align: justify;\">\u201cGracias a su tren, ya hay personas vendiendo sus tierras a empresarios por precios irrisorios. Su dizque proyecto ya nos est\u00e1 lastimando y todav\u00eda no se empieza a construir.<\/p>\n<p style=\"text-align: justify;\">\u201cNo queremos una simulada consulta de 15 d\u00edas. Esto es una farsa, una burla para nosotros y las claras vulneraciones a nuestras autonom\u00edas, a nuestras libres determinaciones, y a nuestros derechos como pueblos y comunidades ind\u00edgenas\u201d, expusieron en un comunicado.<\/p>\n<p style=\"text-align: justify;\">Las comunidades no han sido informadas, aseguraron, ni se han presentado los estudios de impacto ambiental ni el plan ni la ruta, a pesar de que el Gobierno ya anunci\u00f3 que para la obra que se pondr\u00e1 a consulta se emplear\u00e1n 120 mil millones de pesos de sus \u201cahorros\u201d, incluidos recursos de desaparecido Fondo de Promoci\u00f3n Tur\u00edstica.<\/p>\n<p style=\"text-align: justify;\">\u201cEl Presidente dice que este ser\u00e1 un proceso de di\u00e1logo abierto, directo y constructivo con las comunidades ind\u00edgenas, pero no puede haber di\u00e1logo abierto, directo y constructivo sin que tengamos la informaci\u00f3n necesaria sobre el proyecto\u201d.<\/p>\n<p style=\"text-align: justify;\">\u201cAnunci\u00f3 que ya existen algunos estudios de impacto, pero no los hemos visto, en la p\u00e1gina de internet no est\u00e1n. No sabemos el plan ni la ruta, todos los funcionarios nos dicen que no saben tampoco\u201d, expusieron entre otros colectivos, el Frente Peninsular por la Vida y la Selva, Culture Box Project, Kakuxtal Much Meyaj, Kanaantaal Sijnal, Frente Campesino en Defensa de la Tierra y la Vida, Red de Productores de Servicios Ambientales y la Escuela de Agricultura Ecol\u00f3gica U Yits Ka\u2019an. (Reforma)<\/p>\n","protected":false},"excerpt":{"rendered":"","protected":false},"author":6,"featured_media":21432,"comment_status":"open","ping_status":"open","sticky":false,"template":"","format":"standard","meta":{"_acf_changed":false,"_monsterinsights_skip_tracking":false,"slim_seo":{"title":"Acusan simulaci\u00f3n en consulta sobre \u2018Tren Maya\u2019 - Opini\u00f3n P\u00fablica","description":"Quintana Roo .- Organizaciones civiles de Campeche, Quintana Roo y Yucat\u00e1n rechazaron la consulta sobre el Tren Maya que el Gobierno federal anunci\u00f3 para el 14"},"footnotes":""},"categories":[9],"tags":[],"class_list":["post-21433","post","type-post","status-publish","format-standard","has-post-thumbnail","hentry","category-nacional"],"acf":[],"_links":{"self":[{"href":"https:\/\/www.opinionpublica.tv\/portada\/wp-json\/wp\/v2\/posts\/21433","targetHints":{"allow":["GET"]}}],"collection":[{"href":"https:\/\/www.opinionpublica.tv\/portada\/wp-json\/wp\/v2\/posts"}],"about":[{"href":"https:\/\/www.opinionpublica.tv\/portada\/wp-json\/wp\/v2\/types\/post"}],"author":[{"embeddable":true,"href":"https:\/\/www.opinionpublica.tv\/portada\/wp-json\/wp\/v2\/users\/6"}],"replies":[{"embeddable":true,"href":"https:\/\/www.opinionpublica.tv\/portada\/wp-json\/wp\/v2\/comments?post=21433"}],"version-history":[{"count":0,"href":"https:\/\/www.opinionpublica.tv\/portada\/wp-json\/wp\/v2\/posts\/21433\/revisions"}],"wp:featuredmedia":[{"embeddable":true,"href":"https:\/\/www.opinionpublica.tv\/portada\/wp-json\/wp\/v2\/media\/21432"}],"wp:attachment":[{"href":"https:\/\/www.opinionpublica.tv\/portada\/wp-json\/wp\/v2\/media?parent=21433"}],"wp:term":[{"taxonomy":"category","embeddable":true,"href":"https:\/\/www.opinionpublica.tv\/portada\/wp-json\/wp\/v2\/categories?post=21433"},{"taxonomy":"post_tag","embeddable":true,"href":"https:\/\/www.opinionpublica.tv\/portada\/wp-json\/wp\/v2\/tags?post=21433"}],"curies":[{"name":"wp","href":"https:\/\/api.w.org\/{rel}","templated":true}]}}