{"id":21409,"date":"2019-11-16T07:00:00","date_gmt":"2019-11-16T06:00:00","guid":{"rendered":"https:\/\/www.opinionpublica.tv\/portada\/2019\/11\/16\/convoca-morena-a-congreso-extraordinario-el-30-de-noviembre\/"},"modified":"2019-11-16T07:00:00","modified_gmt":"2019-11-16T06:00:00","slug":"convoca-morena-a-congreso-extraordinario-el-30-de-noviembre","status":"publish","type":"post","link":"https:\/\/www.opinionpublica.tv\/portada\/convoca-morena-a-congreso-extraordinario-el-30-de-noviembre\/","title":{"rendered":"Convoca Morena a Congreso extraordinario el 30 de noviembre"},"content":{"rendered":"<p><img fetchpriority=\"high\" decoding=\"async\" class=\" size-full wp-image-21408\" src=\"https:\/\/www.opinionpublica.tv\/portada\/wp-content\/uploads\/2019\/11\/96bb5fe95068128684be2bb4d6b7ac5a.jpg\" alt=\"\" class=\"caption\" title=\"El Congreso extraordinario \u00fanico de Morena ser\u00e1 el 30 de noviembre de 2019.\" width=\"1264\" height=\"711\" srcset=\"https:\/\/www.opinionpublica.tv\/portada\/wp-content\/uploads\/2019\/11\/96bb5fe95068128684be2bb4d6b7ac5a.jpg 1264w, https:\/\/www.opinionpublica.tv\/portada\/wp-content\/uploads\/2019\/11\/96bb5fe95068128684be2bb4d6b7ac5a-300x169.jpg 300w, https:\/\/www.opinionpublica.tv\/portada\/wp-content\/uploads\/2019\/11\/96bb5fe95068128684be2bb4d6b7ac5a-1024x576.jpg 1024w, https:\/\/www.opinionpublica.tv\/portada\/wp-content\/uploads\/2019\/11\/96bb5fe95068128684be2bb4d6b7ac5a-768x432.jpg 768w\" sizes=\"(max-width: 1264px) 100vw, 1264px\" \/><br \/>\n<!--more--><\/p>\n<p style=\"text-align: justify;\"><em>Ciudad de M\u00e9xico<\/em>.- Ser\u00e1 solamente uno el Congreso Nacional Extraordinario que Morena celebrar\u00e1 este mes despu\u00e9s del anuncio hecho este s\u00e1bado por\u00a0Yeidckol Polevnsky y Bertha Luj\u00e1n, dirigentes del Comit\u00e9 Ejecutivo Nacional y el Consejo Nacional del partido, respectivamente.<\/p>\n<p style=\"text-align: justify;\">Las dirigentes comunicaron, en compa\u00f1\u00eda de H\u00e9ctor D\u00edaz-Polanco, presidente de la Comisi\u00f3n Nacional de Honestidad y Justicia morenista, que este evento se realizar\u00e1\u00a0el pr\u00f3ximo s\u00e1bado 30 de noviembre, en la Ciudad de M\u00e9xico.<\/p>\n<p style=\"text-align: justify;\">\u00abHacemos un llamado a los consejeros y congresistas para que juntos podamos fortalecer al partido. Morena va para adelante\u00bb, dijo Luj\u00e1n en un video publicado en su cuenta de Twitter.<\/p>\n<p style=\"text-align: justify;\">Por otra parte, Polevnsky remarc\u00f3 la unidad de la formaci\u00f3n pol\u00edtica, a pesar de quienes quieren ver a Morena dividida.<\/p>\n<p style=\"text-align: justify;\">\u00abMorena est\u00e1 unida, Morena est\u00e1 fuerte, Morena es mucho m\u00e1s de los que quisieran vernos separados. Estamos juntos, nos ponemos de acuerdo y\u00a0tenemos una convicci\u00f3n f\u00e9rrea de sacar adelante a la Cuarta Transformaci\u00f3n del pa\u00eds\u00bb, declar\u00f3.<\/p>\n<p style=\"text-align: justify;\">El 10 de noviembre, el Comit\u00e9 Ejecutivo Nacional (CEN) de Morena emiti\u00f3 una convocatoria a Congreso Nacional, decisi\u00f3n con la que Polevnsky hubiera alargado su mandato en el partido.<\/p>\n<p style=\"text-align: justify;\">El congreso, que estaba programado para realizarse el 17 de noviembre, ten\u00eda la intenci\u00f3n de incluir en los estatutos del partido\u00a0la elecci\u00f3n por encuesta, se inform\u00f3 en conferencia de prensa.<\/p>\n<p style=\"text-align: justify;\">Polevnsky indic\u00f3 que los fundadores de Morena\u00a0ser\u00e1n reafiliados\u00a0y que se busca que el padr\u00f3n interno de Morena sea confiable e incluyente.<\/p>\n<p style=\"text-align: justify;\">Ese mismo d\u00eda, el Consejo Nacional de Morena, af\u00edn a Bertha Luj\u00e1n, quien funge como su presidenta, aval\u00f3 la realizaci\u00f3n de otro congreso, pero para el 24 de noviembre, con el objetivo de votar una dirigencia interina, lo que habr\u00eda dejado a Polevnsky fuera del cargo de presidenta.<\/p>\n<p style=\"text-align: justify;\">Esta dirigencia provisional ser\u00eda la responsable de conducir el proceso interno de elecci\u00f3n de liderazgos morenistas, luego de que el Tribunal Electoral del Poder Judicial de la Federaci\u00f3n (TEPJF) anul\u00f3 la elecci\u00f3n interna por irregularidades y orden\u00f3 reponer el proceso. (El Financiero)<\/p>\n","protected":false},"excerpt":{"rendered":"","protected":false},"author":6,"featured_media":21408,"comment_status":"open","ping_status":"open","sticky":false,"template":"","format":"standard","meta":{"_acf_changed":false,"_monsterinsights_skip_tracking":false,"slim_seo":{"title":"Convoca Morena a Congreso extraordinario el 30 de noviembre - Opini\u00f3n P\u00fablica","description":"Ciudad de M\u00e9xico .- Ser\u00e1 solamente uno el Congreso Nacional Extraordinario que Morena celebrar\u00e1 este mes despu\u00e9s del anuncio hecho este s\u00e1bado por\u00a0Yeidckol Pole"},"footnotes":""},"categories":[9],"tags":[],"class_list":["post-21409","post","type-post","status-publish","format-standard","has-post-thumbnail","hentry","category-nacional"],"acf":[],"_links":{"self":[{"href":"https:\/\/www.opinionpublica.tv\/portada\/wp-json\/wp\/v2\/posts\/21409","targetHints":{"allow":["GET"]}}],"collection":[{"href":"https:\/\/www.opinionpublica.tv\/portada\/wp-json\/wp\/v2\/posts"}],"about":[{"href":"https:\/\/www.opinionpublica.tv\/portada\/wp-json\/wp\/v2\/types\/post"}],"author":[{"embeddable":true,"href":"https:\/\/www.opinionpublica.tv\/portada\/wp-json\/wp\/v2\/users\/6"}],"replies":[{"embeddable":true,"href":"https:\/\/www.opinionpublica.tv\/portada\/wp-json\/wp\/v2\/comments?post=21409"}],"version-history":[{"count":0,"href":"https:\/\/www.opinionpublica.tv\/portada\/wp-json\/wp\/v2\/posts\/21409\/revisions"}],"wp:featuredmedia":[{"embeddable":true,"href":"https:\/\/www.opinionpublica.tv\/portada\/wp-json\/wp\/v2\/media\/21408"}],"wp:attachment":[{"href":"https:\/\/www.opinionpublica.tv\/portada\/wp-json\/wp\/v2\/media?parent=21409"}],"wp:term":[{"taxonomy":"category","embeddable":true,"href":"https:\/\/www.opinionpublica.tv\/portada\/wp-json\/wp\/v2\/categories?post=21409"},{"taxonomy":"post_tag","embeddable":true,"href":"https:\/\/www.opinionpublica.tv\/portada\/wp-json\/wp\/v2\/tags?post=21409"}],"curies":[{"name":"wp","href":"https:\/\/api.w.org\/{rel}","templated":true}]}}