{"id":21399,"date":"2019-11-16T07:00:00","date_gmt":"2019-11-16T06:00:00","guid":{"rendered":"https:\/\/www.opinionpublica.tv\/portada\/2019\/11\/16\/se-afianza-tendencia-de-alza-del-desempleo-en-mexico\/"},"modified":"2019-11-16T07:00:00","modified_gmt":"2019-11-16T06:00:00","slug":"se-afianza-tendencia-de-alza-del-desempleo-en-mexico","status":"publish","type":"post","link":"https:\/\/www.opinionpublica.tv\/portada\/se-afianza-tendencia-de-alza-del-desempleo-en-mexico\/","title":{"rendered":"Se afianza tendencia de alza del desempleo en M\u00e9xico"},"content":{"rendered":"<p><img fetchpriority=\"high\" decoding=\"async\" class=\" size-full wp-image-21398\" src=\"https:\/\/www.opinionpublica.tv\/portada\/wp-content\/uploads\/2019\/11\/7fca6b83ec715713006372dae3d837be.jpg\" alt=\"\" class=\"caption\" title=\"El desempleo sigue aumentando en varias regiones de M\u00e9xico.\" width=\"1200\" height=\"799\" srcset=\"https:\/\/www.opinionpublica.tv\/portada\/wp-content\/uploads\/2019\/11\/7fca6b83ec715713006372dae3d837be.jpg 1200w, https:\/\/www.opinionpublica.tv\/portada\/wp-content\/uploads\/2019\/11\/7fca6b83ec715713006372dae3d837be-300x200.jpg 300w, https:\/\/www.opinionpublica.tv\/portada\/wp-content\/uploads\/2019\/11\/7fca6b83ec715713006372dae3d837be-1024x682.jpg 1024w, https:\/\/www.opinionpublica.tv\/portada\/wp-content\/uploads\/2019\/11\/7fca6b83ec715713006372dae3d837be-768x511.jpg 768w\" sizes=\"(max-width: 1200px) 100vw, 1200px\" \/><br \/>\n<!--more--><\/p>\n<p style=\"text-align: justify;\"><em>Ciudad de M\u00e9xico<\/em>.- La debilidad de la econom\u00eda mexicana a lo largo del a\u00f1o pasa factura en el mercado laboral y el desempleo marca ya una tendencia al alza.<\/p>\n<p style=\"text-align: justify;\">Entre julio y septiembre pasados, la tasa de desocupaci\u00f3n en su medici\u00f3n desestacionalizada fue de 3.6% de la poblaci\u00f3n econ\u00f3micamente activa, cifra superior en 0.3 puntos porcentuales a la del mismo per\u00edodo del a\u00f1o pasado y 0.1 puntos porcentuales m\u00e1s que la del trimestre previo, de acuerdo con el reporte trimestral de la Encuesta Nacional de Ocupaci\u00f3n y Empleo divulgado por el Instituto Nacional de Estad\u00edstica y Geograf\u00eda (Inegi).<\/p>\n<p style=\"text-align: justify;\">Esta medida hil\u00f3 as\u00ed cuatro trimestres de alzas, y se aleja poco a poco del nivel de 3.2% del primer trimestre del 2018, que fue el m\u00e1s bajo en cuando menos los \u00faltimos 15 a\u00f1os. La aton\u00eda de la econom\u00eda mexicana ha hecho que sean cada vez m\u00e1s los mexicanos que al incorporarse a la fuerza laboral no puedan encontrar un empleo remunerado.<\/p>\n<p style=\"text-align: justify;\">Durante el tercer trimestre la poblaci\u00f3n econ\u00f3micamente activa (PEA) del pa\u00eds creci\u00f3 2.5% interanual, a 57 millones 349,577 mexicanos, lo que equivale a un incremento de 1 mill\u00f3n 387,302 personas. De \u00e9stas, s\u00f3lo 1 mill\u00f3n 173,942 pudieron encontrar un empleo, mientras que la diferencia, es decir, 213,360 personas, se sumaron a las filas de la desocupaci\u00f3n. A septiembre, el n\u00famero de mexicanos sin trabajo y en b\u00fasqueda de uno qued\u00f3 as\u00ed en 2 millones 147,638.<\/p>\n<p style=\"text-align: justify;\">En el tercer cuarto del a\u00f1o, la subida del desempleo coincide tambi\u00e9n con una menor actividad econ\u00f3mica en el pa\u00eds, pues seg\u00fan la estimaci\u00f3n del Inegi de finales de octubre pasado, el PIB nacional se contrajo 0.4% en t\u00e9rminos interanuales. En este per\u00edodo tambi\u00e9n se prolong\u00f3 la p\u00e9rdida de dinamismo en la generaci\u00f3n de empleo formal, que se ha observado desde agosto del 2018.<\/p>\n<p style=\"text-align: justify;\">Pero no s\u00f3lo el desempleo est\u00e1 en trayectoria de avance. Tambi\u00e9n lo est\u00e1 la precarizaci\u00f3n del empleo, cuyo despegue fue la constante del sexenio del expresidente Enrique Pe\u00f1a Nieto, y no se ha podido detener en el arranque del gobierno del presidente Andr\u00e9s Manuel L\u00f3pez Obrador.<\/p>\n<p style=\"text-align: justify;\">En el lapso de referencia, destaca que pr\u00e1cticamente uno de cada cinco trabajadores est\u00e1 contratado en condiciones que incluyen largas jornadas laborales, bajos salarios o jornadas insuficientes para generar mayores ingresos, lo que el Inegi llama condiciones cr\u00edticas.<\/p>\n<p style=\"text-align: justify;\">La tasa de condiciones cr\u00edticas de ocupaci\u00f3n \u201cincluye a las personas que se encuentran trabajando menos de 35 horas a la semana por razones ajenas a sus decisiones, m\u00e1s las que trabajan m\u00e1s de 35 horas semanales con ingresos mensuales inferiores al salario m\u00ednimo y las que laboran m\u00e1s de 48 horas semanales ganando hasta dos salarios m\u00ednimos\u201d, refiere el organismo.<\/p>\n<p style=\"text-align: justify;\">Esta m\u00e9trica fue de 19.5% de la poblaci\u00f3n ocupada entre julio y septiembre, con lo que marc\u00f3 r\u00e9cord e hil\u00f3 tres trimestres de avances. En la \u00faltima d\u00e9cada, esta medida toc\u00f3 su punto m\u00ednimo en el cuarto trimestre del 2011 y desde entonces ha subido reiteradamente.<\/p>\n<p style=\"text-align: justify;\">No se ha frenado precariedad<\/p>\n<p style=\"text-align: justify;\">Urge pacto para preservaci\u00f3n del empleo: IDIC<\/p>\n<p style=\"text-align: justify;\">Ni con la austeridad ni el gasto social asistencial el gobierno de la Cuarta Transformaci\u00f3n ha logrado detener la precarizaci\u00f3n del mercado laboral y, en cambio, el desempleo ha fomentado la informalidad, lament\u00f3 Jos\u00e9 Luis de la Cruz, director del Instituto para el Desarrollo Industrial y Crecimiento Econ\u00f3mico (IDIC).<\/p>\n<p style=\"text-align: justify;\">El gobierno de Andr\u00e9s Manuel L\u00f3pez Obrador no puede compensar la falla estructural del mercado laboral. As\u00ed que, de mantenerse esta tendencia, las condiciones de marginalidad en la ocupaci\u00f3n y el empleo terminar\u00e1n afectando al consumo privado y al crecimiento econ\u00f3mico, dijo. El especialista urgi\u00f3 a establecer un Acuerdo por la Preservaci\u00f3n del Empleo que incluya al gobierno, empresas, banca de desarrollo, academia, sindicatos y sociedad en general. (El Economista)<\/p>\n","protected":false},"excerpt":{"rendered":"","protected":false},"author":6,"featured_media":21398,"comment_status":"open","ping_status":"open","sticky":false,"template":"","format":"standard","meta":{"_acf_changed":false,"_monsterinsights_skip_tracking":false,"slim_seo":{"title":"Se afianza tendencia de alza del desempleo en M\u00e9xico - Opini\u00f3n P\u00fablica","description":"Ciudad de M\u00e9xico .- La debilidad de la econom\u00eda mexicana a lo largo del a\u00f1o pasa factura en el mercado laboral y el desempleo marca ya una tendencia al alza. En"},"footnotes":""},"categories":[9],"tags":[],"class_list":["post-21399","post","type-post","status-publish","format-standard","has-post-thumbnail","hentry","category-nacional"],"acf":[],"_links":{"self":[{"href":"https:\/\/www.opinionpublica.tv\/portada\/wp-json\/wp\/v2\/posts\/21399","targetHints":{"allow":["GET"]}}],"collection":[{"href":"https:\/\/www.opinionpublica.tv\/portada\/wp-json\/wp\/v2\/posts"}],"about":[{"href":"https:\/\/www.opinionpublica.tv\/portada\/wp-json\/wp\/v2\/types\/post"}],"author":[{"embeddable":true,"href":"https:\/\/www.opinionpublica.tv\/portada\/wp-json\/wp\/v2\/users\/6"}],"replies":[{"embeddable":true,"href":"https:\/\/www.opinionpublica.tv\/portada\/wp-json\/wp\/v2\/comments?post=21399"}],"version-history":[{"count":0,"href":"https:\/\/www.opinionpublica.tv\/portada\/wp-json\/wp\/v2\/posts\/21399\/revisions"}],"wp:featuredmedia":[{"embeddable":true,"href":"https:\/\/www.opinionpublica.tv\/portada\/wp-json\/wp\/v2\/media\/21398"}],"wp:attachment":[{"href":"https:\/\/www.opinionpublica.tv\/portada\/wp-json\/wp\/v2\/media?parent=21399"}],"wp:term":[{"taxonomy":"category","embeddable":true,"href":"https:\/\/www.opinionpublica.tv\/portada\/wp-json\/wp\/v2\/categories?post=21399"},{"taxonomy":"post_tag","embeddable":true,"href":"https:\/\/www.opinionpublica.tv\/portada\/wp-json\/wp\/v2\/tags?post=21399"}],"curies":[{"name":"wp","href":"https:\/\/api.w.org\/{rel}","templated":true}]}}