{"id":21343,"date":"2019-11-08T07:00:00","date_gmt":"2019-11-08T06:00:00","guid":{"rendered":"https:\/\/www.opinionpublica.tv\/portada\/2019\/11\/08\/armadoras-viven-su-peor-octubre-desde-que-se-tiene-registro\/"},"modified":"2019-11-08T07:00:00","modified_gmt":"2019-11-08T06:00:00","slug":"armadoras-viven-su-peor-octubre-desde-que-se-tiene-registro","status":"publish","type":"post","link":"https:\/\/www.opinionpublica.tv\/portada\/armadoras-viven-su-peor-octubre-desde-que-se-tiene-registro\/","title":{"rendered":"Armadoras viven su peor octubre desde que se tiene registro"},"content":{"rendered":"<p><img fetchpriority=\"high\" decoding=\"async\" class=\" size-full wp-image-21342\" src=\"https:\/\/www.opinionpublica.tv\/portada\/wp-content\/uploads\/2019\/11\/ea727a5adcb2a235f67f014121c4bcd0.jpg\" alt=\"\" class=\"caption\" title=\"La inminente recesi\u00f3n econ\u00f3mica es cada vez m\u00e1s evidente en M\u00e9xico.\" width=\"680\" height=\"510\" srcset=\"https:\/\/www.opinionpublica.tv\/portada\/wp-content\/uploads\/2019\/11\/ea727a5adcb2a235f67f014121c4bcd0.jpg 680w, https:\/\/www.opinionpublica.tv\/portada\/wp-content\/uploads\/2019\/11\/ea727a5adcb2a235f67f014121c4bcd0-300x225.jpg 300w\" sizes=\"(max-width: 680px) 100vw, 680px\" \/><br \/>\n<!--more--><\/p>\n<p style=\"text-align: justify;\"><em>Ciudad de M\u00e9xico<\/em>.- Ford y General Motors tiraron la producci\u00f3n y la exportaci\u00f3n de veh\u00edculos nuevos durante octubre pasado, al registrar la ca\u00edda m\u00e1s pronunciada para un d\u00e9cimo mes en la historia de la industria automotriz desde el 1989.<\/p>\n<p style=\"text-align: justify;\">El Instituto Nacional de Estad\u00edstica y Geograf\u00eda\u00a0 report\u00f3 que las armadoras de autos en M\u00e9xico ensamblaron 311,150 unidades en octubre del 2019, lo que significa una disminuci\u00f3n de 16.3% contra el mismo mes del 2018, en donde Ford no produjo ni un veh\u00edculo y General Motors cay\u00f3 30% tras el paro t\u00e9cnico por la falta de componentes provenientes de las f\u00e1bricas de Estados Unidos (EU) que se mantuvieron en huelga laboral y que oblig\u00f3 a frenar la operaci\u00f3n de dos plantas (Silao en Guanajuato y Ramos Arizpe en Coahuila).<\/p>\n<p style=\"text-align: justify;\">Ford inform\u00f3 que la nula producci\u00f3n de veh\u00edculos es parte del cambio de plataforma en sus plantas, que pasar\u00e1n de manufactura de autos de combustible a sistema el\u00e9ctrico.<\/p>\n<p style=\"text-align: justify;\">Eduardo Sol\u00eds, presidente de la Asociaci\u00f3n Mexicana de la Industria Automotriz (AMIA), calific\u00f3 como inusual la \u201cenorme\u201d ca\u00edda en la producci\u00f3n, vinculada con paros t\u00e9cnicos de cambios de plataforma, en el que, incluso, una marca (Ford) no produjo nada por el cambio de modelo. De acuerdo con fuentes de la industria, el Ford Fusi\u00f3n seguir\u00e1 produci\u00e9ndose en las plantas de M\u00e9xico en menor medida, aunque el cambio de plataforma se dar\u00e1 hacia el ensamble de un SUV el\u00e9ctrico.<\/p>\n<p style=\"text-align: justify;\">Para ello, la planta de Ford en Hermosillo, Sonora, realiza paro t\u00e9cnico para dicho ajuste y la de Cuautitl\u00e1n, Estado de M\u00e9xico, un tooling (ajuste o cambio de maquinaria para los el\u00e9ctricos), donde los trabajadores participan. Cabe resaltar que este proceso puede durar hasta nueve meses.<\/p>\n<p style=\"text-align: justify;\">A pesar de que dos de las grandes automotrices estadounidenses redujeron considerablemente su producci\u00f3n, tambi\u00e9n Volkswagen cay\u00f3 22.3%, Nissan 13.1% como parte de la transici\u00f3n a nuevas generaciones en varios de sus modelos, ente ellos el Versa. El caso de Kia llam\u00f3 la atenci\u00f3n, pues a pesar de la ca\u00edda en ventas de autos y exportaci\u00f3n de la industria, en general, dicha marca manten\u00eda su dinamismo en meses pasados y en esta ocasi\u00f3n baj\u00f3 su fabricaci\u00f3n en 13.2%; mientras que Mazda disminuy\u00f3 su ensamble en 11.8% como parte, tambi\u00e9n, por la llegada del Mazda 3 renovado.<\/p>\n<p style=\"text-align: justify;\">\u201cFue la tormenta perfecta porque tenemos paros t\u00e9cnicos, afect\u00f3 la huelga en EU y se reducen las ventas internas. El efecto es la ca\u00edda en producci\u00f3n, dando la baja de 2.6% en el acumulado enero a octubre. Quiero destacar que esta ca\u00edda no marcar\u00e1 tendencia\u201d, afirm\u00f3 Eduardo Sol\u00eds.<\/p>\n<p style=\"text-align: justify;\">Con ox\u00edgeno<\/p>\n<p style=\"text-align: justify;\">En cambio, la producci\u00f3n de Honda aument\u00f3 330% en octubre pasado, como parte de su recuperaci\u00f3n en el ensamble, tras haber sido afectada su planta en Celaya por una situaci\u00f3n de desastre natural que la oblig\u00f3 al cierre total. Toyota creci\u00f3 2.1% su ensamble en el d\u00e9cimo mes y se encuentra a d\u00edas de iniciar operaciones en su planta de Guanajuato. En cambio, Audi tambi\u00e9n aument\u00f3 su producci\u00f3n en 3.7 por ciento. Mientras BMW no entreg\u00f3 el reporte de producci\u00f3n.<\/p>\n<p style=\"text-align: justify;\">EU con menor demanda<\/p>\n<p style=\"text-align: justify;\">La exportaci\u00f3n de autom\u00f3viles cay\u00f3 19.5% interanual a 252,292 unidades. Ford disminuy\u00f3 sus env\u00edos en 94%, seguido por General Motors en 31.7%, Mazda con 52.3% y Volkswagen con 33%, tambi\u00e9n Kia con 19% y Nissan con 8.8 por ciento.<\/p>\n<p style=\"text-align: justify;\">El presidente de la AMIA precis\u00f3 que todos los destinos de exportaci\u00f3n se cayeron en octubre; sin embargo, el caso de EU destac\u00f3 porque la disminuci\u00f3n fue de 18.6%, considerado como \u201cun retroceso importante\u201d, impactado por la menor participaci\u00f3n de las dos armadoras estadounidenses (Ford y General Motors).<\/p>\n<p style=\"text-align: justify;\">No obstante, dos marcas aumentaron su exportaci\u00f3n: Audi con 119% en octubre pasado y Honda con 280 por ciento. La industria automotriz ha producido 3 millones 242,476 unidades de enero a octubre, lo que significa una baja de 2.5% contra el 2018; en cambio, la exportaci\u00f3n registr\u00f3 2 millones 836,063 autos con una baja de 1.67%, comparado con el mismo lapso del a\u00f1o previo. (El Economista)<\/p>\n","protected":false},"excerpt":{"rendered":"","protected":false},"author":6,"featured_media":21342,"comment_status":"open","ping_status":"open","sticky":false,"template":"","format":"standard","meta":{"_acf_changed":false,"_monsterinsights_skip_tracking":false,"slim_seo":{"title":"Armadoras viven su peor octubre desde que se tiene registro - Opini\u00f3n P\u00fablica","description":"Ciudad de M\u00e9xico .- Ford y General Motors tiraron la producci\u00f3n y la exportaci\u00f3n de veh\u00edculos nuevos durante octubre pasado, al registrar la ca\u00edda m\u00e1s pronuncia"},"footnotes":""},"categories":[9],"tags":[],"class_list":["post-21343","post","type-post","status-publish","format-standard","has-post-thumbnail","hentry","category-nacional"],"acf":[],"_links":{"self":[{"href":"https:\/\/www.opinionpublica.tv\/portada\/wp-json\/wp\/v2\/posts\/21343","targetHints":{"allow":["GET"]}}],"collection":[{"href":"https:\/\/www.opinionpublica.tv\/portada\/wp-json\/wp\/v2\/posts"}],"about":[{"href":"https:\/\/www.opinionpublica.tv\/portada\/wp-json\/wp\/v2\/types\/post"}],"author":[{"embeddable":true,"href":"https:\/\/www.opinionpublica.tv\/portada\/wp-json\/wp\/v2\/users\/6"}],"replies":[{"embeddable":true,"href":"https:\/\/www.opinionpublica.tv\/portada\/wp-json\/wp\/v2\/comments?post=21343"}],"version-history":[{"count":0,"href":"https:\/\/www.opinionpublica.tv\/portada\/wp-json\/wp\/v2\/posts\/21343\/revisions"}],"wp:featuredmedia":[{"embeddable":true,"href":"https:\/\/www.opinionpublica.tv\/portada\/wp-json\/wp\/v2\/media\/21342"}],"wp:attachment":[{"href":"https:\/\/www.opinionpublica.tv\/portada\/wp-json\/wp\/v2\/media?parent=21343"}],"wp:term":[{"taxonomy":"category","embeddable":true,"href":"https:\/\/www.opinionpublica.tv\/portada\/wp-json\/wp\/v2\/categories?post=21343"},{"taxonomy":"post_tag","embeddable":true,"href":"https:\/\/www.opinionpublica.tv\/portada\/wp-json\/wp\/v2\/tags?post=21343"}],"curies":[{"name":"wp","href":"https:\/\/api.w.org\/{rel}","templated":true}]}}